{"id":30736,"date":"2024-02-05T11:23:59","date_gmt":"2024-02-05T11:23:59","guid":{"rendered":"https:\/\/dekkbi.com\/?p=30736"},"modified":"2024-02-05T11:24:00","modified_gmt":"2024-02-05T11:24:00","slug":"le-premier-ministre-gabriel-attal-en-allemagne-pour-son-premier-deplacement-a-letranger","status":"publish","type":"post","link":"https:\/\/dekkbi.com\/?p=30736","title":{"rendered":"Le Premier ministre Gabriel Attal en Allemagne pour son premier d\u00e9placement \u00e0 l&rsquo;\u00e9tranger"},"content":{"rendered":"\n<p>Le Premier ministre fran\u00e7ais Gabriel Attal se rend \u00e0 Berlin ce lundi 5 f\u00e9vrier 2024. Il y effectue son premier d\u00e9placement \u00e0 l\u2019\u00e9tranger pour un d\u00eener de travail avec le chancelier Olaf Scholz alors que les points de d\u00e9saccord entre les deux pays sont nombreux.<\/p>\n\n\n\n<p>Le d\u00e9bat sur la motion de censure contre le gouvernement devait avoir lieu ce lundi soir \u00e0 l&rsquo;Assembl\u00e9e nationale. Mais l&rsquo;horaire a \u00e9t\u00e9 modifi\u00e9 pour permettre \u00e0\u00a0<strong>Gabriel Attal<\/strong>\u00a0d&rsquo;honorer son rendez-vous \u00e0 Berlin en fin de journ\u00e9e. C&rsquo;est en effet dans la capitale allemande que le Premier ministre a voulu organiser son premier d\u00e9placement \u00e0 l\u2019\u00e9tranger. Une tradition qui va lui permettre d&rsquo;affirmer son engagement europ\u00e9en.<\/p>\n\n\n\n<p>Apr\u00e8s un discours devant la communaut\u00e9 fran\u00e7aise \u00e0 la r\u00e9sidence de l&rsquo;ambassade de France, le chef du gouvernement sera re\u00e7u avec les honneurs militaires \u00e0 18h \u00e0 la chancellerie allemande, avant un entretien avec\u00a0<strong>Olaf Scholz<\/strong>. Cet entretien portera sur l&rsquo;ensemble des sujets \u00ab<em>\u00a0bilat\u00e9raux, europ\u00e9ens et internationaux ainsi que des questions de politique \u00e9conomique<\/em>\u00a0\u00bb, a pr\u00e9cis\u00e9 vendredi 2 f\u00e9vrier le porte-parole du chancelier. Les deux responsables tiendront ensuite une conf\u00e9rence de presse commune, puis d\u00eeneront \u00e0 la chancellerie.<\/p>\n\n\n\n<p>Le pr\u00e9sident fran\u00e7ais Emmanuel Macron s&rsquo;est r\u00e9cemment rendu \u00e0 Berlin, le 22 janvier, o\u00f9 il avait lou\u00e9 l&rsquo;engagement pour l&rsquo;amiti\u00e9 franco-allemande de l&rsquo;ancien ministre des Finances Wolfgang Sch\u00e4uble, dans un discours essentiellement en allemand prononc\u00e9 lors d&rsquo;un hommage national au Bundestag.<\/p>\n\n\n\n<h2 class=\"wp-block-heading\">De nombreux sujets de d\u00e9saccords entre les deux pays<\/h2>\n\n\n\n<p>Pourtant, les relations franco-allemandes ne sont pas au plus fort, pointe notre correspondante \u00e0 Berlin,\u00a0<strong>Nathalie Versieux<\/strong>. En octobre 2023 d\u00e9j\u00e0, Olaf Scholz et Emmanuel Macron\u00a0<strong>l\u2019avaient conc\u00e9d\u00e9<\/strong>, \u00e0 l\u2019occasion d\u2019un s\u00e9minaire de travail. Les deux pays \u2013 dont les mod\u00e8les \u00e9nerg\u00e9tiques sont diam\u00e9tralement oppos\u00e9s \u2013 se disputaient notamment sur le dossier du march\u00e9 de l\u2019\u00e9lectricit\u00e9.<\/p>\n\n\n\n<p>Les tensions portent aussi sur d\u2019autres domaines, comme l\u2019Europe de la d\u00e9fense ou encore le soutien \u00e0 l\u2019Ukraine. L\u2019Allemagne, second soutien \u00e0 Kiev derri\u00e8re les \u00c9tats-Unis, aimerait que Paris fournisse davantage d\u2019armes au pays agress\u00e9 par la Russie.\u00a0\u00ab<em>\u00a0On fait face \u00e0 une guerre en Ukraine, et cela exacerbe les clivages entre la France et l&rsquo;Allemagne pour ce qui est de la politique de la d\u00e9fense, de la politique \u00e9nerg\u00e9tique, mais \u00e9galement de la politique \u00e9conomique et commerciale\u00a0<\/em>\u00bb,\u00a0explique Marie Krpata, chercheuse sp\u00e9cialis\u00e9e \u00e0 l&rsquo;Institut fran\u00e7ais des relations internationales.<\/p>\n\n\n\n<p>Explications de Marie Krpata sur les d\u00e9saccords entre France et Allemagne sur le dossier Bouclier du ciel europ\u00e9enJelena Tomic<\/p>\n\n\n\n<p>Le projet d\u2019accord commercial avec l\u2019Am\u00e9rique latine et le Mercosur oppose aussi Paris et Berlin. Un sujet qui devrait \u00eatre discut\u00e9, car il est d\u00e9cri\u00e9 par les agriculteurs qui ont montr\u00e9 leur col\u00e8re dans les deux pays.&nbsp;Malgr\u00e9 ces manifestations, l&rsquo;Allemagne n&rsquo;a pas chang\u00e9 de position sur le projet d&rsquo;accord commercial controvers\u00e9. \u00ab<em>&nbsp;Je suis un partisan des accords de libre-\u00e9change, y compris de l&rsquo;accord sur le Mercosur&nbsp;<\/em>\u00bb, a encore affirm\u00e9 jeudi Olaf Scholz, quand Emmanuel Macron se f\u00e9licitait d&rsquo;avoir fait en sorte que ce projet d&rsquo;accord n&rsquo;ait pas \u00ab<em>&nbsp;\u00e9t\u00e9 conclu \u00e0 la va-vite&nbsp;<\/em>\u00bb, \u00ab<em>&nbsp;parce qu&rsquo;on a montr\u00e9 des incoh\u00e9rences&nbsp;<\/em>\u00bb.<\/p>\n\n\n\n<p>En Allemagne, o\u00f9 le jeune \u00e2ge est plus synonyme d\u2019inexp\u00e9rience que de dynamisme,\u00a0<strong>le choix de Gabriel Attal<\/strong>\u00a0avait surpris la classe politique, comme l\u2019admettait le porte-parole du gouvernement au lendemain de la nomination du successeur d\u2019\u00c9lisabeth Borne.<\/p>\n\n\n\n<p>(<em>Et avec<\/em>\u00a0AFP)<\/p>\n","protected":false},"excerpt":{"rendered":"<p>Le Premier ministre fran\u00e7ais Gabriel Attal se rend \u00e0 Berlin ce lundi 5 f\u00e9vrier 2024. Il y effectue son premier<\/p>\n","protected":false},"author":1,"featured_media":29127,"comment_status":"open","ping_status":"open","sticky":false,"template":"","format":"standard","meta":{"footnotes":""},"categories":[51],"tags":[],"class_list":["post-30736","post","type-post","status-publish","format-standard","has-post-thumbnail","hentry","category-general"],"_links":{"self":[{"href":"https:\/\/dekkbi.com\/index.php?rest_route=\/wp\/v2\/posts\/30736","targetHints":{"allow":["GET"]}}],"collection":[{"href":"https:\/\/dekkbi.com\/index.php?rest_route=\/wp\/v2\/posts"}],"about":[{"href":"https:\/\/dekkbi.com\/index.php?rest_route=\/wp\/v2\/types\/post"}],"author":[{"embeddable":true,"href":"https:\/\/dekkbi.com\/index.php?rest_route=\/wp\/v2\/users\/1"}],"replies":[{"embeddable":true,"href":"https:\/\/dekkbi.com\/index.php?rest_route=%2Fwp%2Fv2%2Fcomments&post=30736"}],"version-history":[{"count":1,"href":"https:\/\/dekkbi.com\/index.php?rest_route=\/wp\/v2\/posts\/30736\/revisions"}],"predecessor-version":[{"id":30737,"href":"https:\/\/dekkbi.com\/index.php?rest_route=\/wp\/v2\/posts\/30736\/revisions\/30737"}],"wp:featuredmedia":[{"embeddable":true,"href":"https:\/\/dekkbi.com\/index.php?rest_route=\/wp\/v2\/media\/29127"}],"wp:attachment":[{"href":"https:\/\/dekkbi.com\/index.php?rest_route=%2Fwp%2Fv2%2Fmedia&parent=30736"}],"wp:term":[{"taxonomy":"category","embeddable":true,"href":"https:\/\/dekkbi.com\/index.php?rest_route=%2Fwp%2Fv2%2Fcategories&post=30736"},{"taxonomy":"post_tag","embeddable":true,"href":"https:\/\/dekkbi.com\/index.php?rest_route=%2Fwp%2Fv2%2Ftags&post=30736"}],"curies":[{"name":"wp","href":"https:\/\/api.w.org\/{rel}","templated":true}]}}