{"id":30695,"date":"2024-02-05T10:00:29","date_gmt":"2024-02-05T10:00:29","guid":{"rendered":"https:\/\/dekkbi.com\/?p=30695"},"modified":"2024-02-05T10:00:49","modified_gmt":"2024-02-05T10:00:49","slug":"la-commission-des-lois-valide-la-proposition-de-prolonger-de-6-mois-le-mandat-du-president","status":"publish","type":"post","link":"https:\/\/dekkbi.com\/?p=30695","title":{"rendered":"La Commission des lois valide la proposition de prolonger de 6 mois le mandat du Pr\u00e9sident"},"content":{"rendered":"\n<p>Si la pl\u00e9ni\u00e8re va dans le sens indiqu\u00e9, hier, par les membres de la Commission des lois, l\u2019Assembl\u00e9e nationale devrait approuver par un vote majoritaire, aujourd\u2019hui, la proposition de loi du Groupe parlementaire Libert\u00e9, d\u00e9mocratie et changement, qui milite pour une prolongation de six mois du mandat du Pr\u00e9sident Macky Sall.<\/p>\n\n\n\n<p>Au Parlement, on est depuis hier \u00e0 un niveau non n\u00e9gligeable par rapport au report de la Pr\u00e9sidentielle. La r\u00e9union de la Commission des lois, hier, a accouch\u00e9 d\u2019une proposition de prolongation de six mois du mandat du pr\u00e9sident de la R\u00e9publique, Macky Sall.<\/p>\n\n\n\n<p>La proposition de loi du Pds a \u00e9t\u00e9 vot\u00e9e par 22 voix favorables au report de la Pr\u00e9sidentielle, issues des d\u00e9put\u00e9s membres des groupes parlementaires Bby et Libert\u00e9, d\u00e9mocratie et changement. Dans sa proposition de loi relative \u00e0 ce report, le Groupe Libert\u00e9, d\u00e9mocratie et changement avait propos\u00e9 d\u2019arr\u00eater la nouvelle date au 25 ao\u00fbt 2024.<\/p>\n\n\n\n<p>La s\u00e9ance pl\u00e9ni\u00e8re convoqu\u00e9e pour l\u2019examen et le vote de cette initiative parlementaire, aujourd\u2019hui, permettront d\u2019\u00e9difier les uns et les autres sur les tenants et aboutissants de cette loi en gestation.<\/p>\n","protected":false},"excerpt":{"rendered":"<p>Si la pl\u00e9ni\u00e8re va dans le sens indiqu\u00e9, hier, par les membres de la Commission des lois, l\u2019Assembl\u00e9e nationale devrait<\/p>\n","protected":false},"author":1,"featured_media":22791,"comment_status":"open","ping_status":"open","sticky":false,"template":"","format":"standard","meta":{"footnotes":""},"categories":[6],"tags":[],"class_list":["post-30695","post","type-post","status-publish","format-standard","has-post-thumbnail","hentry","category-politics"],"_links":{"self":[{"href":"https:\/\/dekkbi.com\/index.php?rest_route=\/wp\/v2\/posts\/30695","targetHints":{"allow":["GET"]}}],"collection":[{"href":"https:\/\/dekkbi.com\/index.php?rest_route=\/wp\/v2\/posts"}],"about":[{"href":"https:\/\/dekkbi.com\/index.php?rest_route=\/wp\/v2\/types\/post"}],"author":[{"embeddable":true,"href":"https:\/\/dekkbi.com\/index.php?rest_route=\/wp\/v2\/users\/1"}],"replies":[{"embeddable":true,"href":"https:\/\/dekkbi.com\/index.php?rest_route=%2Fwp%2Fv2%2Fcomments&post=30695"}],"version-history":[{"count":1,"href":"https:\/\/dekkbi.com\/index.php?rest_route=\/wp\/v2\/posts\/30695\/revisions"}],"predecessor-version":[{"id":30696,"href":"https:\/\/dekkbi.com\/index.php?rest_route=\/wp\/v2\/posts\/30695\/revisions\/30696"}],"wp:featuredmedia":[{"embeddable":true,"href":"https:\/\/dekkbi.com\/index.php?rest_route=\/wp\/v2\/media\/22791"}],"wp:attachment":[{"href":"https:\/\/dekkbi.com\/index.php?rest_route=%2Fwp%2Fv2%2Fmedia&parent=30695"}],"wp:term":[{"taxonomy":"category","embeddable":true,"href":"https:\/\/dekkbi.com\/index.php?rest_route=%2Fwp%2Fv2%2Fcategories&post=30695"},{"taxonomy":"post_tag","embeddable":true,"href":"https:\/\/dekkbi.com\/index.php?rest_route=%2Fwp%2Fv2%2Ftags&post=30695"}],"curies":[{"name":"wp","href":"https:\/\/api.w.org\/{rel}","templated":true}]}}