{"id":30693,"date":"2024-02-05T09:57:41","date_gmt":"2024-02-05T09:57:41","guid":{"rendered":"https:\/\/dekkbi.com\/?p=30693"},"modified":"2024-02-05T09:58:08","modified_gmt":"2024-02-05T09:58:08","slug":"annulation-de-la-presidentielle-du-25-fevrier-le-sall-coup-de-force","status":"publish","type":"post","link":"https:\/\/dekkbi.com\/?p=30693","title":{"rendered":"Annulation de la Pr\u00e9sidentielle du 25 f\u00e9vrier : LE SALL COUP DE FORCE"},"content":{"rendered":"\n<p><strong>Les citoyens s\u00e9n\u00e9galais devaient se rendre aux urnes le&nbsp;25 f\u00e9vrier&nbsp;prochain pour choisir leur 5\u00e8me pr\u00e9sident de la R\u00e9publique, \u00e7a ne sera pas le cas. Alors que tout \u00e9tait au point pour le d\u00e9marrage de la campagne \u00e9lectorale, le pr\u00e9sident de la R\u00e9publique, Macky Sall, a lors d\u2019une adresse \u00e0 la Nation, ce samedi, d\u00e9cid\u00e9 d\u2019arr\u00eater le processus \u00e9lectoral en signant \u00able d\u00e9cret n\u00b02024-106&nbsp;du 3 f\u00e9vrier 2024 abrogeant le d\u00e9cret n\u00b02023-2283&nbsp;du 29 novembre 2023 portant convocation du corps \u00e9lectoral\u00bb. Macky Sall justifie son acte par une crise entre l\u2019Assembl\u00e9e nationale et le Conseil constitutionnel.<\/strong><\/p>\n\n\n\n<p><strong>Par Dieynaba KANE \u2013&nbsp;<\/strong>C\u2019est une situation in\u00e9dite. Pour la premi\u00e8re fois dans l\u2019histoire politique du pays, la Pr\u00e9sidentielle ne va pas se tenir \u00e0 date \u00e9chue. Alors que la campagne \u00e9lectorale devait d\u00e9marrer ce dimanche et la Pr\u00e9sidentielle se tenir le 25 f\u00e9vrier, Macky Sall a pris une d\u00e9cision qui arr\u00eate tout le processus \u00e9lectoral. En effet, dans une adresse \u00e0 la Nation, le chef de l\u2019Etat a sign\u00e9 \u00able d\u00e9cret n\u00b02024-106 du 3 f\u00e9vrier 2024 abrogeant le d\u00e9cret n\u00b02023-2283 du 29 novembre 2023 portant convocation du corps \u00e9lectoral\u00bb. Macky Sall a, lors de son allocution, justifi\u00e9 son attitude. Il dit : \u00abAlors que s\u2019annonce l\u2019\u00e9lection pr\u00e9sidentielle du 25 f\u00e9vrier 2024, notre pays est confront\u00e9, depuis quelques jours, \u00e0 un diff\u00e9rend entre l\u2019Assembl\u00e9e nationale et le Conseil constitutionnel, en conflit ouvert sur fond d\u2019une suppos\u00e9e affaire de corruption de juges.\u00bb<\/p>\n\n\n\n<p>Poursuivant ses propos, M. Sall soutient que \u00abl\u2019Assembl\u00e9e, se fondant sur ses pr\u00e9rogatives, a d\u00e9cid\u00e9, par R\u00e9solution en date du 31 janvier 2024, de mettre en place une Commission d\u2019enqu\u00eate parlementaire pour \u00e9clairer sur le processus de v\u00e9rification des candidatures et sur tout autre fait se rapportant \u00e0 l\u2019\u00e9lection\u00bb. Dans la m\u00eame dynamique, il rappelle que le Conseil constitutionnel, dans \u00abson communiqu\u00e9 du 29 janvier 2024 sign\u00e9 par tous ses membres, a r\u00e9fut\u00e9 les all\u00e9gations port\u00e9es contre lui, tout en&nbsp;prenant la mesure de la gravit\u00e9 des accusations, et en tenant \u00e0 ce&nbsp;que toute la lumi\u00e8re soit faite dans le respect des proc\u00e9dures constitutionnelles et l\u00e9gales r\u00e9gissant les relations entre les institutions, notamment la s\u00e9paration des pouvoirs et le statut de ses membres\u00bb.&nbsp;Selon Macky Sall, \u00ab\u00e0 cette situation suffisamment grave et confuse, est venue s\u2019ajouter la pol\u00e9mique sur une candidate dont la binationalit\u00e9 a \u00e9t\u00e9 d\u00e9couverte apr\u00e8s la publication de la liste d\u00e9finitive des candidats par le Conseil constitutionnel\u00bb. Ce qui, tient-il \u00e0 pr\u00e9ciser, \u00abconstitue une violation de l\u2019article 28 de la Constitution, qui dispose que&nbsp;\u00abtout candidat \u00e0 la pr\u00e9sidence de la R\u00e9publique doit \u00eatre exclusivement de nationalit\u00e9 s\u00e9n\u00e9galaise\u00bb\u00bb. Analysant la situation, le pr\u00e9sident de la R\u00e9publique, qui devait normalement terminer son mandat le 2 avril prochain, estime que \u00abces conditions troubles pourraient gravement nuire \u00e0 la cr\u00e9dibilit\u00e9 du scrutin en installant les germes d\u2019un contentieux pr\u00e9 et post\u00e9lectoral\u00bb.<\/p>\n\n\n\n<p>Toujours dans la posture de justifier sa d\u00e9cision, M. Sall fait remarquer que le pays, qui \u00abporte encore les stigmates des violentes manifestations de mars 2021 et de juin 2023, ne peut pas se permettre une nouvelle crise\u00bb. En outre, il a d\u00e9clar\u00e9 qu\u2019en sa \u00abqualit\u00e9 de pr\u00e9sident de la R\u00e9publique, garant du fonctionnement r\u00e9gulier des Institutions, et respectueux de la s\u00e9paration des pouvoirs\u00bb, il ne saurait \u00abintervenir dans le conflit opposant le pouvoir l\u00e9gislatif et le pouvoir judiciaire\u00bb. Et de pr\u00e9ciser : \u00abDevant cette situation, l\u2019Assembl\u00e9e nationale, agissant en vertu de ses pr\u00e9rogatives, m\u2019a saisi, pour avis, conform\u00e9ment \u00e0 son R\u00e8glement int\u00e9rieur, d\u2019une proposition de loi constitutionnelle en proc\u00e9dure d\u2019urgence portant d\u00e9rogation aux dispositions de l\u2019article 31 de la Constitution.<\/p>\n\n\n\n<p>J\u2019ai pris acte de cette saisine apr\u00e8s avoir consult\u00e9 le pr\u00e9sident de l\u2019Assembl\u00e9e nationale, le Premier ministre, la pr\u00e9sidente du Haut-conseil des collectivit\u00e9s territoriales, le pr\u00e9sident du Conseil \u00e9conomique, social et environnemental, et le pr\u00e9sident du Conseil constitutionnel.\u00bb Si le report de l\u2019\u00e9lection est act\u00e9 avec cette d\u00e9cision, le pr\u00e9sident de la R\u00e9publique n\u2019a pas donn\u00e9 de date pour la tenue de la Pr\u00e9sidentielle. Macky Sall a cependant annonc\u00e9 \u00abun dialogue national ouvert, afin de r\u00e9unir les conditions d\u2019une \u00e9lection libre, transparente et inclusive dans un S\u00e9n\u00e9gal apais\u00e9 et r\u00e9concili\u00e9\u00bb.<\/p>\n\n\n\n<p>Par la m\u00eame occasion, il a r\u00e9it\u00e9r\u00e9 son engagement de ne pas se pr\u00e9senter \u00e0 l\u2019\u00e9lection pr\u00e9sidentielle.<br><strong>dkane@lequotidien.sn<\/strong><\/p>\n","protected":false},"excerpt":{"rendered":"<p>Les citoyens s\u00e9n\u00e9galais devaient se rendre aux urnes le&nbsp;25 f\u00e9vrier&nbsp;prochain pour choisir leur 5\u00e8me pr\u00e9sident de la R\u00e9publique, \u00e7a ne<\/p>\n","protected":false},"author":1,"featured_media":13935,"comment_status":"open","ping_status":"open","sticky":false,"template":"","format":"standard","meta":{"footnotes":""},"categories":[6],"tags":[],"class_list":["post-30693","post","type-post","status-publish","format-standard","has-post-thumbnail","hentry","category-politics"],"_links":{"self":[{"href":"https:\/\/dekkbi.com\/index.php?rest_route=\/wp\/v2\/posts\/30693","targetHints":{"allow":["GET"]}}],"collection":[{"href":"https:\/\/dekkbi.com\/index.php?rest_route=\/wp\/v2\/posts"}],"about":[{"href":"https:\/\/dekkbi.com\/index.php?rest_route=\/wp\/v2\/types\/post"}],"author":[{"embeddable":true,"href":"https:\/\/dekkbi.com\/index.php?rest_route=\/wp\/v2\/users\/1"}],"replies":[{"embeddable":true,"href":"https:\/\/dekkbi.com\/index.php?rest_route=%2Fwp%2Fv2%2Fcomments&post=30693"}],"version-history":[{"count":1,"href":"https:\/\/dekkbi.com\/index.php?rest_route=\/wp\/v2\/posts\/30693\/revisions"}],"predecessor-version":[{"id":30694,"href":"https:\/\/dekkbi.com\/index.php?rest_route=\/wp\/v2\/posts\/30693\/revisions\/30694"}],"wp:featuredmedia":[{"embeddable":true,"href":"https:\/\/dekkbi.com\/index.php?rest_route=\/wp\/v2\/media\/13935"}],"wp:attachment":[{"href":"https:\/\/dekkbi.com\/index.php?rest_route=%2Fwp%2Fv2%2Fmedia&parent=30693"}],"wp:term":[{"taxonomy":"category","embeddable":true,"href":"https:\/\/dekkbi.com\/index.php?rest_route=%2Fwp%2Fv2%2Fcategories&post=30693"},{"taxonomy":"post_tag","embeddable":true,"href":"https:\/\/dekkbi.com\/index.php?rest_route=%2Fwp%2Fv2%2Ftags&post=30693"}],"curies":[{"name":"wp","href":"https:\/\/api.w.org\/{rel}","templated":true}]}}