{"id":30688,"date":"2024-02-05T09:47:38","date_gmt":"2024-02-05T09:47:38","guid":{"rendered":"https:\/\/dekkbi.com\/?p=30688"},"modified":"2024-02-05T09:47:39","modified_gmt":"2024-02-05T09:47:39","slug":"presidentielle-2024-la-cedeao-presse-les-autorites-senegalaises-de-fixer-une-nouvelle-date","status":"publish","type":"post","link":"https:\/\/dekkbi.com\/?p=30688","title":{"rendered":"Pr\u00e9sidentielle 2024\u00a0: la CEDEAO presse les autorit\u00e9s s\u00e9n\u00e9galaises de fixer une nouvelle date"},"content":{"rendered":"\n<p>(APS) \u2013 La Commission de la CEDEAO a exprim\u00e9 samedi ses \u2018\u2019pr\u00e9occupations\u2019\u2019 relatives aux circonstances ayant conduit au \u2018\u2019report\u00a0\u00bb de l\u2019\u00e9lection pr\u00e9sidentielle au S\u00e9n\u00e9gal, pressant notamment les autorit\u00e9s s\u00e9n\u00e9galaises de fixer une nouvelle date pour le scrutin.<\/p>\n\n\n\n<p>\u2018\u2019La Commission de la CEDEAO exprime sa pr\u00e9occupation face aux circonstances qui ont conduit au report de l\u2019\u00e9lection et appelle les autorit\u00e9s comp\u00e9tentes \u00e0 acc\u00e9l\u00e9rer les diff\u00e9rents processus en vue de fixer une nouvelle date\u2019\u2019, a d\u00e9clar\u00e9 l\u2019organisation sous r\u00e9gionale dans un communiqu\u00e9.<\/p>\n\n\n\n<p>Apr\u00e8s avoir \u2018\u2019pris note\u2019\u2019 de la d\u00e9cision prises par les autorit\u00e9s s\u00e9n\u00e9galaise de reporter l\u2019\u00e9lection pr\u00e9sidentielle du 25 f\u00e9vrier, la commission de la Communaut\u00e9 \u00e9conomique des Etats de l\u2019Afrique de l\u2019ouest exhorte la classe politique s\u00e9n\u00e9galaise \u00e0 donner la priorit\u00e9 au dialogue et \u00e0 la collaboration en vue de parvenir \u00e0 la tenue d\u2019une \u00e9lection transparente, inclusive et cr\u00e9dible.<\/p>\n\n\n\n<p>La CEDEAO n\u2019a pas, dans le m\u00eame temps, manqu\u00e9 de saluer la d\u00e9cision du pr\u00e9sident Macky Sall de ne pas briguer un autre mandat, rapporte le communiqu\u00e9.<\/p>\n\n\n\n<p>Elle encourage ainsi le chef de l\u2019Etat s\u00e9n\u00e9galais \u00e0 continuer de d\u00e9fendre et prot\u00e9ger la longue tradition d\u00e9mocratique du S\u00e9n\u00e9gal.<\/p>\n\n\n\n<p>Le pr\u00e9sident de la R\u00e9publique, Macky Sall, r\u00e9affirmant sa d\u00e9cision de ne pas se pr\u00e9senter \u00e0 la prochaine pr\u00e9sidentielle, a annonc\u00e9 samedi avoir abrog\u00e9 le d\u00e9cret convoquant le corps \u00e9lectoral le 25 f\u00e9vrier prochain, en attendant les r\u00e9sultats de la commission d\u2019enqu\u00eate parlementaire visant \u00e0 clarifier les conditions dans lesquelles certaines candidatures ont \u00e9t\u00e9 d\u00e9clar\u00e9es irrecevables.<\/p>\n\n\n\n<p>Cette annonce \u00e9quivaut de facto \u00e0 un report de cette \u00e9lection.<\/p>\n\n\n\n<p>Le Parti d\u00e9mocratique s\u00e9n\u00e9galais (PDS) avait demand\u00e9 et obtenu la mise en place d\u2019une commission d\u2019enqu\u00eate parlementaire apr\u00e8s l\u2019invalidation de la candidature de Karim Wade \u00e0 l\u2019\u00e9lection pr\u00e9sidentielle pour cause de double nationalit\u00e9.<\/p>\n\n\n\n<p>Le PDS a \u00e9mis des accusations de corruption pr\u00e9sum\u00e9e \u00e0 l\u2019encontre de certains membres du Conseil constitutionnel, charg\u00e9 de l\u2019examen des candidatures \u00e0 ce scrutin.<\/p>\n\n\n\n<p>Dans un message radiot\u00e9l\u00e9vis\u00e9 \u00e0 la nation, le chef de l\u2019Etat a \u00e9voqu\u00e9 ce \u00ab&nbsp;conflit ouvert&nbsp;\u00bb, ce \u00ab&nbsp;diff\u00e9rend&nbsp;\u00bb entre l\u2019Assembl\u00e9e nationale et le Conseil constitutionnel, &nbsp;sur fond d\u2019une suppos\u00e9e affaire de corruption de juges&nbsp;\u00bb.<\/p>\n\n\n\n<p>Il note toutefois que le Conseil constitutionnel, dans son communiqu\u00e9 du 29 janvier 2024 sign\u00e9 par tous ses membres, \u00ab&nbsp;a r\u00e9fut\u00e9 les all\u00e9gations port\u00e9es contre lui, tout en prenant la mesure de la gravit\u00e9 des accusations, et en tenant \u00e0 ce que toute la lumi\u00e8re soit faite dans le respect des proc\u00e9dures constitutionnelles et l\u00e9gales r\u00e9gissant les relations entre les institutions, notamment la s\u00e9paration des pouvoirs et le statut de ses membres&nbsp;\u00bb.<\/p>\n\n\n\n<p>\u00ab A cette situation suffisamment grave et confuse, est venue s\u2019ajouter la pol\u00e9mique sur une candidate dont la binationalit\u00e9 a \u00e9t\u00e9 d\u00e9couverte apr\u00e8s la publication de la liste d\u00e9finitive des candidats par le Conseil constitutionnel \u00bb. Ce qui, a-t-il dit, \u00ab constitue une violation de l\u2019article 28 de la Constitution qui dispose que \u00ab tout candidat \u00e0 la Pr\u00e9sidence de la R\u00e9publique doit \u00eatre exclusivement de nationalit\u00e9 s\u00e9n\u00e9galaise \u00bb.<\/p>\n\n\n\n<p>Selon le pr\u00e9sident de la R\u00e9publique, ces \u00ab&nbsp;conditions troubles pourraient gravement nuire \u00e0 la cr\u00e9dibilit\u00e9 du scrutin en installant les germes d\u2019un contentieux pr\u00e9 et post\u00e9lectoral&nbsp;\u00bb.<\/p>\n\n\n\n<p>AKS<\/p>\n","protected":false},"excerpt":{"rendered":"<p>(APS) \u2013 La Commission de la CEDEAO a exprim\u00e9 samedi ses \u2018\u2019pr\u00e9occupations\u2019\u2019 relatives aux circonstances ayant conduit au \u2018\u2019report\u00a0\u00bb de<\/p>\n","protected":false},"author":1,"featured_media":30689,"comment_status":"open","ping_status":"open","sticky":false,"template":"","format":"standard","meta":{"footnotes":""},"categories":[6],"tags":[],"class_list":["post-30688","post","type-post","status-publish","format-standard","has-post-thumbnail","hentry","category-politics"],"_links":{"self":[{"href":"https:\/\/dekkbi.com\/index.php?rest_route=\/wp\/v2\/posts\/30688","targetHints":{"allow":["GET"]}}],"collection":[{"href":"https:\/\/dekkbi.com\/index.php?rest_route=\/wp\/v2\/posts"}],"about":[{"href":"https:\/\/dekkbi.com\/index.php?rest_route=\/wp\/v2\/types\/post"}],"author":[{"embeddable":true,"href":"https:\/\/dekkbi.com\/index.php?rest_route=\/wp\/v2\/users\/1"}],"replies":[{"embeddable":true,"href":"https:\/\/dekkbi.com\/index.php?rest_route=%2Fwp%2Fv2%2Fcomments&post=30688"}],"version-history":[{"count":1,"href":"https:\/\/dekkbi.com\/index.php?rest_route=\/wp\/v2\/posts\/30688\/revisions"}],"predecessor-version":[{"id":30690,"href":"https:\/\/dekkbi.com\/index.php?rest_route=\/wp\/v2\/posts\/30688\/revisions\/30690"}],"wp:featuredmedia":[{"embeddable":true,"href":"https:\/\/dekkbi.com\/index.php?rest_route=\/wp\/v2\/media\/30689"}],"wp:attachment":[{"href":"https:\/\/dekkbi.com\/index.php?rest_route=%2Fwp%2Fv2%2Fmedia&parent=30688"}],"wp:term":[{"taxonomy":"category","embeddable":true,"href":"https:\/\/dekkbi.com\/index.php?rest_route=%2Fwp%2Fv2%2Fcategories&post=30688"},{"taxonomy":"post_tag","embeddable":true,"href":"https:\/\/dekkbi.com\/index.php?rest_route=%2Fwp%2Fv2%2Ftags&post=30688"}],"curies":[{"name":"wp","href":"https:\/\/api.w.org\/{rel}","templated":true}]}}