{"id":30660,"date":"2024-02-03T12:38:38","date_gmt":"2024-02-03T12:38:38","guid":{"rendered":"https:\/\/dekkbi.com\/?p=30660"},"modified":"2024-02-03T12:38:39","modified_gmt":"2024-02-03T12:38:39","slug":"refoulement-de-migrants-en-france-le-conseil-detat-confirme-une-decision-de-la-justice-europeenne","status":"publish","type":"post","link":"https:\/\/dekkbi.com\/?p=30660","title":{"rendered":"Refoulement de migrants en France: le Conseil d&rsquo;\u00c9tat confirme une d\u00e9cision de la justice europ\u00e9enne"},"content":{"rendered":"\n<p>Dans un arr\u00eat rendu en septembre 2023, la Cour de justice de l\u2019Union europ\u00e9enne (CJUE) restreint la possibilit\u00e9 de la France de refouler les migrants qui franchissent ses fronti\u00e8res vers d\u2019autres pays voisins de l\u2019Union europ\u00e9enne. Saisi par un collectif d&rsquo;associations, le Conseil d\u2019\u00c9tat vient de confirmer la d\u00e9cision de la CJUE.<\/p>\n\n\n\n<p>Suite \u00e0 l&rsquo;arr\u00eat rendu en septembre 2023 par la Cour de justice de l\u2019Union europ\u00e9enne, un collectif d\u2019associations avait alors lanc\u00e9 un recours sur le sujet aupr\u00e8s du Conseil d\u2019\u00c9tat qui vient de rendre son avis, ce vendredi 2 f\u00e9vrier. Les sages confirment la d\u00e9cision de la CJUE. <\/p>\n\n\n\n<p>Concr\u00e8tement, le Conseil d&rsquo;\u00c9tat a d\u00e9cid\u00e9 d&rsquo;annuler une phrase du code r\u00e9gissant le droit des \u00e9trangers (Ceseda) qui en substance permettait, dans un large cas de figure, le refoulement aux fronti\u00e8res int\u00e9rieures de l&rsquo;UE des \u00e9trangers arriv\u00e9s irr\u00e9guli\u00e8rement.C&rsquo;est une victoire pour Laure Palun, directrice de l\u2019Association nationale d\u2019assistance aux fronti\u00e8res pour les \u00e9trangers, qui r\u00e9pond \u00e0 Aram Mbengue: \u00abGlobalement, le Conseil d\u2019\u00c9tat va dans le sens de ce qui avait \u00e9t\u00e9 dit par la Cour de justice de l\u2019Union europ\u00e9enne en septembre. <\/p>\n\n\n\n<p>D\u00e9j\u00e0, il annule l\u2019article qui permettait de faire des refus d\u2019entr\u00e9e dans toutes circonstances et sans aucunes distinctions.\u00bb\u00abRespecter un cadre\u00bb\u00abPour pouvoir faire des refus d\u2019entr\u00e9e, l\u2019administration doit respecter un certain cadre, insiste Laure Palun, c\u2019est une d\u00e9cision tr\u00e8s positive dans ce sens aussi o\u00f9 le Conseil d\u2019\u00c9tat vient mettre un terme aux pratiques ill\u00e9gales des forces de l\u2019ordre. <\/p>\n\n\n\n<p>Notamment en mati\u00e8re d\u2019enfermement des personnes, parce que jusque-l\u00e0, \u00e0 Menton et \u00e0 Montgen\u00e8vre, il y avait des pratiques d\u2019enfermement ill\u00e9gales et le Conseil d\u2019\u00c9tat dans sa d\u00e9cision vient dire qu\u2019en fait on ne peut plus enfermer de cette mani\u00e8re-l\u00e0 et il vient pr\u00e9ciser le r\u00e9gime juridique applicable.\u00bb<\/p>\n\n\n\n<p>\u00abEt donc \u00e7a c\u2019est extr\u00eamement important, et il rappelle aussi l\u2019obligation de respecter le droit d\u2019asile, parce qu\u2019on sait que quotidiennement le droit d\u2019asile n\u2019est pas respect\u00e9\u00bb, conclut la directrice de l\u2019Association nationale d\u2019assistance aux fronti\u00e8res pour les \u00e9trangers.<\/p>\n\n\n\n<p>Claire H\u00e9don, la d\u00e9fenseure des Droits avait, dans des observations transmises au Conseil d&rsquo;\u00c9tat, estim\u00e9 que les proc\u00e9dures de r\u00e9admission vers l&rsquo;Italie \u00e9taient \u00abtr\u00e8s rares\u00bb. Elle avait alert\u00e9 sur plusieurs points lors des proc\u00e9dures de refus d&rsquo;entr\u00e9e: recours variable \u00e0 l&rsquo;interpr\u00e9tariat, placement dans une zone de \u00abmise \u00e0 l&rsquo;abri\u00bb exigu\u00eb et inconfortable, pas d&rsquo;assistance juridique&#8230;(Avec AFP)<\/p>\n","protected":false},"excerpt":{"rendered":"<p>Dans un arr\u00eat rendu en septembre 2023, la Cour de justice de l\u2019Union europ\u00e9enne (CJUE) restreint la possibilit\u00e9 de la<\/p>\n","protected":false},"author":1,"featured_media":30661,"comment_status":"open","ping_status":"open","sticky":false,"template":"","format":"standard","meta":{"footnotes":""},"categories":[26],"tags":[],"class_list":["post-30660","post","type-post","status-publish","format-standard","has-post-thumbnail","hentry","category-fait-divers"],"_links":{"self":[{"href":"https:\/\/dekkbi.com\/index.php?rest_route=\/wp\/v2\/posts\/30660","targetHints":{"allow":["GET"]}}],"collection":[{"href":"https:\/\/dekkbi.com\/index.php?rest_route=\/wp\/v2\/posts"}],"about":[{"href":"https:\/\/dekkbi.com\/index.php?rest_route=\/wp\/v2\/types\/post"}],"author":[{"embeddable":true,"href":"https:\/\/dekkbi.com\/index.php?rest_route=\/wp\/v2\/users\/1"}],"replies":[{"embeddable":true,"href":"https:\/\/dekkbi.com\/index.php?rest_route=%2Fwp%2Fv2%2Fcomments&post=30660"}],"version-history":[{"count":1,"href":"https:\/\/dekkbi.com\/index.php?rest_route=\/wp\/v2\/posts\/30660\/revisions"}],"predecessor-version":[{"id":30662,"href":"https:\/\/dekkbi.com\/index.php?rest_route=\/wp\/v2\/posts\/30660\/revisions\/30662"}],"wp:featuredmedia":[{"embeddable":true,"href":"https:\/\/dekkbi.com\/index.php?rest_route=\/wp\/v2\/media\/30661"}],"wp:attachment":[{"href":"https:\/\/dekkbi.com\/index.php?rest_route=%2Fwp%2Fv2%2Fmedia&parent=30660"}],"wp:term":[{"taxonomy":"category","embeddable":true,"href":"https:\/\/dekkbi.com\/index.php?rest_route=%2Fwp%2Fv2%2Fcategories&post=30660"},{"taxonomy":"post_tag","embeddable":true,"href":"https:\/\/dekkbi.com\/index.php?rest_route=%2Fwp%2Fv2%2Ftags&post=30660"}],"curies":[{"name":"wp","href":"https:\/\/api.w.org\/{rel}","templated":true}]}}