{"id":30657,"date":"2024-02-03T12:36:13","date_gmt":"2024-02-03T12:36:13","guid":{"rendered":"https:\/\/dekkbi.com\/?p=30657"},"modified":"2024-02-03T12:36:14","modified_gmt":"2024-02-03T12:36:14","slug":"mali-pour-lex-premier-ministre-moussa-mara-le-panafricanisme-cest-de-rester-dans-la-cedeao","status":"publish","type":"post","link":"https:\/\/dekkbi.com\/?p=30657","title":{"rendered":"Mali: pour l&rsquo;ex-Premier ministre Moussa Mara, \u00able panafricanisme c&rsquo;est de rester dans la C\u00e9d\u00e9ao\u00bb"},"content":{"rendered":"\n<p>Cela fait pr\u00e8s d&rsquo;une semaine que le Mali, le Niger et le Burkina ont annonc\u00e9, dimanche 28 janvier, leur d\u00e9cision de quitter la Communaut\u00e9 \u00e9conomique des Etats d&rsquo;Afrique de l&rsquo;ouest (C\u00e9d\u00e9ao). Une d\u00e9cision fracassante dont les cons\u00e9quences \u00e9conomiques et politique suscitent, depuis, beaucoup d&rsquo;inqui\u00e9tudes.<\/p>\n\n\n\n<p>Certains veulent m\u00eame esp\u00e9rer que cette d\u00e9cision du&nbsp;<strong><a href=\"https:\/\/www.rfi.fr\/fr\/tag\/mali\/\">Mali<\/a><\/strong>, du Niger et du Burkina Faso de quitter la C\u00e9d\u00e9ao n&rsquo;est pas irr\u00e9versible. C&rsquo;est le cas de l&rsquo;ancien Premier ministre malien, Moussa Mara, qui lance, ce samedi 3 f\u00e9vrier, un appel aux autorit\u00e9s maliennes de transition. Moussa Mara.<\/p>\n\n\n\n<p><em>\u00ab&nbsp;Je leur demande de ne pas le faire et surtout<\/em>, dit-il,<em>&nbsp;se parler et \u00e9couter avant de prendre des d\u00e9cisions qui peuvent \u00eatre consid\u00e9r\u00e9es comme strat\u00e9giques. Sortir le Mali de la C\u00e9d\u00e9ao, c&rsquo;est une d\u00e9cision pour le moins strat\u00e9gique. Donc je pense que dans la forme, il a manqu\u00e9 la concertation. Et maintenant, nous sommes face \u00e0 une situation qui n\u00e9cessite aussi de la concertation : les autorit\u00e9s de la C\u00e9d\u00e9ao ont montr\u00e9 leur disponibilit\u00e9 \u00e0 se parler, les autorit\u00e9s de l&rsquo;Union africaine ont montr\u00e9 leur disponibilit\u00e9 \u00e0 accompagner le Mali, le Niger et le Burkina. Moi je ne peux que souhaiter qu&rsquo;ils saisissent ces opportunit\u00e9s.&nbsp;\u00bb<\/em><\/p>\n\n\n\n<h2 class=\"wp-block-heading\">Transformer de l&rsquo;int\u00e9rieur<\/h2>\n\n\n\n<p>Ainsi, Moussa Mara interpelle donc les autorit\u00e9s avec un discours align\u00e9 sur les priorit\u00e9s revendiqu\u00e9es de la Transition. Pour l&rsquo;ancien Premier ministre, qui se positionne non comme un alli\u00e9 ni comme un opposant du r\u00e9gime de transition mais comme une sorte d&rsquo;accompagnateur vigilant, le v\u00e9ritable panafricanisme n&rsquo;est pas de rejeter la C\u00e9d\u00e9ao mais de la transformer de l&rsquo;int\u00e9rieur, afin d&rsquo;avancer vers l&rsquo;unit\u00e9 du continent.<\/p>\n\n\n\n<p><em>\u00ab&nbsp;La marche de l&rsquo;histoire, c&rsquo;est d&rsquo;aller dans le sens des ensembles. M\u00eame ceux qui parlent de panafricanisme et d&rsquo;unit\u00e9 africaine : nous avons indiqu\u00e9 dans notre Constitution, de mani\u00e8re constante depuis 1960, que le Mali est pr\u00eat \u00e0 abandonner tout ou partie de sa souverainet\u00e9 pour r\u00e9aliser l&rsquo;unit\u00e9 africaine. Il y a des insuffisances \u00e0 la C\u00e9d\u00e9ao. La C\u00e9d\u00e9ao elle-m\u00eame le reconna\u00eet. Travaillons \u00e0 l&rsquo;int\u00e9rieur pour corriger ces insuffisances et rester ensemble. Allons dans le sens de l&rsquo;unit\u00e9 africaine ! Abandonnons la d\u00e9sunion et la d\u00e9sint\u00e9gration !&nbsp;\u00bb<\/em><\/p>\n\n\n\n<p>Un appel qui pourra nourrir la r\u00e9flexion des Maliens et de leurs alli\u00e9s nig\u00e9riens et burkinab\u00e8 de l&rsquo;AES, mais qui n&rsquo;a que tr\u00e8s peu de chances d&rsquo;\u00eatre entendu par les r\u00e9gimes en place.<\/p>\n\n\n\n<p>Publi\u00e9 le :\u00a003\/02\/2024 &#8211; 13:05 RFI<\/p>\n","protected":false},"excerpt":{"rendered":"<p>Cela fait pr\u00e8s d&rsquo;une semaine que le Mali, le Niger et le Burkina ont annonc\u00e9, dimanche 28 janvier, leur d\u00e9cision<\/p>\n","protected":false},"author":1,"featured_media":30658,"comment_status":"open","ping_status":"open","sticky":false,"template":"","format":"standard","meta":{"footnotes":""},"categories":[51],"tags":[],"class_list":["post-30657","post","type-post","status-publish","format-standard","has-post-thumbnail","hentry","category-general"],"_links":{"self":[{"href":"https:\/\/dekkbi.com\/index.php?rest_route=\/wp\/v2\/posts\/30657","targetHints":{"allow":["GET"]}}],"collection":[{"href":"https:\/\/dekkbi.com\/index.php?rest_route=\/wp\/v2\/posts"}],"about":[{"href":"https:\/\/dekkbi.com\/index.php?rest_route=\/wp\/v2\/types\/post"}],"author":[{"embeddable":true,"href":"https:\/\/dekkbi.com\/index.php?rest_route=\/wp\/v2\/users\/1"}],"replies":[{"embeddable":true,"href":"https:\/\/dekkbi.com\/index.php?rest_route=%2Fwp%2Fv2%2Fcomments&post=30657"}],"version-history":[{"count":1,"href":"https:\/\/dekkbi.com\/index.php?rest_route=\/wp\/v2\/posts\/30657\/revisions"}],"predecessor-version":[{"id":30659,"href":"https:\/\/dekkbi.com\/index.php?rest_route=\/wp\/v2\/posts\/30657\/revisions\/30659"}],"wp:featuredmedia":[{"embeddable":true,"href":"https:\/\/dekkbi.com\/index.php?rest_route=\/wp\/v2\/media\/30658"}],"wp:attachment":[{"href":"https:\/\/dekkbi.com\/index.php?rest_route=%2Fwp%2Fv2%2Fmedia&parent=30657"}],"wp:term":[{"taxonomy":"category","embeddable":true,"href":"https:\/\/dekkbi.com\/index.php?rest_route=%2Fwp%2Fv2%2Fcategories&post=30657"},{"taxonomy":"post_tag","embeddable":true,"href":"https:\/\/dekkbi.com\/index.php?rest_route=%2Fwp%2Fv2%2Ftags&post=30657"}],"curies":[{"name":"wp","href":"https:\/\/api.w.org\/{rel}","templated":true}]}}