{"id":30639,"date":"2024-02-03T11:18:51","date_gmt":"2024-02-03T11:18:51","guid":{"rendered":"https:\/\/dekkbi.com\/?p=30639"},"modified":"2024-02-03T11:18:51","modified_gmt":"2024-02-03T11:18:51","slug":"casamance-les-maires-beneficiaires-du-pedec-invites-a-davantage-sapproprier-ce-programme","status":"publish","type":"post","link":"https:\/\/dekkbi.com\/?p=30639","title":{"rendered":"Casamance : les maires b\u00e9n\u00e9ficiaires du PEDEC invit\u00e9s \u00e0 davantage s\u2019approprier ce programme"},"content":{"rendered":"\n<p>Ziguinchor,  (APS) \u2013 Le ministre des Collectivit\u00e9s Territoriales, du D\u00e9veloppement et de l\u2019Am\u00e9nagement des Territoires, Modou Diagne Fa, a exhort\u00e9, vendredi, \u00e0 Ziguinchor, les maires des communes b\u00e9n\u00e9ficiaires des investissements du Projet de d\u00e9veloppement \u00e9conomique de la Casamance (PEDEC) \u00e0 davantage s\u2019approprier ce programme au b\u00e9n\u00e9fice de la communaut\u00e9.<\/p>\n\n\n\n<p>\u00ab Nous avons constat\u00e9 qu\u2019il y a un faible taux d\u2019ex\u00e9cution des activit\u00e9s du programme PDEC et un faible taux de d\u00e9caissement. Nous invitons donc les maires concern\u00e9s \u00e0 booster les activit\u00e9s du programme pour permettre aux populations de disposer le plus rapidement possible de leurs infrastructures \u00bb, a-t-il d\u00e9clar\u00e9.<\/p>\n\n\n\n<p>Modou Diagne Fada s\u2019exprimait au terme d\u2019une mission de suivi des activit\u00e9s du Projet de d\u00e9veloppement \u00e9conomique de la Casamance (PDEC) \u00e0 Ziguinchor, en pr\u00e9sence du gouverneur Mor Talla Tine, des maires des soixante communes b\u00e9n\u00e9ficiaires du projet et des repr\u00e9sentants des partenaires techniques d\u2019ex\u00e9cution du PDEC.<\/p>\n\n\n\n<p>Cette mission de suivi avait pour objectif de faire le point sur l\u2019\u00e9tat d\u2019avancement des activit\u00e9s du PDEC, les contraintes de mise en \u0153uvre et les perspectives du programme.\u00ab Le PDEC est un programme important de cinq ans pour un montant global de 26 milliards de FCFA. Il permet d\u2019am\u00e9liorer les conditions de vie des populations des r\u00e9gions de Ziguinchor, Kolda et S\u00e9dhiou \u00bb, a rappel\u00e9 Modou Diagne Fada.<\/p>\n\n\n\n<p>Selon le ministre des Collectivit\u00e9s territoriales, ce programme s\u2019inscrit dans le cadre de l\u2019ambition des pouvoirs publics s\u00e9n\u00e9galais d\u2019arriver \u00e0 \u00ab un d\u00e9veloppement harmonieux \u00bb des terroirs.Dans ce cadre, le PEDEC va d\u00e9velopper dans les trois r\u00e9gions administratives de la Casamance des pistes de production, des infrastructures scolaires et de sant\u00e9.<\/p>\n\n\n\n<p>Le Projet de d\u00e9veloppement \u00e9conomique de la Casamance pr\u00e9voit \u00e9galement de contribuer au d\u00e9veloppement d\u2019activit\u00e9s socio-\u00e9conomiques pour la lutte contre la pauvret\u00e9 ainsi que des activit\u00e9s de nature \u00e0 favoriser non seulement la consolidation de la paix en Casamance mais aussi de lutter contre le changement climatique.<\/p>\n\n\n\n<p>En plus de la r\u00e9gion de Ziguinchor, le Projet de d\u00e9veloppement \u00e9conomique de la Casamance intervient \u00e0 Kolda et S\u00e9dhiou.<\/p>\n\n\n\n<p>.Il vise \u00e0 \u00ab renforcer la gouvernance locale r\u00e9siliente et inclusive ax\u00e9e sur la communaut\u00e9, \u00e0 am\u00e9liorer [\u2026] un meilleur acc\u00e8s aux march\u00e9s et aux services de base, mais aussi \u00e0 une valorisation des opportunit\u00e9s socio-\u00e9conomiques des populations \u00bb, selon les responsables en charge du projet.<\/p>\n\n\n\n<p><\/p>\n","protected":false},"excerpt":{"rendered":"<p>Ziguinchor, (APS) \u2013 Le ministre des Collectivit\u00e9s Territoriales, du D\u00e9veloppement et de l\u2019Am\u00e9nagement des Territoires, Modou Diagne Fa, a exhort\u00e9,<\/p>\n","protected":false},"author":1,"featured_media":30640,"comment_status":"open","ping_status":"open","sticky":false,"template":"","format":"standard","meta":{"footnotes":""},"categories":[3],"tags":[],"class_list":["post-30639","post","type-post","status-publish","format-standard","has-post-thumbnail","hentry","category-event-more-news"],"_links":{"self":[{"href":"https:\/\/dekkbi.com\/index.php?rest_route=\/wp\/v2\/posts\/30639","targetHints":{"allow":["GET"]}}],"collection":[{"href":"https:\/\/dekkbi.com\/index.php?rest_route=\/wp\/v2\/posts"}],"about":[{"href":"https:\/\/dekkbi.com\/index.php?rest_route=\/wp\/v2\/types\/post"}],"author":[{"embeddable":true,"href":"https:\/\/dekkbi.com\/index.php?rest_route=\/wp\/v2\/users\/1"}],"replies":[{"embeddable":true,"href":"https:\/\/dekkbi.com\/index.php?rest_route=%2Fwp%2Fv2%2Fcomments&post=30639"}],"version-history":[{"count":1,"href":"https:\/\/dekkbi.com\/index.php?rest_route=\/wp\/v2\/posts\/30639\/revisions"}],"predecessor-version":[{"id":30641,"href":"https:\/\/dekkbi.com\/index.php?rest_route=\/wp\/v2\/posts\/30639\/revisions\/30641"}],"wp:featuredmedia":[{"embeddable":true,"href":"https:\/\/dekkbi.com\/index.php?rest_route=\/wp\/v2\/media\/30640"}],"wp:attachment":[{"href":"https:\/\/dekkbi.com\/index.php?rest_route=%2Fwp%2Fv2%2Fmedia&parent=30639"}],"wp:term":[{"taxonomy":"category","embeddable":true,"href":"https:\/\/dekkbi.com\/index.php?rest_route=%2Fwp%2Fv2%2Fcategories&post=30639"},{"taxonomy":"post_tag","embeddable":true,"href":"https:\/\/dekkbi.com\/index.php?rest_route=%2Fwp%2Fv2%2Ftags&post=30639"}],"curies":[{"name":"wp","href":"https:\/\/api.w.org\/{rel}","templated":true}]}}