{"id":30605,"date":"2024-02-02T10:56:13","date_gmt":"2024-02-02T10:56:13","guid":{"rendered":"https:\/\/dekkbi.com\/?p=30605"},"modified":"2024-02-02T10:56:14","modified_gmt":"2024-02-02T10:56:14","slug":"mamadou-lamine-thiam-confirme-leral-certaines-personnes-a-candidature-validee-disposent-dune-double-nationalite","status":"publish","type":"post","link":"https:\/\/dekkbi.com\/?p=30605","title":{"rendered":"Mamadou Lamine Thiam confirme Leral: \u00abCertaines personnes \u00e0 candidature valid\u00e9e, disposent d\u2019une double nationalit\u00e9\u00bb"},"content":{"rendered":"\n<h3 class=\"wp-block-heading\">La sortie de Mamadou Lamine Thiam \u00e0 la Commission des Lois de l\u2019Assembl\u00e9e nationale, confirme l\u2019information que votre site leral.net avait relay\u00e9e : \u00ab Certaines personnes dont la candidature a \u00e9t\u00e9 d\u00e9finitivement valid\u00e9e, disposent d\u2019une double nationalit\u00e9, au m\u00eame titre que certains membres du Conseil constitutionnel \u00bb.<\/h3>\n\n\n\n<p>Selon le quotidien \u00ab\u00a0Tribune\u00a0\u00bb, d\u00e9fendant devant la Commission des Lois de l\u2019Assembl\u00e9e nationale, le projet de r\u00e9solution visant la cr\u00e9ation d\u2019une commission d\u2019enqu\u00eate parlementaire, Mamadou Lamine Thiam du Pds n\u2019a pas \u00e9t\u00e9 tendre avec le Conseil constitutionnel.<\/p>\n\n\n\n<p>Il a point\u00e9 du doigt, \u00ab&nbsp;<em>le climat social d\u00e9l\u00e9t\u00e8re n\u00e9 du processus \u00e9lectoral et engendr\u00e9, notamment, par les graves et r\u00e9currentes irr\u00e9gularit\u00e9s et suspicions constat\u00e9es \u00e0 tous les niveaux du processus \u00e9lectoral<\/em>\u00bb.<\/p>\n\n\n\n<p>Concernant la question de la double nationalit\u00e9, Mamadou Lamine Thiam l\u00e8ve un li\u00e8vre et mouille d\u2019autres candidats, ainsi que des juges constitutionnels. \u00ab&nbsp;<em>Certaines personnes dont la candidature a \u00e9t\u00e9 d\u00e9finitivement valid\u00e9e, disposent d\u2019une double nationalit\u00e9, au m\u00eame titre que certains membres du Conseil constitutionnel<\/em>&nbsp;\u00bb r\u00e9v\u00e8le-t-il.<\/p>\n\n\n\n<p>De son point de vue, il y a de multiples violations, par l\u2019administration \u00e9lectorale et le Conseil constitutionnel, des droits fondamentaux de citoyens s\u00e9n\u00e9galais, particuli\u00e8rement celui de participer aux affaires publiques de leur pays et d\u2019acc\u00e9der, dans des conditions g\u00e9n\u00e9rales d\u2019\u00e9galit\u00e9, aux fonctions publiques, notamment en concourant \u00e0 l\u2019\u00e9lection pr\u00e9sidentielle, dans la plus grande transparence.<\/p>\n\n\n\n<p>Du reste, Thiam d\u00e9nonce ce qu\u2019il assimile \u00e0 une volont\u00e9 manifeste du Conseil constitutionnel, d\u2019\u00e9carter tout candidat susceptible d\u2019entraver le projet de confiscation du pouvoir par Amadou B\u00e2.<\/p>\n\n\n\n<p>Selon le journal, il en veut pour preuve les soup\u00e7ons de partialit\u00e9 corrobor\u00e9s par les d\u00e9cisions, omissions et carences constat\u00e9es durant le processus \u00e9lectoral. Aussi, fait-il remarquer, un faisceau de conflits d\u2019int\u00e9r\u00eats, parent\u00e9s et amiti\u00e9s, entre certains magistrats du Conseil constitutionnel et des membres influents de Benno Bokk Yakaar.<\/p>\n\n\n\n<p>LERAL<\/p>\n","protected":false},"excerpt":{"rendered":"<p>La sortie de Mamadou Lamine Thiam \u00e0 la Commission des Lois de l\u2019Assembl\u00e9e nationale, confirme l\u2019information que votre site leral.net<\/p>\n","protected":false},"author":1,"featured_media":30606,"comment_status":"open","ping_status":"open","sticky":false,"template":"","format":"standard","meta":{"footnotes":""},"categories":[6],"tags":[],"class_list":["post-30605","post","type-post","status-publish","format-standard","has-post-thumbnail","hentry","category-politics"],"_links":{"self":[{"href":"https:\/\/dekkbi.com\/index.php?rest_route=\/wp\/v2\/posts\/30605","targetHints":{"allow":["GET"]}}],"collection":[{"href":"https:\/\/dekkbi.com\/index.php?rest_route=\/wp\/v2\/posts"}],"about":[{"href":"https:\/\/dekkbi.com\/index.php?rest_route=\/wp\/v2\/types\/post"}],"author":[{"embeddable":true,"href":"https:\/\/dekkbi.com\/index.php?rest_route=\/wp\/v2\/users\/1"}],"replies":[{"embeddable":true,"href":"https:\/\/dekkbi.com\/index.php?rest_route=%2Fwp%2Fv2%2Fcomments&post=30605"}],"version-history":[{"count":1,"href":"https:\/\/dekkbi.com\/index.php?rest_route=\/wp\/v2\/posts\/30605\/revisions"}],"predecessor-version":[{"id":30607,"href":"https:\/\/dekkbi.com\/index.php?rest_route=\/wp\/v2\/posts\/30605\/revisions\/30607"}],"wp:featuredmedia":[{"embeddable":true,"href":"https:\/\/dekkbi.com\/index.php?rest_route=\/wp\/v2\/media\/30606"}],"wp:attachment":[{"href":"https:\/\/dekkbi.com\/index.php?rest_route=%2Fwp%2Fv2%2Fmedia&parent=30605"}],"wp:term":[{"taxonomy":"category","embeddable":true,"href":"https:\/\/dekkbi.com\/index.php?rest_route=%2Fwp%2Fv2%2Fcategories&post=30605"},{"taxonomy":"post_tag","embeddable":true,"href":"https:\/\/dekkbi.com\/index.php?rest_route=%2Fwp%2Fv2%2Ftags&post=30605"}],"curies":[{"name":"wp","href":"https:\/\/api.w.org\/{rel}","templated":true}]}}