{"id":30601,"date":"2024-02-02T10:42:06","date_gmt":"2024-02-02T10:42:06","guid":{"rendered":"https:\/\/dekkbi.com\/?p=30601"},"modified":"2024-02-02T10:42:07","modified_gmt":"2024-02-02T10:42:07","slug":"transport-aerien-air-senegal-inaugure-un-vol-direct-de-7-heures-vers-larabie-saoudite","status":"publish","type":"post","link":"https:\/\/dekkbi.com\/?p=30601","title":{"rendered":"Transport a\u00e9rien : Air S\u00e9n\u00e9gal inaugure un vol direct de 7 heures, vers l&rsquo;Arabie Saoudite"},"content":{"rendered":"\n<h3 class=\"wp-block-heading\">Le Directeur g\u00e9n\u00e9ral de l&rsquo;AIBD, Abdoulaye Di\u00e8ye et le D\u00e9l\u00e9gu\u00e9 g\u00e9n\u00e9ral au P\u00e8lerinage, Aboubacar Sarr, expriment leur grande satisfaction \u00e0 l&rsquo;issue du premier vol de la compagnie nationale s\u00e9n\u00e9galaise, Air S\u00e9n\u00e9gal, en direction de l&rsquo;Arabie Saoudite.<br><br>L&rsquo;objectif ambitieux est de positionner le S\u00e9n\u00e9gal comme le premier hub a\u00e9rien sous-r\u00e9gional. Cette mission, visant \u00e0 concr\u00e9tiser ce hub, est salu\u00e9e et soutenue par le pr\u00e9sident Macky Sall, qui s&rsquo;engage \u00e0 faire du S\u00e9n\u00e9gal un pays \u00e9mergent.<br><br>Ce vol direct de 7 heures est sp\u00e9cialement con\u00e7u pour r\u00e9duire le temps de voyage et faciliter le d\u00e9placement des p\u00e8lerins vers les lieux saints de l&rsquo;islam.<\/h3>\n\n\n\n<h3 class=\"wp-block-heading\"><br>Aboubacar Sarr, d\u00e9l\u00e9gu\u00e9 g\u00e9n\u00e9ral au p\u00e8lerinage, exprime sa fiert\u00e9 pour Air S\u00e9n\u00e9gal, consid\u00e9r\u00e9e comme un symbole de prestige pour tous les S\u00e9n\u00e9galais et les pays de la sous-r\u00e9gion. Il souligne \u00e9galement l&rsquo;engagement constant du pr\u00e9sident Macky Sall \u00e0 promouvoir Air S\u00e9n\u00e9gal \u00e0 l&rsquo;\u00e9chelle internationale.<\/h3>\n\n\n\n<figure class=\"wp-block-embed is-type-rich is-provider-prise-en-charge-des-contenus-embarqu-s wp-block-embed-prise-en-charge-des-contenus-embarqu-s wp-embed-aspect-16-9 wp-has-aspect-ratio\"><div class=\"wp-block-embed__wrapper\">\n<iframe loading=\"lazy\" title=\"Transport a\u00e9rien: Air S\u00e9n\u00e9gal inaugure un vol direct de 7 heures vers l&#039;Arabie Saoudite\" width=\"800\" height=\"450\" src=\"https:\/\/www.youtube.com\/embed\/agguWs5_Sro?feature=oembed\" frameborder=\"0\" allow=\"accelerometer; autoplay; clipboard-write; encrypted-media; gyroscope; picture-in-picture; web-share\" allowfullscreen><\/iframe>\n<\/div><\/figure>\n","protected":false},"excerpt":{"rendered":"<p>Le Directeur g\u00e9n\u00e9ral de l&rsquo;AIBD, Abdoulaye Di\u00e8ye et le D\u00e9l\u00e9gu\u00e9 g\u00e9n\u00e9ral au P\u00e8lerinage, Aboubacar Sarr, expriment leur grande satisfaction \u00e0<\/p>\n","protected":false},"author":1,"featured_media":30603,"comment_status":"open","ping_status":"open","sticky":false,"template":"","format":"standard","meta":{"footnotes":""},"categories":[3],"tags":[],"class_list":["post-30601","post","type-post","status-publish","format-standard","has-post-thumbnail","hentry","category-event-more-news"],"_links":{"self":[{"href":"https:\/\/dekkbi.com\/index.php?rest_route=\/wp\/v2\/posts\/30601","targetHints":{"allow":["GET"]}}],"collection":[{"href":"https:\/\/dekkbi.com\/index.php?rest_route=\/wp\/v2\/posts"}],"about":[{"href":"https:\/\/dekkbi.com\/index.php?rest_route=\/wp\/v2\/types\/post"}],"author":[{"embeddable":true,"href":"https:\/\/dekkbi.com\/index.php?rest_route=\/wp\/v2\/users\/1"}],"replies":[{"embeddable":true,"href":"https:\/\/dekkbi.com\/index.php?rest_route=%2Fwp%2Fv2%2Fcomments&post=30601"}],"version-history":[{"count":1,"href":"https:\/\/dekkbi.com\/index.php?rest_route=\/wp\/v2\/posts\/30601\/revisions"}],"predecessor-version":[{"id":30604,"href":"https:\/\/dekkbi.com\/index.php?rest_route=\/wp\/v2\/posts\/30601\/revisions\/30604"}],"wp:featuredmedia":[{"embeddable":true,"href":"https:\/\/dekkbi.com\/index.php?rest_route=\/wp\/v2\/media\/30603"}],"wp:attachment":[{"href":"https:\/\/dekkbi.com\/index.php?rest_route=%2Fwp%2Fv2%2Fmedia&parent=30601"}],"wp:term":[{"taxonomy":"category","embeddable":true,"href":"https:\/\/dekkbi.com\/index.php?rest_route=%2Fwp%2Fv2%2Fcategories&post=30601"},{"taxonomy":"post_tag","embeddable":true,"href":"https:\/\/dekkbi.com\/index.php?rest_route=%2Fwp%2Fv2%2Ftags&post=30601"}],"curies":[{"name":"wp","href":"https:\/\/api.w.org\/{rel}","templated":true}]}}