{"id":30566,"date":"2024-02-02T10:01:13","date_gmt":"2024-02-02T10:01:13","guid":{"rendered":"https:\/\/dekkbi.com\/?p=30566"},"modified":"2024-02-02T10:01:14","modified_gmt":"2024-02-02T10:01:14","slug":"une-etude-veut-aider-a-prevenir-la-survenue-et-laggravation-du-pied-diabetique","status":"publish","type":"post","link":"https:\/\/dekkbi.com\/?p=30566","title":{"rendered":"Une \u00e9tude veut aider \u00e0 pr\u00e9venir la survenue et l\u2019aggravation du pied diab\u00e9tique"},"content":{"rendered":"\n<p>Dakar, (APS) \u2013 Une \u00e9tude conduite par le minist\u00e8re de la Sant\u00e9 et de l\u2019Action sociale \u00e0 partir d\u2019un \u00e9chantillon de 450 malades diab\u00e9tiques met en exergue l\u2019importance de la sensibilisation et des mesures de pr\u00e9vention, dans le cadre d\u2019un projet de recherche sur l\u2019\u00e9valuation des facteurs de risque podologique de survenue et d\u2019aggravation du pied diab\u00e9tique.<\/p>\n\n\n\n<p>Ce projet vise, \u00e0 terme, l\u2019\u00e9laboration d\u2019un nouveau mod\u00e8le innovant de prise en charge des patients diab\u00e9tiques au S\u00e9n\u00e9gal. Sa premi\u00e8re phase a concern\u00e9 des patients du centre anti-diab\u00e8te Marc Sankal\u00e9 de l\u2019h\u00f4pital Abbas Ndao (Dakar) et du centre de prise en charge des diab\u00e9tiques de Kaolack.<\/p>\n\n\n\n<p>\u00ab&nbsp;Cette \u00e9tude est assez importante car elle va permettre d\u2019harmoniser et de d\u00e9centraliser la prise en charge. Ils ont commenc\u00e9 par Kaolack mais j\u2019esp\u00e8re que cela va s\u2019\u00e9tendre \u00e0 tout le pays, de sorte qu\u2019un patient ne va plus faire 400 ou 500 kilom\u00e8tres pour venir \u00e0 Dakar pour se faire amputer&nbsp;\u00bb, a d\u00e9clar\u00e9 professeure Anna Sarr, en service au centre anti-diab\u00e9tique Marc Sankal\u00e9.<\/p>\n\n\n\n<p>Elle intervenait jeudi lors d\u2019une c\u00e9r\u00e9monie de r\u00e9ception d\u2019\u00e9quipements m\u00e9dicaux d\u2019une valeur de 40 millions de francs CFA, dans le cadre de ce projet de recherche sur l\u2019\u00e9valuation des facteurs de risque podologique de survenue et d\u2019aggravation du pied diab\u00e9tique.<\/p>\n\n\n\n<p>Les r\u00e9sultats de cette \u00e9tude \u00ab&nbsp;multicentrique&nbsp;\u00bb et de type descriptif marquent \u00ab&nbsp;une \u00e9tape importante&nbsp;\u00bb dans la prise en charge du diab\u00e8te en amont, sur la base d\u2019un bilan vasculaire du membre inf\u00e9rieur, selon Mme Sarr.<\/p>\n\n\n\n<p>\u00ab&nbsp;La pr\u00e9vention, c\u2019est aussi la sensibilisation sur les mesures de pr\u00e9vention pour \u00e9viter qu\u2019il y ait une l\u00e9sion au niveau du pied&nbsp;\u00bb, a estim\u00e9 la praticienne, signalant que ce projet initi\u00e9 par le minist\u00e8re de la Sant\u00e9 b\u00e9n\u00e9ficie de l\u2019appui de LuxDev, l\u2019agence luxembourgeoise pour la coop\u00e9ration au d\u00e9veloppement.&nbsp;<\/p>\n\n\n\n<p>Il consiste \u00e0 \u00ab\u00a0faire l\u2019\u00e9tat des lieux d\u2019abord sur les l\u00e9sions du pied au niveau de deux centres : Marc Sankal\u00e9 et le centre r\u00e9gional El Hadj Ibrahima Niass de Kaolack. La premi\u00e8re phase est pass\u00e9e, 450 malades ont \u00e9t\u00e9 inclus en faisant le point sur l\u2019\u00e9tat des pieds sans l\u00e9sion\u00a0\u00bb, a-t-elle expliqu\u00e9.<\/p>\n\n\n\n<p>C\u2019est dans ce cadre que s\u2019est tenue une c\u00e9r\u00e9monie de r\u00e9ception d\u2019appareils m\u00e9dicaux pour le renforcement des plateaux techniques de ces deux centres, un appui d\u2019un montant global de 40 millions de francs CFA enti\u00e8rement d\u00e9bours\u00e9 par la coop\u00e9ration luxembourgeoise (LuxDev) qui a aussi financ\u00e9 l\u2019\u00e9tude.<\/p>\n\n\n\n<p>Ce mat\u00e9riel \u00ab&nbsp;va permettre de faire l\u2019\u00e9tat vasculaire d\u00e9j\u00e0, de faire des prises en charge en amont qui vont \u00e9viter que le pied s\u2019installe&nbsp;\u00bb, a indiqu\u00e9 Anna Sarr, avant de revenir sur les r\u00e9sultats de l\u2019\u00e9tude qui ont montr\u00e9 que \u00ab&nbsp;la pr\u00e9vention est efficace&nbsp;\u00bb.<\/p>\n\n\n\n<p>Le pied diab\u00e9tique \u00ab&nbsp;est source d\u2019amputation&nbsp;\u00bb, a-t-elle assen\u00e9, en pr\u00e9cisant que la majeure partie des amputations non traumatiques sont li\u00e9es \u00e0 l\u2019atteinte du pied chez le diab\u00e9tique.<\/p>\n\n\n\n<p>\u00ab&nbsp;Malheureusement, a ajout\u00e9 professeure Anna Sarr, nous constatons que les patients arrivent \u00e0 l\u2019h\u00f4pital avec des l\u00e9sions av\u00e9r\u00e9es qui vont n\u00e9cessiter une prise en charge tr\u00e8s ch\u00e8re qui doit \u00eatre multidisciplinaire et qui dans la majeure partie des cas va aboutir \u00e0 des amputations mineures ou majeures&nbsp;\u00bb.<\/p>\n\n\n\n<p>Une telle situation n\u2019est pas sans cons\u00e9quence, puisqu\u2019elle contribue \u00e0 grever les budgets des familles et de l\u2019Etat, sans compter qu\u2019elle induit un \u00ab&nbsp;retentissement psychologique important puisque le sujet va \u00eatre handicap\u00e9&nbsp;\u00bb.<\/p>\n\n\n\n<p>Selon ses initiateurs, ce programme devrait contribuer \u00e0 faire du centre hospitalier El Hadji Ibrahima Niasse de Kaolack un hub de prise en charge du diab\u00e8te dans la zone centre du S\u00e9n\u00e9gal.<\/p>\n\n\n\n<p>NSS\/BK<\/p>\n","protected":false},"excerpt":{"rendered":"<p>Dakar, (APS) \u2013 Une \u00e9tude conduite par le minist\u00e8re de la Sant\u00e9 et de l\u2019Action sociale \u00e0 partir d\u2019un \u00e9chantillon<\/p>\n","protected":false},"author":1,"featured_media":30567,"comment_status":"open","ping_status":"open","sticky":false,"template":"","format":"standard","meta":{"footnotes":""},"categories":[21],"tags":[],"class_list":["post-30566","post","type-post","status-publish","format-standard","has-post-thumbnail","hentry","category-societe"],"_links":{"self":[{"href":"https:\/\/dekkbi.com\/index.php?rest_route=\/wp\/v2\/posts\/30566","targetHints":{"allow":["GET"]}}],"collection":[{"href":"https:\/\/dekkbi.com\/index.php?rest_route=\/wp\/v2\/posts"}],"about":[{"href":"https:\/\/dekkbi.com\/index.php?rest_route=\/wp\/v2\/types\/post"}],"author":[{"embeddable":true,"href":"https:\/\/dekkbi.com\/index.php?rest_route=\/wp\/v2\/users\/1"}],"replies":[{"embeddable":true,"href":"https:\/\/dekkbi.com\/index.php?rest_route=%2Fwp%2Fv2%2Fcomments&post=30566"}],"version-history":[{"count":1,"href":"https:\/\/dekkbi.com\/index.php?rest_route=\/wp\/v2\/posts\/30566\/revisions"}],"predecessor-version":[{"id":30568,"href":"https:\/\/dekkbi.com\/index.php?rest_route=\/wp\/v2\/posts\/30566\/revisions\/30568"}],"wp:featuredmedia":[{"embeddable":true,"href":"https:\/\/dekkbi.com\/index.php?rest_route=\/wp\/v2\/media\/30567"}],"wp:attachment":[{"href":"https:\/\/dekkbi.com\/index.php?rest_route=%2Fwp%2Fv2%2Fmedia&parent=30566"}],"wp:term":[{"taxonomy":"category","embeddable":true,"href":"https:\/\/dekkbi.com\/index.php?rest_route=%2Fwp%2Fv2%2Fcategories&post=30566"},{"taxonomy":"post_tag","embeddable":true,"href":"https:\/\/dekkbi.com\/index.php?rest_route=%2Fwp%2Fv2%2Ftags&post=30566"}],"curies":[{"name":"wp","href":"https:\/\/api.w.org\/{rel}","templated":true}]}}