{"id":30549,"date":"2024-02-02T09:23:52","date_gmt":"2024-02-02T09:23:52","guid":{"rendered":"https:\/\/dekkbi.com\/?p=30549"},"modified":"2024-02-02T09:23:53","modified_gmt":"2024-02-02T09:23:53","slug":"burkina-un-adjudant-chef-radie-pour-avoir-soustrait-plus-de-7-millions-de-fcfa-destines-a-la-paye-des-vdp","status":"publish","type":"post","link":"https:\/\/dekkbi.com\/?p=30549","title":{"rendered":"Burkina : Un adjudant-chef radi\u00e9 pour avoir soustrait plus de 7 millions de FCFA destin\u00e9s \u00e0 la paye des VDP"},"content":{"rendered":"\n<p>Ouagadougou, 1 f\u00e9v. 2024 (AIB)-L\u2019adjudant-chef Dalibou Savadogo a \u00e9t\u00e9 radi\u00e9 des effectifs des Forces arm\u00e9es nationales pour avoir soustrait 7 millions 260 mille FCFA destin\u00e9s au paiement de la prime d\u2019op\u00e9ration des Volontaires pour la d\u00e9fense de la patrie (VDP) de Samorogouan (Orodara, K\u00e9n\u00e9dougou).<\/p>\n\n\n\n<p>Lors des \u00e9changes, le 8 janvier 2024 avec le personnel de la pr\u00e9sidence, le chef de l\u2019Etat Ibrahim Traor\u00e9 avait promis une tol\u00e9rance z\u00e9ro pour les graves manquements qui plomberaient la reconqu\u00eate de l\u2019int\u00e9grit\u00e9 territoriale.<\/p>\n\n\n\n<p>Ainsi apr\u00e8s le commandant du d\u00e9tachement de Soll\u00e9, le capitaine Alira Elis\u00e9e Martial Nayir\u00e9 radi\u00e9 le 5 janvier 2024 pour n\u2019avoir pas pu organiser sa troupe face \u00e0 des terroristes, en d\u00e9pit de plusieurs alertes, c\u2019est autour de l\u2019adjudant-chef Dalibou Savadogo de payer les frais de son \u00e9cart de comportement.<\/p>\n\n\n\n<p>\u00abL\u2019Adjudant-Chef, Savadogo Dalibou, num\u00e9ro d\u2019incorporation 3557 des Forces arm\u00e9es nationales est radi\u00e9 des cadres des Forces arm\u00e9es nationales pour fautes jug\u00e9e particuli\u00e8rement grave ayant consist\u00e9 en la soustraction frauduleuse de la somme 7 millions 260 mille francs CFA destin\u00e9s au paiement de la prime d\u2019op\u00e9ration des Volontaires pour la d\u00e9fense de la patrie (VDP)\u00bb de Samorogouan , lit-on dans un arr\u00eat\u00e9 en date du 31 janvier 2024, sign\u00e9 par le ministre en charge de la D\u00e9fense, le g\u00e9n\u00e9ral de brigade Kassoum Coulibaly.<a href=\"https:\/\/account.microsoft.com\/privacy\/ad-settings\" target=\"_blank\" rel=\"noreferrer noopener\"><\/a><\/p>\n\n\n\n<p>Selon l\u2019autorit\u00e9, ce vol a provoqu\u00e9 une d\u00e9mobilisation des VDP de cette commune situ\u00e9e dans la province du K\u00e9n\u00e9dougou, \u00e0 une quarantaine de kilom\u00e8tres de Orodara.<\/p>\n\n\n\n<p>En rappel, pour faire face aux attaques terroristes qui secouent le Burkina Faso depuis neuf ans, les autorit\u00e9s ont fait appelle, \u00e0 des civils patriotes (VDP) pour accompagner les FDS dans la lib\u00e9ration du territoire.<\/p>\n\n\n\n<p>En d\u00e9but d\u2019ann\u00e9e, le capitaine Ibrahim Traor\u00e9 qui leur voue un respect consid\u00e9rable, a fait passer leur prime mensuel de 60 mille \u00e0 80 mille FCFA.<\/p>\n\n\n\n<p>Leur prime d\u2019invalidit\u00e9 est \u00e9galement pass\u00e9 de 1 million 800 mille \u00e0 3 millions de FCFA, leur capital d\u00e9c\u00e8s de 1 million \u00e0 3 millions de FCFA et leurs frais d\u2019inhumation de 100 mille \u00e0 250 mille FCFA, sous toujours les instructions du pr\u00e9sident Traor\u00e9.<\/p>\n\n\n\n<p>Agence d\u2019information du BurkinaProvided by SyndiGate Media Inc. (Syndigate.info)<\/p>\n","protected":false},"excerpt":{"rendered":"<p>Ouagadougou, 1 f\u00e9v. 2024 (AIB)-L\u2019adjudant-chef Dalibou Savadogo a \u00e9t\u00e9 radi\u00e9 des effectifs des Forces arm\u00e9es nationales pour avoir soustrait 7<\/p>\n","protected":false},"author":1,"featured_media":30550,"comment_status":"open","ping_status":"open","sticky":false,"template":"","format":"standard","meta":{"footnotes":""},"categories":[26],"tags":[],"class_list":["post-30549","post","type-post","status-publish","format-standard","has-post-thumbnail","hentry","category-fait-divers"],"_links":{"self":[{"href":"https:\/\/dekkbi.com\/index.php?rest_route=\/wp\/v2\/posts\/30549","targetHints":{"allow":["GET"]}}],"collection":[{"href":"https:\/\/dekkbi.com\/index.php?rest_route=\/wp\/v2\/posts"}],"about":[{"href":"https:\/\/dekkbi.com\/index.php?rest_route=\/wp\/v2\/types\/post"}],"author":[{"embeddable":true,"href":"https:\/\/dekkbi.com\/index.php?rest_route=\/wp\/v2\/users\/1"}],"replies":[{"embeddable":true,"href":"https:\/\/dekkbi.com\/index.php?rest_route=%2Fwp%2Fv2%2Fcomments&post=30549"}],"version-history":[{"count":1,"href":"https:\/\/dekkbi.com\/index.php?rest_route=\/wp\/v2\/posts\/30549\/revisions"}],"predecessor-version":[{"id":30551,"href":"https:\/\/dekkbi.com\/index.php?rest_route=\/wp\/v2\/posts\/30549\/revisions\/30551"}],"wp:featuredmedia":[{"embeddable":true,"href":"https:\/\/dekkbi.com\/index.php?rest_route=\/wp\/v2\/media\/30550"}],"wp:attachment":[{"href":"https:\/\/dekkbi.com\/index.php?rest_route=%2Fwp%2Fv2%2Fmedia&parent=30549"}],"wp:term":[{"taxonomy":"category","embeddable":true,"href":"https:\/\/dekkbi.com\/index.php?rest_route=%2Fwp%2Fv2%2Fcategories&post=30549"},{"taxonomy":"post_tag","embeddable":true,"href":"https:\/\/dekkbi.com\/index.php?rest_route=%2Fwp%2Fv2%2Ftags&post=30549"}],"curies":[{"name":"wp","href":"https:\/\/api.w.org\/{rel}","templated":true}]}}