{"id":30542,"date":"2024-02-01T13:51:51","date_gmt":"2024-02-01T13:51:51","guid":{"rendered":"https:\/\/dekkbi.com\/?p=30542"},"modified":"2024-02-01T13:52:52","modified_gmt":"2024-02-01T13:52:52","slug":"birmane-etat-durgence-prolonge","status":"publish","type":"post","link":"https:\/\/dekkbi.com\/?p=30542","title":{"rendered":"Birmane: \u00e9tat d\u2019urgence prolong\u00e9"},"content":{"rendered":"\n<p>Le Conseil national de d\u00e9fense et de s\u00e9curit\u00e9 a assur\u00e9 discuter de \u00ab\u00a0pr\u00e9paratifs pour organiser des \u00e9lections avec plusieurs partis\u00a0\u00bb et de la tenue d\u2019une op\u00e9ration nationale de recensement, sans donner plus de d\u00e9tails.<\/p>\n\n\n\n<p>Les g\u00e9n\u00e9raux au pouvoir en Birmanie ont d\u00e9cr\u00e9t\u00e9, mercredi 31&nbsp;janvier, la prolongation de l\u2019\u00e9tat d\u2019urgence pour six mois suppl\u00e9mentaires, reportant de facto une nouvelle fois les \u00e9lections promises depuis le coup d\u2019Etat du 1<sup>er<\/sup>&nbsp;f\u00e9vrier&nbsp;2021. Cette d\u00e9cision est rendue n\u00e9cessaire&nbsp;<em>\u00ab&nbsp;car la situation n\u2019est pas revenue \u00e0 la normale et pour permettre de poursuivre le combat contre les terroristes&nbsp;\u00bb<\/em>, a justifi\u00e9 la junte dans un communiqu\u00e9.<\/p>\n\n\n\n<p>Le Conseil national de d\u00e9fense et de s\u00e9curit\u00e9 a discut\u00e9&nbsp;<em>\u00ab&nbsp;des pr\u00e9paratifs pour organiser des \u00e9lections avec plusieurs partis&nbsp;\u00bb<\/em>&nbsp;et de la tenue d\u2019une op\u00e9ration nationale de recensement, indispensable au scrutin, sans donner plus de d\u00e9tails, a poursuivi la junte.<\/p>\n\n\n\n<p>Cette annonce, alors que l\u2019\u00e9tat d\u2019urgence \u00e9tait cens\u00e9 expirer le 31&nbsp;janvier \u00e0 minuit, intervient durant une p\u00e9riode difficile pour l\u2019arm\u00e9e, contest\u00e9e sur un plan militaire dans des proportions in\u00e9dites depuis le putsch. Il s\u2019agit d\u2019une&nbsp;<em>\u00ab&nbsp;prolongation totalement attendue pour un r\u00e9gime qui s\u2019effrite&nbsp;\u00bb<\/em>, a analys\u00e9 l\u2019expert ind\u00e9pendant David Mathieson.<\/p>\n\n\n\n<h2 class=\"wp-block-heading\">Une r\u00e9pression que l\u2019arm\u00e9e justifie par des fraudes \u00e9lectorales en&nbsp;2020<\/h2>\n\n\n\n<p>Les g\u00e9n\u00e9raux ont d\u00e9clar\u00e9 l\u2019\u00e9tat d\u2019urgence apr\u00e8s avoir d\u00e9log\u00e9 du pouvoir la dirigeante \u00e9lue Aung San Suu Kyi, ouvrant une p\u00e9riode de r\u00e9pression contre les partisans d\u2019un retour de la d\u00e9mocratie. L\u2019arm\u00e9e a justifi\u00e9 son action en pr\u00e9textant des fraudes lors des l\u00e9gislatives de 2020, remport\u00e9es haut la main par le parti de la laur\u00e9ate du prix Nobel de la paix. Des accusations d\u00e9pourvues de fondement, selon des groupes de d\u00e9fense des droits humains.<\/p>\n\n\n\n<p>Depuis, l\u2019\u00e9tat d\u2019urgence a \u00e9t\u00e9 reconduit \u00e0 plusieurs reprises, dans un contexte de conflit civil \u00e9tendu dans plusieurs r\u00e9gions, entre l\u2019arm\u00e9e et ses opposants politiques et ethniques. La Constitution birmane de 2008, \u00e9crite par l\u2019arm\u00e9e et que la junte assure respecter, requiert des autorit\u00e9s qu\u2019elles organisent un scrutin dans les six mois suivant la lev\u00e9e de l\u2019\u00e9tat d\u2019urgence.<\/p>\n\n\n\n<p>Une offensive coordonn\u00e9e de trois groupes ethniques, fin octobre, a inflig\u00e9 une s\u00e9rie in\u00e9dite de revers \u00e0 la junte dans l\u2019Etat Shan (Nord), une r\u00e9gion proche de la fronti\u00e8re chinoise. L\u2019alliance compos\u00e9e de l\u2019Arm\u00e9e de l\u2019Arakan, de l\u2019Arm\u00e9e de l\u2019alliance d\u00e9mocratique nationale du Myanmar et de l\u2019Arm\u00e9e nationale de lib\u00e9ration des Ta\u2019ang a notamment pris le contr\u00f4le de deux routes strat\u00e9giques pour le commerce avec la Chine, le principal partenaire \u00e9conomique de la Birmanie.<\/p>\n\n\n\n<h2 class=\"wp-block-heading\">Plus de 4&nbsp;000&nbsp;morts de la r\u00e9pression<\/h2>\n\n\n\n<p>Des milliers de soldats se sont rendus et certains ont fui en Inde et en Chine, ce qui a provoqu\u00e9 des critiques inhabituelles de la part de soutiens de l\u2019arm\u00e9e. Des pourparlers sous l\u2019\u00e9gide de P\u00e9kin ont permis d\u2019\u00e9tablir un cessez-le-feu dans cette zone, \u00e0 l\u2019avantage de la coalition d\u2019insurg\u00e9s qui ont conserv\u00e9 leurs prises, mais les combats font rage dans d\u2019autres r\u00e9gions de ce pays d\u2019Asie du Sud-Est.<\/p>\n\n\n\n<p>Les d\u00e9faites inflig\u00e9es au pouvoir ont galvanis\u00e9 les groupes arm\u00e9s prod\u00e9mocratie qui poursuivent leurs assauts, en d\u00e9pit de moyens sommaires face \u00e0 une arm\u00e9e soutenue par la Chine et la Russie. Plus de 4&nbsp;400&nbsp;personnes ont \u00e9t\u00e9 tu\u00e9es dans la r\u00e9pression ayant suivi le coup d\u2019Etat et 25&nbsp;000&nbsp;autres ont \u00e9t\u00e9 arr\u00eat\u00e9es, selon un groupe local de surveillance.<\/p>\n\n\n\n<p>La junte a accus\u00e9 ses ennemis, qu\u2019elle qualifie de&nbsp;<em>\u00ab&nbsp;terroristes&nbsp;\u00bb<\/em>, d\u2019avoir tu\u00e9 plus de 6&nbsp;000&nbsp;civils. Les affrontements ont provoqu\u00e9 le d\u00e9placement de plus de deux millions de personnes \u00e0 travers le pays depuis le coup d\u2019Etat, selon les Nations unies.<\/p>\n\n\n\n<p>Le Monde avec AFP<\/p>\n","protected":false},"excerpt":{"rendered":"<p>Le Conseil national de d\u00e9fense et de s\u00e9curit\u00e9 a assur\u00e9 discuter de \u00ab\u00a0pr\u00e9paratifs pour organiser des \u00e9lections avec plusieurs partis\u00a0\u00bb<\/p>\n","protected":false},"author":1,"featured_media":30526,"comment_status":"open","ping_status":"open","sticky":false,"template":"","format":"standard","meta":{"footnotes":""},"categories":[51],"tags":[],"class_list":["post-30542","post","type-post","status-publish","format-standard","has-post-thumbnail","hentry","category-general"],"_links":{"self":[{"href":"https:\/\/dekkbi.com\/index.php?rest_route=\/wp\/v2\/posts\/30542","targetHints":{"allow":["GET"]}}],"collection":[{"href":"https:\/\/dekkbi.com\/index.php?rest_route=\/wp\/v2\/posts"}],"about":[{"href":"https:\/\/dekkbi.com\/index.php?rest_route=\/wp\/v2\/types\/post"}],"author":[{"embeddable":true,"href":"https:\/\/dekkbi.com\/index.php?rest_route=\/wp\/v2\/users\/1"}],"replies":[{"embeddable":true,"href":"https:\/\/dekkbi.com\/index.php?rest_route=%2Fwp%2Fv2%2Fcomments&post=30542"}],"version-history":[{"count":1,"href":"https:\/\/dekkbi.com\/index.php?rest_route=\/wp\/v2\/posts\/30542\/revisions"}],"predecessor-version":[{"id":30543,"href":"https:\/\/dekkbi.com\/index.php?rest_route=\/wp\/v2\/posts\/30542\/revisions\/30543"}],"wp:featuredmedia":[{"embeddable":true,"href":"https:\/\/dekkbi.com\/index.php?rest_route=\/wp\/v2\/media\/30526"}],"wp:attachment":[{"href":"https:\/\/dekkbi.com\/index.php?rest_route=%2Fwp%2Fv2%2Fmedia&parent=30542"}],"wp:term":[{"taxonomy":"category","embeddable":true,"href":"https:\/\/dekkbi.com\/index.php?rest_route=%2Fwp%2Fv2%2Fcategories&post=30542"},{"taxonomy":"post_tag","embeddable":true,"href":"https:\/\/dekkbi.com\/index.php?rest_route=%2Fwp%2Fv2%2Ftags&post=30542"}],"curies":[{"name":"wp","href":"https:\/\/api.w.org\/{rel}","templated":true}]}}