{"id":30531,"date":"2024-02-01T13:37:53","date_gmt":"2024-02-01T13:37:53","guid":{"rendered":"https:\/\/dekkbi.com\/?p=30531"},"modified":"2024-02-01T13:37:54","modified_gmt":"2024-02-01T13:37:54","slug":"en-espagne-barcelone-se-declare-en-etat-durgence-secheresse","status":"publish","type":"post","link":"https:\/\/dekkbi.com\/?p=30531","title":{"rendered":"En Espagne, Barcelone se d\u00e9clare en \u00e9tat d&rsquo;urgence s\u00e9cheresse"},"content":{"rendered":"\n<p>En Espagne, la Catalogne est frapp\u00e9e par une s\u00e9cheresse historique. Les autorit\u00e9s r\u00e9gionales ont d\u00e9cr\u00e9t\u00e9 l&rsquo;\u00e9tat d&rsquo;urgence \u00e0 Barcelone et ses environs. Dans cette r\u00e9gion espagnole du nord-est du pays, en raison de la faible pluviom\u00e9trie depuis trois ans, les r\u00e9coltes ont chut\u00e9\u00a0et fragilis\u00e9 un grand nombre d&rsquo;exploitations agricoles.<\/p>\n\n\n\n<p><em>Avec notre correspondante \u00e0 Barcelone,<strong>&nbsp;<\/strong><\/em><strong>\u00c9lise Gazengel<\/strong><\/p>\n\n\n\n<p>Depuis trois ans maintenant en\u00a0<strong>Catalogne<\/strong>, il ne pleut pas, ou pas assez. Techniquement, la r\u00e9gion est en d\u00e9ficit hydrique depuis 38 mois, depuis l&rsquo;automne 2020. Pour donner une id\u00e9e : il faudrait qu&rsquo;il pleuve pendant un mois sans arr\u00eat, pour pallier ce manque d&rsquo;eau, mais cela signifierait que Barcelone serait totalement inond\u00e9e.<\/p>\n\n\n\n<p>C&rsquo;est la plus longue et intense s\u00e9cheresse qu&rsquo;ait jamais v\u00e9cu la r\u00e9gion : le niveau des r\u00e9servoirs est tomb\u00e9 \u00e0 16 % de leur capacit\u00e9. Ce qui implique de fait un \u00e9tat d&rsquo;urgence pour l&rsquo;immense majorit\u00e9 du territoire, c&rsquo;est-\u00e0-dire plus de 6 millions de personnes dans 202 municipalit\u00e9s dont Barcelone, G\u00e9rone et toutes les villes de la c\u00f4te.\u00a0<\/p>\n\n\n\n<h2 class=\"wp-block-heading\">D&rsquo;importantes restrictions d&rsquo;eau \u00e0 pr\u00e9voir<\/h2>\n\n\n\n<p>Cette d\u00e9cision, annonc\u00e9e par le pr\u00e9sident du gouvernement r\u00e9gional catalan, Pere Aragon\u00e8s, implique de nouvelles restrictions pour quelque six millions de personnes. Cette urgence signifie que pour la premi\u00e8re fois des restrictions dans les foyers seront impos\u00e9es, par deux moyens : d&rsquo;abord une baisse de la pression dans les robinets pour r\u00e9duire la consommation, puis une limitation \u00e0 200 litres d&rsquo;eau par jour et par personne (tout habitant confondu) sous peine d&rsquo;amende.<\/p>\n\n\n\n<p>En outre, les piscines des h\u00f4tels ou camping ne pourront plus \u00eatre remplies. Quant \u00e0 l&rsquo;usage agricole, c&rsquo;est cette fois 80\u2009% d&rsquo;eau en moins et 25\u2009% de r\u00e9duction pour les industries. Des restrictions ont d\u00e9j\u00e0 \u00e9t\u00e9 appliqu\u00e9es pour le secteur agricole et l&rsquo;industrie depuis un an maintenant. Les habitants ont eux \u00e9t\u00e9 sensibilis\u00e9s et ont r\u00e9duit leur consommation. Mais c&rsquo;est insuffisant.<\/p>\n\n\n\n<h2 class=\"wp-block-heading\">La Catalogne parie sur le dessalement de l&rsquo;eau de mer<\/h2>\n\n\n\n<p>Le gouvernement a pour sa part d\u00e9bloqu\u00e9 2,7 milliards d&rsquo;euros pour cr\u00e9er de nouvelles usines de dessalement et de traitement des eaux, mais cela prendra du temps. Derni\u00e8re piste \u00e9voqu\u00e9e si la situation empire : cet \u00e9t\u00e9 des bateaux charg\u00e9s d&rsquo;eau potable pourraient arriver au port de Barcelone. La solution la plus simple serait que d&rsquo;ici l\u00e0, il pleuve.<\/p>\n\n\n\n<p>\u00c0 lire aussi :<\/p>\n","protected":false},"excerpt":{"rendered":"<p>En Espagne, la Catalogne est frapp\u00e9e par une s\u00e9cheresse historique. Les autorit\u00e9s r\u00e9gionales ont d\u00e9cr\u00e9t\u00e9 l&rsquo;\u00e9tat d&rsquo;urgence \u00e0 Barcelone et<\/p>\n","protected":false},"author":1,"featured_media":30532,"comment_status":"open","ping_status":"open","sticky":false,"template":"","format":"standard","meta":{"footnotes":""},"categories":[26],"tags":[],"class_list":["post-30531","post","type-post","status-publish","format-standard","has-post-thumbnail","hentry","category-fait-divers"],"_links":{"self":[{"href":"https:\/\/dekkbi.com\/index.php?rest_route=\/wp\/v2\/posts\/30531","targetHints":{"allow":["GET"]}}],"collection":[{"href":"https:\/\/dekkbi.com\/index.php?rest_route=\/wp\/v2\/posts"}],"about":[{"href":"https:\/\/dekkbi.com\/index.php?rest_route=\/wp\/v2\/types\/post"}],"author":[{"embeddable":true,"href":"https:\/\/dekkbi.com\/index.php?rest_route=\/wp\/v2\/users\/1"}],"replies":[{"embeddable":true,"href":"https:\/\/dekkbi.com\/index.php?rest_route=%2Fwp%2Fv2%2Fcomments&post=30531"}],"version-history":[{"count":1,"href":"https:\/\/dekkbi.com\/index.php?rest_route=\/wp\/v2\/posts\/30531\/revisions"}],"predecessor-version":[{"id":30533,"href":"https:\/\/dekkbi.com\/index.php?rest_route=\/wp\/v2\/posts\/30531\/revisions\/30533"}],"wp:featuredmedia":[{"embeddable":true,"href":"https:\/\/dekkbi.com\/index.php?rest_route=\/wp\/v2\/media\/30532"}],"wp:attachment":[{"href":"https:\/\/dekkbi.com\/index.php?rest_route=%2Fwp%2Fv2%2Fmedia&parent=30531"}],"wp:term":[{"taxonomy":"category","embeddable":true,"href":"https:\/\/dekkbi.com\/index.php?rest_route=%2Fwp%2Fv2%2Fcategories&post=30531"},{"taxonomy":"post_tag","embeddable":true,"href":"https:\/\/dekkbi.com\/index.php?rest_route=%2Fwp%2Fv2%2Ftags&post=30531"}],"curies":[{"name":"wp","href":"https:\/\/api.w.org\/{rel}","templated":true}]}}