{"id":30528,"date":"2024-02-01T13:35:33","date_gmt":"2024-02-01T13:35:33","guid":{"rendered":"https:\/\/dekkbi.com\/?p=30528"},"modified":"2024-02-01T13:35:34","modified_gmt":"2024-02-01T13:35:34","slug":"ukraine-les-vingt-sept-saccordent-sur-une-aide-de-cinquante-milliards-deuros","status":"publish","type":"post","link":"https:\/\/dekkbi.com\/?p=30528","title":{"rendered":"Ukraine: les Vingt-Sept s&rsquo;accordent sur une aide de cinquante milliards d&rsquo;euros"},"content":{"rendered":"\n<p>Les 27 pays de l&rsquo;Union europ\u00e9enne ont trouv\u00e9 un accord, jeudi 1er f\u00e9vrier, sur une aide de cinquante milliards d&rsquo;euros sur quatre ans pour l&rsquo;Ukraine, jusqu&rsquo;alors bloqu\u00e9e par le Premier ministre hongrois Viktor Orban.<\/p>\n\n\n\n<p>Le suspense aura finalement \u00e9t\u00e9 de courte dur\u00e9e lors de ce sommet extraordinaire.\u00a0L&rsquo;annonce est du pr\u00e9sident du Conseil europ\u00e9en Charles Michel\u00a0: \u00ab\u00a0<em>Unit\u00e9. L&rsquo;ensemble des 27 dirigeants se sont mis d&rsquo;accord sur une enveloppe suppl\u00e9mentaire de 50 milliards d&rsquo;euros pour soutenir l&rsquo;Ukraine dans le cadre du budget de l&rsquo;UE. Cet accord garantit un financement stable, pr\u00e9visible et \u00e0 long terme pour l&rsquo;Ukraine\u00a0<\/em>\u00bb, a \u00e9crit le responsable sur X (ex-Twitter), au d\u00e9but d&rsquo;un sommet extraordinaire \u00e0 Bruxelles, le jeudi 1er f\u00e9vrier 2023.<\/p>\n\n\n\n<p>Depuis Kiev,\u00a0<strong>l&rsquo;Ukraine<\/strong>\u00a0a salu\u00e9 la \u00ab<em>\u00a0contribution\u00a0<\/em>\u00bb de l&rsquo;Union europ\u00e9enne \u00e0 une \u00ab<em>\u00a0victoire commune\u00a0<\/em>\u00bb sur la Russie.\u00a0\u00ab\u00a0<em>\u00a0Il est tr\u00e8s important que la d\u00e9cision ait \u00e9t\u00e9 prise par les 27 dirigeants, ce qui prouve une fois de plus la forte unit\u00e9 de l&rsquo;Union europ\u00e9enne<\/em>\u00a0\u00bb, s&rsquo;est f\u00e9licit\u00e9 jeudi le pr\u00e9sident ukrainien Volodymyr Zelensky, apr\u00e8s la lev\u00e9e du veto hongrois \u00e0 ce paquet. Cette aide \u00ab\u00a0<em>renforcera la stabilit\u00e9 \u00e9conomique et financi\u00e8re \u00e0 long terme, ce qui n&rsquo;est pas moins important que l&rsquo;assistance militaire<\/em>\u00a0\u00bb \u00e0 Kiev face \u00e0 l&rsquo;invasion russe, a-t-il ajout\u00e9.<\/p>\n\n\n\n<p>La pr\u00e9sidente de la Commission, Ursula von der Leyen, s&rsquo;est r\u00e9jouie d&rsquo;un \u00ab\u00a0<em>bon jour pour l&rsquo;Europe<\/em>\u00a0\u00bb et Kiev a salu\u00e9 la \u00ab\u00a0<em>contribution\u00a0<\/em>\u00bb de\u00a0<strong>l&rsquo;Union europ\u00e9enne<\/strong>\u00a0\u00e0 une \u00ab<em>\u00a0victoire commune\u00a0<\/em>\u00bb sur la Russie.<\/p>\n\n\n\n<p>Le compromis trouv\u00e9 pr\u00e9voit la possibilit\u00e9 de convoquer un sommet des chefs d&rsquo;\u00c9tat ou de gouvernement dans les deux ans pour examiner la mise en \u0153uvre de ce budget europ\u00e9en pluriannuel.\u00a0Le sommet avait \u00e9t\u00e9 pr\u00e9c\u00e9d\u00e9 d&rsquo;une r\u00e9union autour de Viktor Orban rassemblant le pr\u00e9sident fran\u00e7ais Emmanuel Macron, la cheffe du gouvernement italien Giorgia Meloni, ainsi que la pr\u00e9sidente de la Commission Ursula von der Leyen et le pr\u00e9sident du Conseil europ\u00e9en Charles Michel. \u00ab\u00a0<em>Nous avons besoin d&rsquo;un accord \u00e0 27<\/em>\u00a0\u00bb, avait insist\u00e9 le chancelier allemand Olaf Scholz \u00e0 son arriv\u00e9e.<\/p>\n\n\n\n<h2 class=\"wp-block-heading\">\u00ab&nbsp;<em>Un signal important&nbsp;<\/em>\u00bb<\/h2>\n\n\n\n<p>L&rsquo;aide europ\u00e9enne destin\u00e9e \u00e0 l&rsquo;Ukraine (33 milliards de pr\u00eats et 17 milliards de dons) est incluse dans une rallonge au budget de l&rsquo;UE jusqu&rsquo;en 2027. Un appui dont Kiev a d\u00e9sesp\u00e9r\u00e9ment besoin pour maintenir \u00e0 flot son \u00e9conomie, alors qu&rsquo;une enveloppe d&rsquo;aide am\u00e9ricaine est bloqu\u00e9e au Congr\u00e8s. \u00ab&nbsp;<em>C&rsquo;est un signal important adress\u00e9 \u00e0 l&rsquo;Ukraine que l&rsquo;UE se tient derri\u00e8re vous sur le long terme, jusqu&rsquo;\u00e0 la victoire<\/em>&nbsp;\u00bb, a r\u00e9agi la Premi\u00e8re ministre estonienne Kaja Kallas.&nbsp;<\/p>\n\n\n\n<p>Le dirigeant hongrois, seul parmi les Vingt-Sept \u00e0 avoir maintenu\u00a0<strong>des liens \u00e9troits<\/strong>\u00a0avec Moscou apr\u00e8s le lancement de l&rsquo;invasion de l&rsquo;Ukraine il y a pr\u00e8s de deux ans, avait suscit\u00e9 la col\u00e8re et l&rsquo;exasp\u00e9ration de ses homologues r\u00e9unis en d\u00e9cembre dernier en s&rsquo;opposant \u00e0 ce soutien financier. Il a \u00e9t\u00e9 accus\u00e9 \u00e0 Bruxelles de faire du chantage \u00e0 l&rsquo;UE pour obtenir le d\u00e9blocage de fonds europ\u00e9ens destin\u00e9s \u00e0 son pays mais gel\u00e9s en raison des manquements \u00e0 l&rsquo;\u00c9tat de droit reproch\u00e9s \u00e0 Budapest.<\/p>\n\n\n\n<p>La Hongrie r\u00e9clamait de pouvoir proc\u00e9der \u00e0 une r\u00e9vision annuelle de ce soutien, avec un vote \u00e0 l&rsquo;unanimit\u00e9, mais les autres pays de l&rsquo;UE ne voulaient surtout pas lui donner de telles occasions de blocage.&nbsp;<\/p>\n\n\n\n<h2 class=\"wp-block-heading\">Un sommet sur fond de forte mobilisation<\/h2>\n\n\n\n<p>Le Premier ministre polonais Donald Tusk s&rsquo;\u00e9tait fait l&rsquo;\u00e9cho d&rsquo;une impatience croissante, en arrivant \u00e0 Bruxelles. \u00ab&nbsp;<em>Nous n&rsquo;avons pas de lassitude sur l&rsquo;Ukraine, nous avons une lassitude \u00e0 l&rsquo;\u00e9gard de Viktor Orban<\/em>&nbsp;\u00bb, avait-il d\u00e9clar\u00e9, d\u00e9non\u00e7ant le \u00ab&nbsp;<em>jeu \u00e9trange et \u00e9go\u00efste<\/em>&nbsp;\u00bb de ce dernier.<\/p>\n\n\n\n<p>Le sommet se tient sur fond de forte mobilisation du\u00a0<strong>monde agricole<\/strong>\u00a0: quelque 1\u00a0300 tracteurs ont converg\u00e9 dans un concert de klaxons, jusqu&rsquo;\u00e0 Bruxelles. Les manifestants faisaient face \u00e0 la police devant le Parlement europ\u00e9en, o\u00f9 des pneus ont \u00e9t\u00e9 incendi\u00e9s et une statue d\u00e9boulonn\u00e9e, \u00e0 proximit\u00e9 des lieux du sommet.<\/p>\n\n\n\n<p>Lors du sommet de d\u00e9cembre, l&rsquo;ouverture de n\u00e9gociations d&rsquo;adh\u00e9sion avec l&rsquo;Ukraine, \u00e0 laquelle s&rsquo;opposait aussi Viktor Orban, avait \u00e9t\u00e9 possible parce que ce dernier avait accept\u00e9 de quitter la salle au moment o\u00f9 la d\u00e9cision \u00e9tait prise.<\/p>\n\n\n\n<p>\u00c0 la veille de cette r\u00e9union, la Commission avait accept\u00e9 de d\u00e9bloquer quelque 10 milliards d&rsquo;euros de fonds destin\u00e9s \u00e0 la Hongrie et jusque-l\u00e0 gel\u00e9s, mettant en avant des r\u00e9formes entreprises par Budapest pour am\u00e9liorer l&rsquo;ind\u00e9pendance de ses juges. Mais plus de 20 milliards de fonds europ\u00e9ens sont toujours retenus, en raison d&rsquo;inqui\u00e9tudes de Bruxelles portant notamment sur le respect des droits des personnes LGBT+, de la libert\u00e9 acad\u00e9mique et du droit d&rsquo;asile dans le pays.<\/p>\n\n\n\n<p>\u00c0 c\u00f4t\u00e9 de la question budg\u00e9taire, le sommet doit \u00e9galement aborder l&rsquo;augmentation de l&rsquo;aide militaire \u00e0 l&rsquo;Ukraine.<\/p>\n\n\n\n<p>(<em>Avec AFP<\/em>)<\/p>\n","protected":false},"excerpt":{"rendered":"<p>Les 27 pays de l&rsquo;Union europ\u00e9enne ont trouv\u00e9 un accord, jeudi 1er f\u00e9vrier, sur une aide de cinquante milliards d&rsquo;euros<\/p>\n","protected":false},"author":1,"featured_media":30529,"comment_status":"open","ping_status":"open","sticky":false,"template":"","format":"standard","meta":{"footnotes":""},"categories":[51],"tags":[],"class_list":["post-30528","post","type-post","status-publish","format-standard","has-post-thumbnail","hentry","category-general"],"_links":{"self":[{"href":"https:\/\/dekkbi.com\/index.php?rest_route=\/wp\/v2\/posts\/30528","targetHints":{"allow":["GET"]}}],"collection":[{"href":"https:\/\/dekkbi.com\/index.php?rest_route=\/wp\/v2\/posts"}],"about":[{"href":"https:\/\/dekkbi.com\/index.php?rest_route=\/wp\/v2\/types\/post"}],"author":[{"embeddable":true,"href":"https:\/\/dekkbi.com\/index.php?rest_route=\/wp\/v2\/users\/1"}],"replies":[{"embeddable":true,"href":"https:\/\/dekkbi.com\/index.php?rest_route=%2Fwp%2Fv2%2Fcomments&post=30528"}],"version-history":[{"count":1,"href":"https:\/\/dekkbi.com\/index.php?rest_route=\/wp\/v2\/posts\/30528\/revisions"}],"predecessor-version":[{"id":30530,"href":"https:\/\/dekkbi.com\/index.php?rest_route=\/wp\/v2\/posts\/30528\/revisions\/30530"}],"wp:featuredmedia":[{"embeddable":true,"href":"https:\/\/dekkbi.com\/index.php?rest_route=\/wp\/v2\/media\/30529"}],"wp:attachment":[{"href":"https:\/\/dekkbi.com\/index.php?rest_route=%2Fwp%2Fv2%2Fmedia&parent=30528"}],"wp:term":[{"taxonomy":"category","embeddable":true,"href":"https:\/\/dekkbi.com\/index.php?rest_route=%2Fwp%2Fv2%2Fcategories&post=30528"},{"taxonomy":"post_tag","embeddable":true,"href":"https:\/\/dekkbi.com\/index.php?rest_route=%2Fwp%2Fv2%2Ftags&post=30528"}],"curies":[{"name":"wp","href":"https:\/\/api.w.org\/{rel}","templated":true}]}}