{"id":30463,"date":"2024-01-31T13:59:29","date_gmt":"2024-01-31T13:59:29","guid":{"rendered":"https:\/\/dekkbi.com\/?p=30463"},"modified":"2024-01-31T13:59:30","modified_gmt":"2024-01-31T13:59:30","slug":"thiaroye-c-f-senferme-dans-sa-chambre-avec-ses-deux-filles-et-tente-degorger-la-cadette-agee-de-3-ans","status":"publish","type":"post","link":"https:\/\/dekkbi.com\/?p=30463","title":{"rendered":"Thiaroye: C. F. s&rsquo;enferme dans sa chambre avec ses deux filles et tente d&rsquo;\u00e9gorger la cadette \u00e2g\u00e9e de 3 ans"},"content":{"rendered":"\n<p>C. F. \u00e2g\u00e9 de 51 ans, est d\u00e9tenu au commissariat de Thiaroye. Il a retenu ses deux jeunes filles, \u00e2g\u00e9es de 5 et 3 ans, captives dans sa chambre, avant d\u2019entamer une attaque contre la plus jeune, A. F., en lui tranchant la gorge. Par chance, l\u2019horreur a \u00e9t\u00e9 \u00e9vit\u00e9e gr\u00e2ce \u00e0 l\u2019intervention rapide de la police, qui l\u2019a appr\u00e9hend\u00e9 en flagrant d\u00e9lit.<\/p>\n\n\n\n<p>La fillette bless\u00e9e est actuellement hospitalis\u00e9e dans un \u00e9tat critique, \u00e0 l\u2019h\u00f4pital de Fann, comme rapport\u00e9 par \u00ab\u00a0L\u2019Observateur\u00a0\u00bb, repris par \u00ab\u00a0Senenews\u00a0\u00bb. \u00ab\u00a0Les \u00c9chos\u00a0\u00bb du jour d\u00e9clarent que le p\u00e8re a sombr\u00e9 dans la folie, apr\u00e8s son retour au S\u00e9n\u00e9gal \u00e0 la suite d\u2019un long s\u00e9jour en France. Selon le journal, lorsqu\u2019il perd la raison, il instaure la terreur au sein de sa famille et prof\u00e8re des menaces incessantes.<\/p>\n\n\n\n<p>Le m\u00eame m\u00e9dia r\u00e9v\u00e8le qu\u2019en raison de son \u00e9tat mental, il avait cess\u00e9 toute activit\u00e9 commerciale, domaine dans lequel il s\u2019\u00e9tait reconverti apr\u00e8s son retour, afin de suivre un traitement \u00e0 l\u2019h\u00f4pital psychiatrique de Thiaroye. Sa femme l\u2019accompagnait r\u00e9guli\u00e8rement pour ses consultations, pr\u00e9cise la source.<\/p>\n\n\n\n<p>Lors de sa derni\u00e8re crise avant son arrestation, poursuit cette derni\u00e8re, il a enferm\u00e9 ses deux filles encore au lit, criant le nom d\u2019un membre de sa belle-famille : \u00ab<em>&nbsp;J\u2019ai appris que vous \u00e9tiez en train de manigancer, de comploter pour me tuer. Mais, c\u2019est peine perdue. Autrement, si vous tentez de le faire, vous aurez deux cadavres dans la maison<\/em>&nbsp;\u00bb.<\/p>\n\n\n\n<p>Nd\u00e8ye Fatou K\u00e9b\u00e9<\/p>\n","protected":false},"excerpt":{"rendered":"<p>C. F. \u00e2g\u00e9 de 51 ans, est d\u00e9tenu au commissariat de Thiaroye. Il a retenu ses deux jeunes filles, \u00e2g\u00e9es<\/p>\n","protected":false},"author":1,"featured_media":30464,"comment_status":"open","ping_status":"open","sticky":false,"template":"","format":"standard","meta":{"footnotes":""},"categories":[26],"tags":[],"class_list":["post-30463","post","type-post","status-publish","format-standard","has-post-thumbnail","hentry","category-fait-divers"],"_links":{"self":[{"href":"https:\/\/dekkbi.com\/index.php?rest_route=\/wp\/v2\/posts\/30463","targetHints":{"allow":["GET"]}}],"collection":[{"href":"https:\/\/dekkbi.com\/index.php?rest_route=\/wp\/v2\/posts"}],"about":[{"href":"https:\/\/dekkbi.com\/index.php?rest_route=\/wp\/v2\/types\/post"}],"author":[{"embeddable":true,"href":"https:\/\/dekkbi.com\/index.php?rest_route=\/wp\/v2\/users\/1"}],"replies":[{"embeddable":true,"href":"https:\/\/dekkbi.com\/index.php?rest_route=%2Fwp%2Fv2%2Fcomments&post=30463"}],"version-history":[{"count":1,"href":"https:\/\/dekkbi.com\/index.php?rest_route=\/wp\/v2\/posts\/30463\/revisions"}],"predecessor-version":[{"id":30465,"href":"https:\/\/dekkbi.com\/index.php?rest_route=\/wp\/v2\/posts\/30463\/revisions\/30465"}],"wp:featuredmedia":[{"embeddable":true,"href":"https:\/\/dekkbi.com\/index.php?rest_route=\/wp\/v2\/media\/30464"}],"wp:attachment":[{"href":"https:\/\/dekkbi.com\/index.php?rest_route=%2Fwp%2Fv2%2Fmedia&parent=30463"}],"wp:term":[{"taxonomy":"category","embeddable":true,"href":"https:\/\/dekkbi.com\/index.php?rest_route=%2Fwp%2Fv2%2Fcategories&post=30463"},{"taxonomy":"post_tag","embeddable":true,"href":"https:\/\/dekkbi.com\/index.php?rest_route=%2Fwp%2Fv2%2Ftags&post=30463"}],"curies":[{"name":"wp","href":"https:\/\/api.w.org\/{rel}","templated":true}]}}