{"id":30450,"date":"2024-01-31T12:38:50","date_gmt":"2024-01-31T12:38:50","guid":{"rendered":"https:\/\/dekkbi.com\/?p=30450"},"modified":"2024-01-31T12:38:51","modified_gmt":"2024-01-31T12:38:51","slug":"devant-les-diplomates-accredites-en-rdc-tshisekedi-rejette-tout-compromis-avec-le-rwanda","status":"publish","type":"post","link":"https:\/\/dekkbi.com\/?p=30450","title":{"rendered":"Devant les diplomates accr\u00e9dit\u00e9s en RDC, Tshisekedi rejette tout compromis avec le Rwanda"},"content":{"rendered":"\n<p><strong>Kinshasa, 30 janvier 2024 (ACP).-\u00a0<\/strong>Aucun compromis ne se fera avec le Rwanda, agresseur de la R\u00e9publique d\u00e9mocratique du Congo depuis des d\u00e9cennies, a dit le Chef de l\u2019Etat lors de la traditionnelle c\u00e9r\u00e9monie d\u2019\u00e9change de v\u0153ux avec le corps diplomatique accr\u00e9dit\u00e9 au pays organis\u00e9e mardi \u00e0 Kinshasa.<\/p>\n\n\n\n<p><em>\u00ab Nous n\u2019accepterons aucun compromis (\u2026) qui aurait d\u2019autres objectifs que la sauvegarde de la souverainet\u00e9, de l\u2019int\u00e9grit\u00e9 territoriale et de la stabilit\u00e9 de la RDC. Aucun compromis n\u2019aura pour effet de porter atteinte aux droits inali\u00e9nables du peuple congolais \u00e0 la vie et \u00e0 la pleine jouissance de ses richesses \u00bb,<\/em>&nbsp;a d\u00e9clar\u00e9 F\u00e9lix Tshisekedi, en r\u00e9ponse au message de v\u0153ux lui adress\u00e9, au nom de tous les diplomates par leur doyen, l\u2019ambassadeur du Ghana en RDC.<\/p>\n\n\n\n<p><em>\u00ab A ce jour, les forces de d\u00e9fense rwandaises continuent \u00e0 op\u00e9rer impun\u00e9ment et en violation du droit international sur notre sol (\u2026), aucun dialogue ne peut et ne pourra intervenir avec notre agresseur tant qu\u2019il occupera (\u2026)une portion de notre territoire \u00bb,<\/em>a-t-il martel\u00e9.<\/p>\n\n\n\n<p><strong><em>Souverainet\u00e9 non n\u00e9gociable de la RDC<\/em><\/strong><\/p>\n\n\n\n<p>Parlant de\u00a0<em>\u00ab l\u2019occupation d\u2019une partie de la province du Nord-Kivu par la coalition compos\u00e9e des forces de d\u00e9fense rwandaise (RDF) et du groupe terroriste du M23 \u00bb<\/em>, le pr\u00e9sident congolais a donn\u00e9 la position de son gouvernement qui se r\u00e9sume en quelques points.<\/p>\n\n\n\n<p>Il s\u2019agit, a-t-il indiqu\u00e9, du&nbsp;<em>\u00ab caract\u00e8re non n\u00e9gociable&nbsp;<\/em>\u00bb de la souverainet\u00e9 et de l\u2019int\u00e9grit\u00e9 territoriale de la RDC ; de son droit et son devoir, en tant que&nbsp;<em>\u00ab Commandant supr\u00eame \u00bb,<\/em>&nbsp;de d\u00e9fendre l\u2019int\u00e9grit\u00e9 territoriale et la souverainet\u00e9 du pays ainsi que de la mise en application du plan de paix issu des processus de Nairobi et de Luanda.<\/p>\n\n\n\n<p><em>\u00abCe plan demeure la seule voie valable pour un r\u00e8glement pacifique du conflit qui oppose notre pays \u00e0 son agresseur la R\u00e9publique du Rwanda \u00bb,&nbsp;<\/em>a-t-il dit aux ambassadeurs et membres du corps diplomatique r\u00e9unis au Palais de la nation.<\/p>\n\n\n\n<p>Alors que la RDC a respect\u00e9 tous ces engagements pr\u00e9vus dans ce plan de paix de Luanda et de Nairobi,&nbsp;<em>\u00ab le Rwanda a, comme dans ses habitudes, manqu\u00e9 aux siens \u00bb,&nbsp;<\/em>a regrett\u00e9 le chef de l\u2019Etat.<\/p>\n\n\n\n<p><strong><em>Sanctions cibl\u00e9es contre le Rwanda<\/em><\/strong><\/p>\n\n\n\n<p>Tant que cette situation perdurera, les forces de D\u00e9fense congolaises exerceront leur droit de poursuite de ses ennemis&nbsp;<em>\u00ab jusque dans leur dernier retranchement \u00bb,&nbsp;<\/em>a averti F\u00e9lix Tshisekedi.<\/p>\n\n\n\n<p><em>\u00ab Je lance ainsi un appel pressant aux instances onusiennes, \u00e0 l\u2019Union africaine et aux organisations r\u00e9gionales pour que soient initi\u00e9es des sanctions cibl\u00e9es \u00e0 l\u2019encontre des responsables rwandais et ceux du mouvement terroriste du M23 qui s\u2019adonnent \u00e0 la violation de notre souverainet\u00e9 \u00bb<\/em>, a-t-il fait remarquer.<\/p>\n\n\n\n<p>Auparavant, le doyen de membres du corps diplomatique accr\u00e9dit\u00e9s en RDC avait dans son message de v\u0153ux, au nom de ses coll\u00e8gues, f\u00e9licit\u00e9 le pr\u00e9sident Tshisekedi pour sa r\u00e9\u00e9lection et \u00e9num\u00e9r\u00e9 de grandes actions ayant marqu\u00e9 son premier mandat.<\/p>\n\n\n\n<p>L\u2019ambassadeur du Ghana en RDC a enfin salu\u00e9 notamment&nbsp;<em>\u00ab le professionnalisme de la Commission nationale \u00e9lectorale ind\u00e9pendante (C\u00e9ni), la maturit\u00e9 du peuple congolais prouv\u00e9e lors des \u00e9lections de 2023 et la main tendue \u00e0 l\u2019opposition par le pr\u00e9sident F\u00e9lix Tshisekedi \u00bb.<\/em><\/p>\n\n\n\n<p>Les ambassadeurs extraordinaires et pl\u00e9nipotentiaires des pays amis accr\u00e9dit\u00e9s en RDC, les chefs de mission diplomatique, les attach\u00e9s militaires, les secr\u00e9taires g\u00e9n\u00e9raux des Affaires \u00e9trang\u00e8res et de la Coop\u00e9ration ainsi que leurs directeurs de services centraux ont particip\u00e9 \u00e0 cette c\u00e9r\u00e9monie organis\u00e9e au Palais de la nation.<\/p>\n\n\n\n<p><strong>ACP\/Kayu<\/strong><\/p>\n","protected":false},"excerpt":{"rendered":"<p>Kinshasa, 30 janvier 2024 (ACP).-\u00a0Aucun compromis ne se fera avec le Rwanda, agresseur de la R\u00e9publique d\u00e9mocratique du Congo depuis<\/p>\n","protected":false},"author":1,"featured_media":30451,"comment_status":"open","ping_status":"open","sticky":false,"template":"","format":"standard","meta":{"footnotes":""},"categories":[51],"tags":[],"class_list":["post-30450","post","type-post","status-publish","format-standard","has-post-thumbnail","hentry","category-general"],"_links":{"self":[{"href":"https:\/\/dekkbi.com\/index.php?rest_route=\/wp\/v2\/posts\/30450","targetHints":{"allow":["GET"]}}],"collection":[{"href":"https:\/\/dekkbi.com\/index.php?rest_route=\/wp\/v2\/posts"}],"about":[{"href":"https:\/\/dekkbi.com\/index.php?rest_route=\/wp\/v2\/types\/post"}],"author":[{"embeddable":true,"href":"https:\/\/dekkbi.com\/index.php?rest_route=\/wp\/v2\/users\/1"}],"replies":[{"embeddable":true,"href":"https:\/\/dekkbi.com\/index.php?rest_route=%2Fwp%2Fv2%2Fcomments&post=30450"}],"version-history":[{"count":1,"href":"https:\/\/dekkbi.com\/index.php?rest_route=\/wp\/v2\/posts\/30450\/revisions"}],"predecessor-version":[{"id":30452,"href":"https:\/\/dekkbi.com\/index.php?rest_route=\/wp\/v2\/posts\/30450\/revisions\/30452"}],"wp:featuredmedia":[{"embeddable":true,"href":"https:\/\/dekkbi.com\/index.php?rest_route=\/wp\/v2\/media\/30451"}],"wp:attachment":[{"href":"https:\/\/dekkbi.com\/index.php?rest_route=%2Fwp%2Fv2%2Fmedia&parent=30450"}],"wp:term":[{"taxonomy":"category","embeddable":true,"href":"https:\/\/dekkbi.com\/index.php?rest_route=%2Fwp%2Fv2%2Fcategories&post=30450"},{"taxonomy":"post_tag","embeddable":true,"href":"https:\/\/dekkbi.com\/index.php?rest_route=%2Fwp%2Fv2%2Ftags&post=30450"}],"curies":[{"name":"wp","href":"https:\/\/api.w.org\/{rel}","templated":true}]}}