{"id":30448,"date":"2024-01-31T12:35:34","date_gmt":"2024-01-31T12:35:34","guid":{"rendered":"https:\/\/dekkbi.com\/?p=30448"},"modified":"2024-01-31T12:35:35","modified_gmt":"2024-01-31T12:35:35","slug":"supposee-corruption-au-conseil-constitutionnel-le-collectif-des-49-candidats-spolies-veut-toute-la-lumiere","status":"publish","type":"post","link":"https:\/\/dekkbi.com\/?p=30448","title":{"rendered":"Suppos\u00e9e \u00ab corruption \u00bb au Conseil constitutionnel : Le Collectif des 49 candidats spoli\u00e9s, veut toute la lumi\u00e8re&#8230;"},"content":{"rendered":"\n<p>Le S\u00e9n\u00e9gal vit une p\u00e9riode assez particuli\u00e8re dans son histoire politique, face \u00e0 des \u00e9lections marqu\u00e9es par le caract\u00e8re biais\u00e9 du processus \u00e9lectoral, du fait des scandales n\u00e9s du syst\u00e8me de parrainage. Jamais dans l\u2019histoire de notre pays, une situation pr\u00e9-\u00e9lectorale aussi incertaine contest\u00e9e et jalonn\u00e9e d\u2019emb\u00fbches, n\u2019a eu lieu du fait de dysfonctionnements manifestes du processus \u00e9lectoral, particuli\u00e8rement dans la phase du contr\u00f4le et de la validation du syst\u00e8me de parrainage.<\/p>\n\n\n\n<p>Le Collectif des 49 candidats, victimes du syst\u00e8me de s\u00e9lection des parrains \u00e0 l\u2019\u00e9lection pr\u00e9sidentielle, a toujours appel\u00e9 \u00e0 la mobilisation pour lutter contre ce m\u00e9canisme peu fiable de s\u00e9lection des candidats. Qu\u2019il s\u2019agisse des consultations aupr\u00e8s de la D\u00e9l\u00e9gation de l\u2019Union Europ\u00e9enne et de ses Ambassadeurs accr\u00e9dit\u00e9s \u00e0 Dakar ou de la visite d\u2019information aupr\u00e8s du Khalife g\u00e9n\u00e9ral des mourides, le collectif a toujours port\u00e9 le message du r\u00e9tablissement des candidats dans leurs droits.<\/p>\n\n\n\n<p>L\u2019audience du Mercredi 24 Janvier 2024 accord\u00e9e \u00e0 des membres du Collectif par le pr\u00e9sident de la R\u00e9publique, apr\u00e8s en avoir lui- m\u00eame exprim\u00e9 le besoin, s\u2019inscrivait en droite ligne de ce besoin de signifier au pr\u00e9sident du Conseil Sup\u00e9rieur de la Magistrature, que les d\u00e9cisions du Conseil constitutionnel sont injustes.<\/p>\n\n\n\n<p>Par la m\u00eame occasion, la d\u00e9l\u00e9gation a relev\u00e9 le caract\u00e8re antid\u00e9mocratique et spoliant du syst\u00e8me de parrainage. Par ailleurs, lors de l\u2019audience, le collectif a abord\u00e9 le sujet portant \u00ab&nbsp;<em>lib\u00e9ration de toutes les personnes en d\u00e9tention provisoire suite \u00e0 des \u00e9v\u00e8nements politiques&nbsp;<\/em>\u00bb. Les noms des personnes arr\u00eat\u00e9es lors des manifestations politiques et qui sont en d\u00e9tention provisoire pour des d\u00e9lits mineurs, sont en train d\u2019\u00eatre transmis aux autorit\u00e9s comp\u00e9tentes, dans la perspective de faciliter leur \u00e9largissement. Nous notons que certains d\u2019entre eux sont en train d\u2019\u00eatre effectivement lib\u00e9r\u00e9s.<\/p>\n\n\n\n<p>Ces r\u00e9sultats issus de la mise en \u0153uvre du Plan d\u2019action n\u00b01, appellent \u00e0 davantage d\u2019actions collectives, de concertations, afin de renforcer notre cadre de lutte. Le Collectif devra poursuivre les initiatives d\u2019information, de sensibilisation aupr\u00e8s des masses populaires pour : &#8211; la suppression du syst\u00e8me de parrainage citoyen dans le processus \u00e9lectoral au S\u00e9n\u00e9gal ; &#8211; la coh\u00e9sion et la massification du Collectif pour un syst\u00e8me \u00e9lectoral cr\u00e9dible, participatif et d\u00e9mocratique.<\/p>\n\n\n\n<p>Il importe de souligner avec force, que les candidats spoli\u00e9s resteront debout et poursuivront le combat tout en informant davantage les s\u00e9n\u00e9galais sur : le manque de fiabilit\u00e9 du fichier avec lequel, le Conseil constitutionnel a proc\u00e9d\u00e9 \u00e0 l\u2019\u00e9limination syst\u00e9matique de plus de 900 000 \u00e9lecteurs, consid\u00e9r\u00e9s comme des \u00ab \u00e9lecteurs non identifi\u00e9s dans le fichier g\u00e9n\u00e9ral des \u00e9lecteurs et, plus, \u00e0 l\u2019exclusion de candidats aux dossiers accept\u00e9s, pour l\u2019\u00e9lection pr\u00e9sidentielle de F\u00e9vrier 2024.<\/p>\n\n\n\n<p>La force de notre Collectif r\u00e9side dans la diversit\u00e9 des positions de ses membres. Cette richesse s\u2019illustre par le fait que les uns n\u2019envisagent pas leur exclusion en tant que candidats \u00e0 la prochaine \u00e9lection de F\u00e9vrier 2024 et les autres sont dans des dynamiques de coalitions, en rapport avec les proc\u00e9dures \u00e9lectorales en cours. A propos de l\u2019affaire de la mise en place d\u2019une Commission d\u2019enqu\u00eate parlementaire, le collectif des candidats spoli\u00e9s exige que la lumi\u00e8re soit faite dans cette affaire, qui est d\u2019une gravit\u00e9 \u00e9norme.<\/p>\n\n\n\n<p>Le collectif soutient toute initiative tendant \u00e0 lutter contre toutes les formes d\u2019irr\u00e9gularit\u00e9s pouvant remettre en cause la paix et la coh\u00e9sion sociale du pays. En rapport avec toutes les forces \u00e9prises de Paix et de Justice, les 49 candidats spoli\u00e9s (valid\u00e9s et\/ou invalid\u00e9s) poursuivront ardemment, \u00e0 privil\u00e9gier le dialogue en leur sein, pour un S\u00e9n\u00e9gal stable.<\/p>\n\n\n\n<p><strong>Le Collectif des 49 Candidats spoli\u00e9s<br><\/strong><\/p>\n\n\n\n<p>Ousmane Wade<\/p>\n\n\n\n<p>LERAL<\/p>\n","protected":false},"excerpt":{"rendered":"<p>Le S\u00e9n\u00e9gal vit une p\u00e9riode assez particuli\u00e8re dans son histoire politique, face \u00e0 des \u00e9lections marqu\u00e9es par le caract\u00e8re biais\u00e9<\/p>\n","protected":false},"author":1,"featured_media":30254,"comment_status":"open","ping_status":"open","sticky":false,"template":"","format":"standard","meta":{"footnotes":""},"categories":[6],"tags":[],"class_list":["post-30448","post","type-post","status-publish","format-standard","has-post-thumbnail","hentry","category-politics"],"_links":{"self":[{"href":"https:\/\/dekkbi.com\/index.php?rest_route=\/wp\/v2\/posts\/30448","targetHints":{"allow":["GET"]}}],"collection":[{"href":"https:\/\/dekkbi.com\/index.php?rest_route=\/wp\/v2\/posts"}],"about":[{"href":"https:\/\/dekkbi.com\/index.php?rest_route=\/wp\/v2\/types\/post"}],"author":[{"embeddable":true,"href":"https:\/\/dekkbi.com\/index.php?rest_route=\/wp\/v2\/users\/1"}],"replies":[{"embeddable":true,"href":"https:\/\/dekkbi.com\/index.php?rest_route=%2Fwp%2Fv2%2Fcomments&post=30448"}],"version-history":[{"count":1,"href":"https:\/\/dekkbi.com\/index.php?rest_route=\/wp\/v2\/posts\/30448\/revisions"}],"predecessor-version":[{"id":30449,"href":"https:\/\/dekkbi.com\/index.php?rest_route=\/wp\/v2\/posts\/30448\/revisions\/30449"}],"wp:featuredmedia":[{"embeddable":true,"href":"https:\/\/dekkbi.com\/index.php?rest_route=\/wp\/v2\/media\/30254"}],"wp:attachment":[{"href":"https:\/\/dekkbi.com\/index.php?rest_route=%2Fwp%2Fv2%2Fmedia&parent=30448"}],"wp:term":[{"taxonomy":"category","embeddable":true,"href":"https:\/\/dekkbi.com\/index.php?rest_route=%2Fwp%2Fv2%2Fcategories&post=30448"},{"taxonomy":"post_tag","embeddable":true,"href":"https:\/\/dekkbi.com\/index.php?rest_route=%2Fwp%2Fv2%2Ftags&post=30448"}],"curies":[{"name":"wp","href":"https:\/\/api.w.org\/{rel}","templated":true}]}}