{"id":30423,"date":"2024-01-30T16:47:40","date_gmt":"2024-01-30T16:47:40","guid":{"rendered":"https:\/\/dekkbi.com\/?p=30423"},"modified":"2024-01-30T16:47:41","modified_gmt":"2024-01-30T16:47:41","slug":"lunion-africaine-exprime-son-profond-regret-apres-le-retrait-du-mali-du-burkina-et-du-niger-de-la-cedeao","status":"publish","type":"post","link":"https:\/\/dekkbi.com\/?p=30423","title":{"rendered":"L\u2019Union africaine exprime son \u00ab\u00a0profond regret\u00a0\u00bb apr\u00e8s le retrait du Mali, du Burkina et du Niger de la Cedeao"},"content":{"rendered":"\n<p>L\u2019Union africaine (UA) a exprim\u00e9 son \u00ab&nbsp;profond regret&nbsp;\u00bb apr\u00e8s l\u2019annonce du Mali, du Burkina et du Niger, des pays dirig\u00e9s par des militaires, de se retirer de la Communaut\u00e9 \u00e9conomique des Etats d\u2019Afrique de l\u2019Ouest (Cedeao), a affirm\u00e9 mardi dans un communiqu\u00e9 l\u2019UA.<\/p>\n\n\n\n<p>Le pr\u00e9sident de la Commission de l\u2019UA, Moussa Faki Mahamat, \u00ab\u00a0a appris avec un profond regret l\u2019annonce du retrait du Mali, du Niger et du Burkina Faso de la Cedeao\u00a0\u00bb dimanche, selon le communiqu\u00e9 qui engage les \u00ab\u00a0leaders r\u00e9gionaux \u00e0 intensifier le dialogue\u00a0\u00bb.<\/p>\n\n\n\n<p>LESOLEIL<\/p>\n","protected":false},"excerpt":{"rendered":"<p>L\u2019Union africaine (UA) a exprim\u00e9 son \u00ab&nbsp;profond regret&nbsp;\u00bb apr\u00e8s l\u2019annonce du Mali, du Burkina et du Niger, des pays dirig\u00e9s<\/p>\n","protected":false},"author":1,"featured_media":4268,"comment_status":"open","ping_status":"open","sticky":false,"template":"","format":"standard","meta":{"footnotes":""},"categories":[51],"tags":[],"class_list":["post-30423","post","type-post","status-publish","format-standard","has-post-thumbnail","hentry","category-general"],"_links":{"self":[{"href":"https:\/\/dekkbi.com\/index.php?rest_route=\/wp\/v2\/posts\/30423","targetHints":{"allow":["GET"]}}],"collection":[{"href":"https:\/\/dekkbi.com\/index.php?rest_route=\/wp\/v2\/posts"}],"about":[{"href":"https:\/\/dekkbi.com\/index.php?rest_route=\/wp\/v2\/types\/post"}],"author":[{"embeddable":true,"href":"https:\/\/dekkbi.com\/index.php?rest_route=\/wp\/v2\/users\/1"}],"replies":[{"embeddable":true,"href":"https:\/\/dekkbi.com\/index.php?rest_route=%2Fwp%2Fv2%2Fcomments&post=30423"}],"version-history":[{"count":1,"href":"https:\/\/dekkbi.com\/index.php?rest_route=\/wp\/v2\/posts\/30423\/revisions"}],"predecessor-version":[{"id":30424,"href":"https:\/\/dekkbi.com\/index.php?rest_route=\/wp\/v2\/posts\/30423\/revisions\/30424"}],"wp:featuredmedia":[{"embeddable":true,"href":"https:\/\/dekkbi.com\/index.php?rest_route=\/wp\/v2\/media\/4268"}],"wp:attachment":[{"href":"https:\/\/dekkbi.com\/index.php?rest_route=%2Fwp%2Fv2%2Fmedia&parent=30423"}],"wp:term":[{"taxonomy":"category","embeddable":true,"href":"https:\/\/dekkbi.com\/index.php?rest_route=%2Fwp%2Fv2%2Fcategories&post=30423"},{"taxonomy":"post_tag","embeddable":true,"href":"https:\/\/dekkbi.com\/index.php?rest_route=%2Fwp%2Fv2%2Ftags&post=30423"}],"curies":[{"name":"wp","href":"https:\/\/api.w.org\/{rel}","templated":true}]}}