{"id":3033,"date":"2022-11-10T10:35:57","date_gmt":"2022-11-10T10:35:57","guid":{"rendered":"https:\/\/dekkbi.com\/?p=3033"},"modified":"2022-11-10T10:35:58","modified_gmt":"2022-11-10T10:35:58","slug":"la-strategie-francaise-en-afrique-finalisee-dici-six-mois-dit-macron","status":"publish","type":"post","link":"https:\/\/dekkbi.com\/?p=3033","title":{"rendered":"La strat\u00e9gie fran\u00e7aise en Afrique \u00ab\u00a0finalis\u00e9e d&rsquo;ici six mois\u00a0\u00bb dit Macron"},"content":{"rendered":"\n<p><a href=\"https:\/\/www.addthis.com\/bookmark.php?v=300\"><\/a><a href=\"https:\/\/www.addthis.com\/bookmark.php?v=300\"><\/a><a rel=\"noreferrer noopener\" href=\"https:\/\/www.addthis.com\/bookmark.php?v=300\" target=\"_blank\"><\/a><a rel=\"noreferrer noopener\" href=\"https:\/\/www.addthis.com\/bookmark.php?v=300\" target=\"_blank\"><\/a>La nouvelle strat\u00e9gie de la France en Afrique sera finalis\u00e9e d&rsquo;ici six mois apr\u00e8s consultations avec ses partenaires sur le continent, a annonc\u00e9 mercredi le pr\u00e9sident Emmanuel Macron en confirmant la fin de l&rsquo;op\u00e9ration antijihadiste Barkhane.<\/p>\n\n\n\n<p>\u00ab\u00a0Nous lancerons dans les prochains jours une phase d&rsquo;\u00e9changes avec nos partenaires africains, nos alli\u00e9s et les organisations r\u00e9gionales pour faire \u00e9voluer ensemble le statut, le format et les missions des actuelles bases militaires fran\u00e7aises au Sahel et en Afrique de l&rsquo;Ouest\u00a0\u00bb, a-t-il d\u00e9clar\u00e9 en pr\u00e9sentant la nouvelle strat\u00e9gie fran\u00e7aise en mati\u00e8re de d\u00e9fense.<\/p>\n\n\n\n<p>\u00ab\u00a0Cette strat\u00e9gie sera finalis\u00e9e d&rsquo;ici 6 mois (&#8230;). C&rsquo;est indispensable et c&rsquo;est une des cons\u00e9quences que nous tirons de ce que nous avons v\u00e9cu ces derni\u00e8res ann\u00e9es dans toute la r\u00e9gion du Sahel\u00a0\u00bb, a-t-il expliqu\u00e9.<\/p>\n\n\n\n<p>L&rsquo;arm\u00e9e fran\u00e7aise a quitt\u00e9 le Mali en ao\u00fbt, apr\u00e8s neuf ans de pr\u00e9sence, pouss\u00e9e par la junte au pouvoir qui travaille d\u00e9sormais &#8211; m\u00eame si elle s&rsquo;en d\u00e9fend &#8211; avec le sulfureux groupe paramilitaire russe Wagner.<\/p>\n\n\n\n<p>Elle reste toutefois dans la r\u00e9gion et continue \u00e0 lutter contre les groupes jihadistes li\u00e9s \u00e0 Al-Qa\u00efda ou au groupe Etat islamique, qui \u00e9tendent progressivement leurs activit\u00e9s vers les pays du golfe de Guin\u00e9e.<\/p>\n\n\n\n<p>L&rsquo;annonce de la fin de Barkhane est sans cons\u00e9quence imm\u00e9diate sur le dispositif militaire fran\u00e7ais au Sahel, qui comprend environ 3.000 militaires au Niger, au Tchad et au Burkina Faso, apr\u00e8s avoir compt\u00e9 jusqu&rsquo;\u00e0 5.500 hommes au plus fort de son d\u00e9ploiement.<\/p>\n\n\n\n<p>\u00ab\u00a0Nos interventions doivent \u00eatre mieux born\u00e9es dans le temps. (\u2026) Nous n&rsquo;avons en effet pas vocation \u00e0 rester engag\u00e9s sans limite de temps dans des op\u00e9rations ext\u00e9rieures\u00a0\u00bb, a justifi\u00e9 le chef de l&rsquo;Etat.<\/p>\n\n\n\n<p>\u00ab\u00a0Notre soutien militaire aux pays africains de la r\u00e9gion se poursuivra, mais selon les nouveaux principes que nous avons d\u00e9fini avec eux\u00a0\u00bb, a-t-il pr\u00e9cis\u00e9. \u00ab\u00a0Il se d\u00e9clinera \u00e0 l&rsquo;\u00e9chelle de chaque pays selon les besoins qui seront exprim\u00e9s par nos partenaires\u00a0\u00bb.<\/p>\n\n\n\n<p>Paris doit composer avec une opinion publique africaine de plus en plus hostile, au sein de laquelle l&rsquo;influence de puissances rivales, Moscou en t\u00eate, se renforce via r\u00e9seaux sociaux et m\u00e9dias officiels.<\/p>\n\n\n\n<p><a><\/a><a href=\"https:\/\/information.tv5monde.com\/info\/la-strategie-francaise-en-afrique-finalisee-d-ici-six-mois-dit-macron-477935#photo1\"><\/a><a href=\"https:\/\/information.tv5monde.com\/video\/jpg\/0a0e7876-064f-4408-b544-d99bc34a002e.jpg\"><\/a><a href=\"https:\/\/information.tv5monde.com\/video\/qt-hi\/0a0e7876-064f-4408-b544-d99bc34a002e.640x360.mp4\"><\/a>L&rsquo;id\u00e9e d\u00e9sormais est de continuer \u00e0 agir, mais en discr\u00e9tion. Aucun nouveau nom n&rsquo;a \u00e9t\u00e9 donn\u00e9 aux troupes d\u00e9sormais d\u00e9ploy\u00e9es.<\/p>\n\n\n\n<p>\u00ab\u00a0Nos soldats restent couverts, prot\u00e9g\u00e9s, soutenus, administr\u00e9s dans des conditions qui sont satisfaisantes\u00a0\u00bb mais l&rsquo;annonce officielle est \u00ab\u00a0n\u00e9cessaire localement\u00a0\u00bb, expliquait-on mardi \u00e0 l&rsquo;Elys\u00e9e.<\/p>\n\n\n\n<p>\u00ab\u00a0Dans le champ des perceptions, Barkhane continue d&rsquo;occuper une pr\u00e9sence tr\u00e8s importante sur les r\u00e9seaux sociaux. Il faut y mettre clairement un terme pour pouvoir basculer sur une autre logique\u00a0\u00bb, pr\u00e9cisait-on de m\u00eame source.<\/p>\n","protected":false},"excerpt":{"rendered":"<p>La nouvelle strat\u00e9gie de la France en Afrique sera finalis\u00e9e d&rsquo;ici six mois apr\u00e8s consultations avec ses partenaires sur le<\/p>\n","protected":false},"author":1,"featured_media":2424,"comment_status":"open","ping_status":"closed","sticky":false,"template":"","format":"standard","meta":{"footnotes":""},"categories":[21],"tags":[],"class_list":["post-3033","post","type-post","status-publish","format-standard","has-post-thumbnail","hentry","category-societe"],"_links":{"self":[{"href":"https:\/\/dekkbi.com\/index.php?rest_route=\/wp\/v2\/posts\/3033","targetHints":{"allow":["GET"]}}],"collection":[{"href":"https:\/\/dekkbi.com\/index.php?rest_route=\/wp\/v2\/posts"}],"about":[{"href":"https:\/\/dekkbi.com\/index.php?rest_route=\/wp\/v2\/types\/post"}],"author":[{"embeddable":true,"href":"https:\/\/dekkbi.com\/index.php?rest_route=\/wp\/v2\/users\/1"}],"replies":[{"embeddable":true,"href":"https:\/\/dekkbi.com\/index.php?rest_route=%2Fwp%2Fv2%2Fcomments&post=3033"}],"version-history":[{"count":1,"href":"https:\/\/dekkbi.com\/index.php?rest_route=\/wp\/v2\/posts\/3033\/revisions"}],"predecessor-version":[{"id":3034,"href":"https:\/\/dekkbi.com\/index.php?rest_route=\/wp\/v2\/posts\/3033\/revisions\/3034"}],"wp:featuredmedia":[{"embeddable":true,"href":"https:\/\/dekkbi.com\/index.php?rest_route=\/wp\/v2\/media\/2424"}],"wp:attachment":[{"href":"https:\/\/dekkbi.com\/index.php?rest_route=%2Fwp%2Fv2%2Fmedia&parent=3033"}],"wp:term":[{"taxonomy":"category","embeddable":true,"href":"https:\/\/dekkbi.com\/index.php?rest_route=%2Fwp%2Fv2%2Fcategories&post=3033"},{"taxonomy":"post_tag","embeddable":true,"href":"https:\/\/dekkbi.com\/index.php?rest_route=%2Fwp%2Fv2%2Ftags&post=3033"}],"curies":[{"name":"wp","href":"https:\/\/api.w.org\/{rel}","templated":true}]}}