{"id":30285,"date":"2024-01-26T10:02:37","date_gmt":"2024-01-26T10:02:37","guid":{"rendered":"https:\/\/dekkbi.com\/?p=30285"},"modified":"2024-01-26T10:16:49","modified_gmt":"2024-01-26T10:16:49","slug":"thies-une-vingtaine-de-points-de-collecte-de-dechets-receptionnes-par-la-sonaged","status":"publish","type":"post","link":"https:\/\/dekkbi.com\/?p=30285","title":{"rendered":"Thi\u00e8s\u00a0: une vingtaine de points de collecte de d\u00e9chets r\u00e9ceptionn\u00e9s"},"content":{"rendered":"\n<p>Thi\u00e8s, (APS) \u2013 La Soci\u00e9t\u00e9 nationale de gestion int\u00e9gr\u00e9e des d\u00e9chets (Sonaged) a r\u00e9ceptionn\u00e9, jeudi, 22 des 63 projets pr\u00e9vus dans la r\u00e9gion de Thi\u00e8s, dans le cadre du Projet de promotion de la gestion int\u00e9gr\u00e9e et de l\u2019\u00e9conomie des d\u00e9chets solides (Promoged).<\/p>\n\n\n\n<p>Le Promoged a mis \u00e0 la disposition de la Sonaged 22 points de collecte de d\u00e9chets dans le cadre de son programme prioritaire de propret\u00e9 (3P).<\/p>\n\n\n\n<p>\u2018\u2019Sur 63 points de collecte pr\u00e9vus dans l\u2019ensemble de la r\u00e9gion, 22 ont d\u00e9j\u00e0 \u00e9t\u00e9 r\u00e9alis\u00e9s et livr\u00e9s \u00e0 la Sonaged. Ils pourront \u00eatre fonctionnels d\u00e8s la semaine prochaine\u2019\u2019, a dit Mamadou Abdoulaye A\u00efdara, ing\u00e9nieur en g\u00e9nie civil au Promoged, apr\u00e8s une visite de terrain conjointe SONAGED\/PROMOGED, en plus de l\u2019entreprise charg\u00e9e des travaux.<\/p>\n\n\n\n<p>Ces points de collecte dont l\u2019identification a \u00e9t\u00e9 faite avec l\u2019appui des communes b\u00e9n\u00e9ficiaires \u00e0 travers des forums communautaires, ont pour objectif d\u2019am\u00e9liorer le cadre de vie, a-t-il expliqu\u00e9.<\/p>\n\n\n\n<p>Le projet a aussi remis 20.000 bacs \u00e0 ordures et 25 caisses poli-bennes \u00e0 la Sonaged, a dit M. A\u00efdara.<\/p>\n\n\n\n<p>Cette mission \u00e9tait aussi l\u2019occasion de visiter les d\u00e9charges r\u00e9habilit\u00e9es de Keur Massamba Gu\u00e8ye et M\u00e9dina Fall.<\/p>\n\n\n\n<p>Le projet envisage de proc\u00e9der \u00e0 la fermeture de la d\u00e9charge de Keur Massamba Gu\u00e8ye, \u00e0 l\u2019issue d\u2019une \u00e9tude par un cabinet qui fera une proposition sur le type d\u2019am\u00e9nagement r\u00e9server au site actuel, a dit l\u2019ing\u00e9nieur.<\/p>\n\n\n\n<p>Selon M. A\u00efdara, des unit\u00e9s de traitement de d\u00e9chets seront install\u00e9es \u00e0 Notto et Sandiara, pour prendre le relais, en plus de la d\u00e9charge de M\u00e9dina Fall.<\/p>\n\n\n\n<p>La mission a visit\u00e9 des points de collecte r\u00e9alis\u00e9s au rond-point des Parcelles assainies, &nbsp;mais aussi devant l\u2019\u00e9cole Moda Kane, dont le directeur d\u2019\u00e9cole, a promis une appropriation de l\u2019infrastructure par les \u00e9l\u00e8ves et le personnel, \u00e0 Diassap et enfin devant l\u2019\u00e9cole primaire Serigne Issa D\u00e8me de Nguinth.<\/p>\n\n\n\n<p>Des bacs \u00e0 ordures seront d\u00e9pos\u00e9s dans ces infrastructures o\u00f9 seront aussi d\u00e9ploy\u00e9s de jeunes agents, aussi bien pour la surveillance que pour la lev\u00e9e r\u00e9guli\u00e8re de ces bacs.<\/p>\n\n\n\n<p>A Nguinth, le d\u00e9l\u00e9gu\u00e9 de quartier Ibrahima Gaye, a plaid\u00e9 pour que les jeunes du quartier soient recrut\u00e9s en priorit\u00e9, pour la gestion de leur point de collecte.<\/p>\n\n\n\n<p>Mbaye Fall Diallo, coordonnateur des d\u00e9l\u00e9gations r\u00e9gionales de la Sonaged, a insist\u00e9 sur la n\u00e9cessit\u00e9 de sensibiliser les populations, premiers b\u00e9n\u00e9ficiaires de ces points de collecte aux comportements \u00e0 adopter en rapport avec la propret\u00e9. Ce travail devra d\u00e9marrer d\u00e8s la petite enfance, a-t-il dit.<\/p>\n\n\n\n<p>Pour M. Diallo, ces points de collecte sont des \u2018\u2019instruments de nettoiement de proximit\u00e9\u2019\u2019, qui constitueront une alternative aux navettes des camions dont les coups de klaxons sont \u2018\u2019p\u00e9nibles\u2019\u2019 pour les habitants des quartiers, notamment les personnes \u00e2g\u00e9es et les malades.<\/p>\n\n\n\n<p>Les riverains pourront y d\u00e9poser leurs ordures, afin que les v\u00e9hicules viennent les ramasser r\u00e9guli\u00e8rement<\/p>\n\n\n\n<p>\u2018\u2019On entre de plain-pied dans la (phase de) p\u00e9rennisation, qui co\u00efncide avec une transformation de l\u2019UCG en SONAGED, avec de moyens cons\u00e9quents\u2019\u2019, a relev\u00e9 M. Diallo, \u00e9voquant &nbsp;un plan strat\u00e9gique compos\u00e9 d\u2019une quarantaine de projets &nbsp;qui a \u00e9t\u00e9 concoct\u00e9.<\/p>\n","protected":false},"excerpt":{"rendered":"<p>Thi\u00e8s, (APS) \u2013 La Soci\u00e9t\u00e9 nationale de gestion int\u00e9gr\u00e9e des d\u00e9chets (Sonaged) a r\u00e9ceptionn\u00e9, jeudi, 22 des 63 projets pr\u00e9vus<\/p>\n","protected":false},"author":1,"featured_media":30286,"comment_status":"open","ping_status":"open","sticky":false,"template":"","format":"standard","meta":{"footnotes":""},"categories":[21],"tags":[],"class_list":["post-30285","post","type-post","status-publish","format-standard","has-post-thumbnail","hentry","category-societe"],"_links":{"self":[{"href":"https:\/\/dekkbi.com\/index.php?rest_route=\/wp\/v2\/posts\/30285","targetHints":{"allow":["GET"]}}],"collection":[{"href":"https:\/\/dekkbi.com\/index.php?rest_route=\/wp\/v2\/posts"}],"about":[{"href":"https:\/\/dekkbi.com\/index.php?rest_route=\/wp\/v2\/types\/post"}],"author":[{"embeddable":true,"href":"https:\/\/dekkbi.com\/index.php?rest_route=\/wp\/v2\/users\/1"}],"replies":[{"embeddable":true,"href":"https:\/\/dekkbi.com\/index.php?rest_route=%2Fwp%2Fv2%2Fcomments&post=30285"}],"version-history":[{"count":2,"href":"https:\/\/dekkbi.com\/index.php?rest_route=\/wp\/v2\/posts\/30285\/revisions"}],"predecessor-version":[{"id":30297,"href":"https:\/\/dekkbi.com\/index.php?rest_route=\/wp\/v2\/posts\/30285\/revisions\/30297"}],"wp:featuredmedia":[{"embeddable":true,"href":"https:\/\/dekkbi.com\/index.php?rest_route=\/wp\/v2\/media\/30286"}],"wp:attachment":[{"href":"https:\/\/dekkbi.com\/index.php?rest_route=%2Fwp%2Fv2%2Fmedia&parent=30285"}],"wp:term":[{"taxonomy":"category","embeddable":true,"href":"https:\/\/dekkbi.com\/index.php?rest_route=%2Fwp%2Fv2%2Fcategories&post=30285"},{"taxonomy":"post_tag","embeddable":true,"href":"https:\/\/dekkbi.com\/index.php?rest_route=%2Fwp%2Fv2%2Ftags&post=30285"}],"curies":[{"name":"wp","href":"https:\/\/api.w.org\/{rel}","templated":true}]}}