{"id":30272,"date":"2024-01-26T09:46:49","date_gmt":"2024-01-26T09:46:49","guid":{"rendered":"https:\/\/dekkbi.com\/?p=30272"},"modified":"2024-01-26T09:46:50","modified_gmt":"2024-01-26T09:46:50","slug":"kinshasa-les-mariages-precoces-denonces-par-les-associations-feminines","status":"publish","type":"post","link":"https:\/\/dekkbi.com\/?p=30272","title":{"rendered":"Kinshasa : les mariages pr\u00e9coces d\u00e9nonc\u00e9s par les associations f\u00e9minines"},"content":{"rendered":"\n<p><strong>Kinshasa,  (ACP).<\/strong>\u2013 Les associations f\u00e9minines de la R\u00e9publiques d\u00e9mocratique du Congo (RDC), ont d\u00e9nonc\u00e9 jeudi \u00e0 Kinshasa, les pratiques des mariages pr\u00e9coces, au cours d\u2019une marche de protestation partie de la Place des \u00e9volu\u00e9s jusqu\u2019au Palais de la justice. \u00ab\u00a0<em>Nous d\u00e9non\u00e7ons les pratiques dans lesquelles sont expos\u00e9es les jeunes filles.<\/em><\/p>\n\n\n\n<p><em>Prendre en mariage des filles qui n\u2019ont pas encore atteint l\u2019\u00e2ge requis par la loi, c\u2019est-\u00e0-dire 18 ans, c\u2019est commettre une infraction de viol<\/em>&nbsp;\u00bb, a d\u00e9clar\u00e9 Honorine Bakoshanga, membre fondateur du Cadre de concertation de la femme congolaise (CAFCO).<\/p>\n\n\n\n<p>\u00ab&nbsp;<em>Lorsqu\u2019un parent, un tuteur ou une personne qui exerce une autorit\u00e9 parentale sur la personne force une fille \u00e0 entrer dans le mariage, c\u2019est aussi l\u2019infraction. Raison pour laquelle, nous demandons que justice soit faite et que la loi soit appliqu\u00e9e, \u00e9tant donn\u00e9 que nous sommes dans un Etat de droit<\/em>\u00bb, a-t-elle soulign\u00e9.<\/p>\n\n\n\n<p>Me Rachel Sangwe, repr\u00e9sentante de l\u2019Alliance internationale des femmes avocates (AIFA) a, pour sa part, soulign\u00e9 que le Palais de la justice est notre maison et aussi la maison de tout citoyen qui se sent choqu\u00e9.\u00a0<em>\u00ab Si nous sommes venus aujourd\u2019hui ici, c\u2019est pour d\u00e9poser un m\u00e9mo en rapport \u00e0 la situation qui pr\u00e9vaut dans les r\u00e9seaux sociaux faisant \u00e9tat d\u2019un pasteur qui a pris en mariage une mineure sans le consentement de cette derni\u00e8re \u00bb \u00bb,<\/em>\u00a0a-t-elle dit.<\/p>\n\n\n\n<p>\u00ab<em>Nous voulons \u00e0 ce que justice soit faite et que prochainement pareil acte ne reste pas impuni. En ce qui concerne l\u2019\u00e2ge du pasteur par rapport \u00e0 la fille, ce dernier pourrait \u00eatre qualifi\u00e9 son arri\u00e8re-grand-p\u00e8re, ce qui est inadmissible et intol\u00e9rable<\/em>\u00bb, a indiqu\u00e9 la repr\u00e9sentante de l\u2019AIFA.<\/p>\n\n\n\n<p><strong><em>Les autorit\u00e9s invit\u00e9es \u00e0 s\u2019impliquer aux ouvertures des \u00e9glises<\/em><\/strong><\/p>\n\n\n\n<p>\u00ab&nbsp;<em>Depuis plusieurs ann\u00e9es, nous observons dans notre soci\u00e9t\u00e9 congolaise, l\u2019ouverture des \u00e9glises de mani\u00e8re d\u00e9sordonn\u00e9e. Je pense qu\u2019il est temps que nos autorit\u00e9s comp\u00e9tentes puissent \u00eatre tr\u00e8s regardantes vis-\u00e0-vis des pasteurs qui veulent ouvrir les \u00e9glises, afin qu\u2019on n\u2019assiste plus \u00e0 l\u2019exploitation des enfants et autres d\u00e9rapages de ce genre<\/em>&nbsp;\u00bb, a propos\u00e9 Bernadette Kamango, activiste des droits des femmes et jeunes filles. Il sera aussi important de voir le cahier des charges de chaque \u00e9glise, par ce que beaucoup se pr\u00e9sentent comme telles, mais en r\u00e9alit\u00e9, ce sont des sectes qui veulent cacher leur perversions, a-t-elle recommand\u00e9.<\/p>\n\n\n\n<p><strong><em>Les parents invit\u00e9s \u00e0 assumer leurs responsabilit\u00e9s<\/em><\/strong><\/p>\n\n\n\n<p>\u00ab&nbsp;<em>Nous interpellons les parents \u00e0 \u00eatre plus lucides et plus responsables. Quand on met au monde des enfants, on les prend en charge jusqu\u2019\u00e0 la fin. Personne n\u2019a le droit de prendre sa fille et l\u2019offrir en holocauste \u00e0 un pasteur septuag\u00e9naire comme \u00e9pouse<\/em>&nbsp;\u00bb, a d\u00e9clar\u00e9 Nora Mpindi, activiste des droits des femmes et coordonnatrice de l\u2019Asbl \u00ab Mille un espoir \u00bb.<\/p>\n\n\n\n<p>\u00ab&nbsp;<em>En tant que m\u00e8re de famille, cela nous a fait mal de voir une jeune fille \u00eatre donn\u00e9e en cadeau \u00e0 un pasteur. D\u2019apr\u00e8s les enqu\u00eates, on apprend que cette fille serait mineure. Au regard de ce r\u00e9sultat, nous voulons que ce pasteur purge sa peine<\/em>\u00bb, a-t-elle martel\u00e9.<\/p>\n\n\n\n<p>\u00ab&nbsp;<em>Je dirais aux jeunes filles de savoir dire non. On ne peut pas t\u2019imposer un mariage, il faut qu\u2019il y ait consentement de la femme. La place de la jeune fille est \u00e0 l\u2019\u00e9cole. Ce n\u2019est pas possible de retrouver une jeune femme de 16 ou 17 ans dans un foyer<\/em>&nbsp;\u00bb, a-t-elle conclu.<\/p>\n\n\n\n<p>D\u2019apr\u00e8s Mme Solange Ghonda, ambassadrice sp\u00e9ciale des enfants du Congo,&nbsp;<em>\u00ab nous sommes contre le mariage forc\u00e9, pr\u00e9coce et la violence faite aux enfants. Nous exigeons \u00e0 tout le monde de respecter les textes et les lois du pays en prot\u00e9geant la jeune fille et tous les enfants du Congo<\/em>.&nbsp;<em>Aujourd\u2019hui, le Chef de l\u2019Etat et le gouvernement ont d\u00e9cid\u00e9 de rendre l\u2019\u00e9ducation primaire gratuite, un geste fort par rapport \u00e0 la protection des enfants et l\u2019\u00e9ducation de la jeune fille en R\u00e9publique d\u00e9mocratique du Congo&nbsp;<\/em>\u00bb, a-t-elle rappel\u00e9.<\/p>\n\n\n\n<p><em><strong>Des actes de d\u00e9pravations des m\u0153urs commis par le pasteur Kasambakana<\/strong><\/em><\/p>\n\n\n\n<p>Les femmes de la soci\u00e9t\u00e9 civile, l\u2019Alliance internationale des femmes avocates (AIFA) et la Commission nationale des droits de l\u2019homme (CNDH) ont \u00e9t\u00e9 indign\u00e9es dans un m\u00e9morandum d\u00e9pos\u00e9 jeudi au Palais de la justice, par les actes de d\u00e9pravation des m\u0153urs commis par le Repr\u00e9sentant l\u00e9gal de l\u2019Eglise primitive au Congo, dont le quartier g\u00e9n\u00e9ral est situ\u00e9 dans la commune de Lingwala \u00e0 Kinshasa, lors de son 13<sup>\u00e8me<\/sup>&nbsp;mariage avec une mineure. Rappelons qu\u2019en date du 8 janvier 2024 \u00e0 Muanda, au Kongo central, le pasteur Kas Kasambakana a contract\u00e9 un pseudo mariage religieux avec une jeune adolescente nomm\u00e9e Meda, donn\u00e9e en cadeau par ses propres parents\u00bb, a relev\u00e9 le m\u00e9mo.<\/p>\n\n\n\n<p>Cet \u00e9v\u00e9nement honteux a scandalis\u00e9 la soci\u00e9t\u00e9 nationale et internationale et a suscit\u00e9 de nombreuses r\u00e9actions de r\u00e9volte, notamment depuis le 9 janvier 2024, dans diff\u00e9rentes couches de la population. Il y a lieu de noter que sur le plan juridique, les ODDF, les Alliances internationales des femmes avocates (AIFA) et la CNDH, consid\u00e8rent qu\u2019il y aurait viol sur mineure, conform\u00e9ment \u00e0 l\u2019article 170 et 171 du Code p\u00e9nal livre II, tel que modifi\u00e9 et compl\u00e9t\u00e9 \u00e0 ce jour.<\/p>\n\n\n\n<p>Sur le plan social, ce 13<sup>\u00e8me<\/sup>&nbsp;mariage du pasteur Pierre Kasambakana porte atteinte \u00e0 la pudeur, trouble l\u2019\u00e9ducation des jeunes filles et gar\u00e7ons, contribue \u00e0 la perturbation de la qui\u00e9tude et de l\u2019harmonie des foyers congolais et caract\u00e9rise une grave d\u00e9pravation des m\u0153urs, ont-elles exprim\u00e9.<\/p>\n\n\n\n<p><em>Des recommandations faites au ministre de la Justice<\/em><\/p>\n\n\n\n<p>\u00ab\u00a0<em>Assurer un suivi de qualit\u00e9, remettre la fillette Meda dans ses droits les plus l\u00e9gitimes qui sont s\u2019\u00e9panouir, et au moment venu, cette derni\u00e8re fera elle-m\u00eame le choix libre de son conjoint ; assurer la prise en charge holistique<\/em>\u00a0\u00bb, font partie des recommandations que les organisations de la soci\u00e9t\u00e9 civile ont adress\u00e9es dans un m\u00e9morandum d\u00e9pos\u00e9 au minist\u00e8re de la Justice de la RDC, \u00e0 l\u2019issue d\u2019une marche de protestation organis\u00e9e \u00e0 Kinshasa pour notamment \u00ab accompagner la justice dans les poursuites judiciaires qu\u2019elle a d\u00e9j\u00e0 lanc\u00e9es et dont l\u2019avancement est prometteur. Notez que cette marche a \u00e9t\u00e9 organis\u00e9e par la CNDH, en collaboration avec les AIFA et le CAFCO.\u00a0<strong>ACP\/<\/strong><\/p>\n\n\n\n<p>Provided by SyndiGate Media Inc. (Syndigate.info).<\/p>\n","protected":false},"excerpt":{"rendered":"<p>Kinshasa, (ACP).\u2013 Les associations f\u00e9minines de la R\u00e9publiques d\u00e9mocratique du Congo (RDC), ont d\u00e9nonc\u00e9 jeudi \u00e0 Kinshasa, les pratiques des<\/p>\n","protected":false},"author":1,"featured_media":30273,"comment_status":"open","ping_status":"open","sticky":false,"template":"","format":"standard","meta":{"footnotes":""},"categories":[26],"tags":[],"class_list":["post-30272","post","type-post","status-publish","format-standard","has-post-thumbnail","hentry","category-fait-divers"],"_links":{"self":[{"href":"https:\/\/dekkbi.com\/index.php?rest_route=\/wp\/v2\/posts\/30272","targetHints":{"allow":["GET"]}}],"collection":[{"href":"https:\/\/dekkbi.com\/index.php?rest_route=\/wp\/v2\/posts"}],"about":[{"href":"https:\/\/dekkbi.com\/index.php?rest_route=\/wp\/v2\/types\/post"}],"author":[{"embeddable":true,"href":"https:\/\/dekkbi.com\/index.php?rest_route=\/wp\/v2\/users\/1"}],"replies":[{"embeddable":true,"href":"https:\/\/dekkbi.com\/index.php?rest_route=%2Fwp%2Fv2%2Fcomments&post=30272"}],"version-history":[{"count":1,"href":"https:\/\/dekkbi.com\/index.php?rest_route=\/wp\/v2\/posts\/30272\/revisions"}],"predecessor-version":[{"id":30274,"href":"https:\/\/dekkbi.com\/index.php?rest_route=\/wp\/v2\/posts\/30272\/revisions\/30274"}],"wp:featuredmedia":[{"embeddable":true,"href":"https:\/\/dekkbi.com\/index.php?rest_route=\/wp\/v2\/media\/30273"}],"wp:attachment":[{"href":"https:\/\/dekkbi.com\/index.php?rest_route=%2Fwp%2Fv2%2Fmedia&parent=30272"}],"wp:term":[{"taxonomy":"category","embeddable":true,"href":"https:\/\/dekkbi.com\/index.php?rest_route=%2Fwp%2Fv2%2Fcategories&post=30272"},{"taxonomy":"post_tag","embeddable":true,"href":"https:\/\/dekkbi.com\/index.php?rest_route=%2Fwp%2Fv2%2Ftags&post=30272"}],"curies":[{"name":"wp","href":"https:\/\/api.w.org\/{rel}","templated":true}]}}