{"id":30270,"date":"2024-01-26T09:42:27","date_gmt":"2024-01-26T09:42:27","guid":{"rendered":"https:\/\/dekkbi.com\/?p=30270"},"modified":"2024-01-26T09:42:27","modified_gmt":"2024-01-26T09:42:27","slug":"enieme-tentative-de-destabilisation-de-la-transition-le-burkina-na-plus-besoin-de-ca","status":"publish","type":"post","link":"https:\/\/dekkbi.com\/?p=30270","title":{"rendered":"ENIEME TENTATIVE DE DESTABILISATION DE LA TRANSITION : Le Burkina n\u2019a plus besoin de \u00e7a !"},"content":{"rendered":"\n<p>En fin de semaine derni\u00e8re, le gouvernement a fini par confirmer la rumeur qui courrait sur les r\u00e9seaux sociaux. Il s\u2019agit de la tentative de d\u00e9stabilisation de la transition qui a \u00e9t\u00e9 d\u00e9jou\u00e9e. Tant que ce n\u2019\u00e9tait pas rendu officiel, on pouvait penser \u00e0 des racontars de la part d\u2019activistes et autres. Mais maintenant que les autorit\u00e9s ont d\u00e9cid\u00e9 de communiquer l\u00e0-dessus, l\u2019affaire, pour ainsi dire, prend une dimension beaucoup plus s\u00e9rieuse. <\/p>\n\n\n\n<p>En effet, selon le gouvernement, la tentative de d\u00e9stabilisation de la transition qui vient d\u2019\u00eatre d\u00e9jou\u00e9e, impliquait aussi bien des militaires radi\u00e9s et en fonction que des civils dont bon nombre ont \u00e9t\u00e9 mis aux arr\u00eats. L\u2019enqu\u00eate \u00e9tant toujours en cours, d\u2019autres arrestations pourraient intervenir dans les jours \u00e0 venir. Mais en attendant, je ne puis m\u2019emp\u00eacher de me poser des questions : qui en veut tant \u00e0 la Transition ? Pourquoi chercher \u00e0 d\u00e9stabiliser les instituions de la R\u00e9publique au point de vouloir attenter \u00e0 la vie de certains officiels ?<\/p>\n\n\n\n<p> En tout cas, il faut que les comploteurs et autres arr\u00eatent leurs men\u00e9es subversives. Je le dis parce que ce n\u2019est pas la premi\u00e8re fois, de m\u00e9moire de fou, que j\u2019entends parler de tentative de coup d\u2019Etat d\u00e9jou\u00e9, et ce, depuis l\u2019av\u00e8nement du Mouvement patriotique pour la sauvegarde et la restauration (MPSR) II. Notre pays a tellement souffert le martyre qu\u2019il n\u2019aspire qu\u2019\u00e0 la paix. La lutte pour le pouvoir n\u2019a pas sa raison d\u2019\u00eatre.<\/p>\n\n\n\n<p><strong>\u00ab&nbsp;<em>Je demande aux autorit\u00e9s de la Transition de conduire l\u2019enqu\u00eate jusqu\u2019au bout&nbsp;<\/em>\u00bb<\/strong><\/p>\n\n\n\n<p>Elle ne saurait prendre le pas sur la priorit\u00e9 du moment qui est de bouter hors de nos fronti\u00e8res les bandes arm\u00e9es qui s\u00e8ment la mort et la d\u00e9solation. C\u2019est ce qui tient \u00e0 c\u0153ur tous les Burkinab\u00e8 sinc\u00e8res qui aimeraient voir notre pays retrouver sa qui\u00e9tude d\u2019antan. De sorte que les uns et les autres puissent se d\u00e9placer d\u2019Est en Ouest et du Nord au Sud sans crainte. Or, ce d\u00e9fi, oh combien \u00e9norme, ne saurait \u00eatre relev\u00e9 dans la d\u00e9sunion. Voyez-vous ? Il ne faut donc pas que les uns passent leur temps \u00e0 d\u00e9truire ce que les autres ont laborieusement construit. Cela ne nous m\u00e8nera nulle part si ce n\u2019est profiter \u00e0 l\u2019adversaire. Cela dit, je demande aux autorit\u00e9s de la Transition de conduire l\u2019enqu\u00eate jusqu\u2019au bout aux fins de conna\u00eetre tous les tenants et les aboutissants de cette \u00e9ni\u00e8me affaire de d\u00e9stabilisation. Cela pourrait \u00e9difier davantage l\u2019opinion nationale et internationale. Ce faisant, s\u2019il y a des gens qui sont reconnus coupables, que la rigueur de la loi leur soit oppos\u00e9e afin que cela serve de le\u00e7on \u00e0 d\u2019autres apprentis d\u00e9stabilisateurs. Par contre, s\u2019il y a des gens contre qui, il n\u2019y a pas de preuves tangibles de leur implication, qu\u2019ils soient lib\u00e9r\u00e9s au b\u00e9n\u00e9fice du doute. Il ne faut surtout pas donner l\u2019impression de vouloir r\u00e9gler des comptes \u00e0 des gens qui ne partagent pas la m\u00eame vision que ceux qui sont au pouvoir. C\u2019est pourquoi, comme il l\u2019a fait, le gouvernement se doit de communiquer quand il le faut sans pour autant g\u00eaner l\u2019enqu\u00eate en cours. Pour ma part, je rappelle aux uns et aux autres que je n\u2019ai plus besoin d\u2019un autre coup d\u2019Etat au Burkina ; tant cela en rajouterait \u00e0 nos probl\u00e8mes d\u00e9j\u00e0 tr\u00e8s nombreux.<\/p>\n\n\n\n<p><strong><em>\u00ab Le Fou\u00a0<\/em><\/strong><strong>\u00bb<\/strong><\/p>\n\n\n\n<p>Provided by SyndiGate Media Inc. (Syndigate.info\u00b0<\/p>\n\n\n\n<p><\/p>\n","protected":false},"excerpt":{"rendered":"<p>En fin de semaine derni\u00e8re, le gouvernement a fini par confirmer la rumeur qui courrait sur les r\u00e9seaux sociaux. Il<\/p>\n","protected":false},"author":1,"featured_media":2406,"comment_status":"open","ping_status":"open","sticky":false,"template":"","format":"standard","meta":{"footnotes":""},"categories":[51],"tags":[],"class_list":["post-30270","post","type-post","status-publish","format-standard","has-post-thumbnail","hentry","category-general"],"_links":{"self":[{"href":"https:\/\/dekkbi.com\/index.php?rest_route=\/wp\/v2\/posts\/30270","targetHints":{"allow":["GET"]}}],"collection":[{"href":"https:\/\/dekkbi.com\/index.php?rest_route=\/wp\/v2\/posts"}],"about":[{"href":"https:\/\/dekkbi.com\/index.php?rest_route=\/wp\/v2\/types\/post"}],"author":[{"embeddable":true,"href":"https:\/\/dekkbi.com\/index.php?rest_route=\/wp\/v2\/users\/1"}],"replies":[{"embeddable":true,"href":"https:\/\/dekkbi.com\/index.php?rest_route=%2Fwp%2Fv2%2Fcomments&post=30270"}],"version-history":[{"count":1,"href":"https:\/\/dekkbi.com\/index.php?rest_route=\/wp\/v2\/posts\/30270\/revisions"}],"predecessor-version":[{"id":30271,"href":"https:\/\/dekkbi.com\/index.php?rest_route=\/wp\/v2\/posts\/30270\/revisions\/30271"}],"wp:featuredmedia":[{"embeddable":true,"href":"https:\/\/dekkbi.com\/index.php?rest_route=\/wp\/v2\/media\/2406"}],"wp:attachment":[{"href":"https:\/\/dekkbi.com\/index.php?rest_route=%2Fwp%2Fv2%2Fmedia&parent=30270"}],"wp:term":[{"taxonomy":"category","embeddable":true,"href":"https:\/\/dekkbi.com\/index.php?rest_route=%2Fwp%2Fv2%2Fcategories&post=30270"},{"taxonomy":"post_tag","embeddable":true,"href":"https:\/\/dekkbi.com\/index.php?rest_route=%2Fwp%2Fv2%2Ftags&post=30270"}],"curies":[{"name":"wp","href":"https:\/\/api.w.org\/{rel}","templated":true}]}}