{"id":30267,"date":"2024-01-26T09:40:09","date_gmt":"2024-01-26T09:40:09","guid":{"rendered":"https:\/\/dekkbi.com\/?p=30267"},"modified":"2024-01-26T09:40:10","modified_gmt":"2024-01-26T09:40:10","slug":"la-cote-divoire-de-retour-en-force-sur-les-marches-internationaux","status":"publish","type":"post","link":"https:\/\/dekkbi.com\/?p=30267","title":{"rendered":"La C\u00f4te d&rsquo;Ivoire de retour en force sur les march\u00e9s internationaux"},"content":{"rendered":"\n<p>Pari\u00a0r\u00e9ussi pour la C\u00f4te d&rsquo;Ivoire. Le pays a op\u00e9r\u00e9 un retour en force sur les march\u00e9s internationaux en levant pr\u00e8s de\u00a02,6\u00a0milliards de dollars via deux obligations d&rsquo;\u00e9ch\u00e9ances respectives de 9\u00a0et 13\u00a0ans. Concr\u00e8tement, cela signifie qu&rsquo;Abidjan paiera des int\u00e9r\u00eats annuels sur ces dur\u00e9es avant de rembourser les montants lev\u00e9s. <\/p>\n\n\n\n<p>En tout cas, la performance est salu\u00e9e par de nombreux experts et \u00e9conomistes apr\u00e8s deux ans d&rsquo;absence du pays sur le\u00a0march\u00e9 international des euro-obligations. \u00ab\u00a0L&rsquo;\u00e9mission a suscit\u00e9 l&rsquo;int\u00e9r\u00eat de plus de\u00a0400\u00a0investisseurs dans le cadre d&rsquo;une op\u00e9ration record qui a g\u00e9n\u00e9r\u00e9 un carnet de commandes d\u00e9passant les 8\u00a0milliards de dollars\u00a0\u00bb, a indiqu\u00e9 le gouvernement dans un communiqu\u00e9, ce qui repr\u00e9sente le niveau de commandes le plus \u00e9lev\u00e9 jamais enregistr\u00e9 par un \u00c9tat d&rsquo;Afrique de l&rsquo;Ouest.<\/p>\n\n\n\n<h2 class=\"wp-block-heading\">Premier eurobond de l&rsquo;\u00e8re post-Covid<\/h2>\n\n\n\n<p>Il faut souligner que,&nbsp;ces derni\u00e8res ann\u00e9es, l&rsquo;acc\u00e8s au march\u00e9 des euro-obligations s&rsquo;est soudainement&nbsp;tari pour les \u00c9tats africains, notamment depuis que la R\u00e9serve f\u00e9d\u00e9rale am\u00e9ricaine a commenc\u00e9 \u00e0 augmenter de mani\u00e8re agressive les taux d&rsquo;int\u00e9r\u00eat, en 2022, pour lutter contre une inflation \u00e9lev\u00e9e. La majorit\u00e9 des \u00e9conomies d&rsquo;Afrique subsaharienne ont \u00e9t\u00e9 durement touch\u00e9es par les effets de la pand\u00e9mie de Covid-19, puis les retomb\u00e9es de la guerre russe en Ukraine et la hausse des taux d&rsquo;int\u00e9r\u00eat mondiaux. En cons\u00e9quence, le co\u00fbt de la dette en devises \u00e9trang\u00e8res est devenu prohibitif.<\/p>\n\n\n\n<p>\u00ab\u00a0Cette transaction a \u00e9t\u00e9 le t\u00e9moin d&rsquo;une mobilisation historique de la part des principaux investisseurs mondiaux, notamment des d\u00e9tenteurs existants d&rsquo;obligations ivoiriennes et de nouveaux investisseurs de r\u00e9f\u00e9rence\u00a0\u00bb, a indiqu\u00e9 le minist\u00e8re du Budget et des Finances dans le communiqu\u00e9.\u00a0Les fonds doivent servir \u00e0 racheter et refinancer les euro-obligations existantes du pays, et des pr\u00eats bancaires internationaux. De quoi remobiliser de nombreux gouvernements africains\u00a0qui esp\u00e8rent revenir sur les march\u00e9s obligataires cette ann\u00e9e afin de refinancer\u00a0leurs dettes arrivant \u00e0 \u00e9ch\u00e9ance \u00e0 des taux d&rsquo;int\u00e9r\u00eat abordables et ainsi d&rsquo;\u00e9viter d&rsquo;avoir \u00e0 puiser dans leurs r\u00e9serves de change pour les rembourser. D&rsquo;apr\u00e8s\u00a0l&rsquo;agence am\u00e9ricaine Moody&rsquo;s, environ 5\u00a0milliards de dollars d&rsquo;obligations souveraines africaines en devises \u00e9trang\u00e8res arriveront \u00e0 \u00e9ch\u00e9ance cette ann\u00e9e, et environ 6\u00a0milliards de dollars suppl\u00e9mentaires l&rsquo;ann\u00e9e prochaine.<\/p>\n\n\n\n<p>Mais l&rsquo;heure n&rsquo;est pas \u00e0 l&rsquo;\u00e9claircie alors que le continent doit composer avec un dollar en hausse, la chute de certaines monnaies locales et la baisse brutale des pr\u00eats chinois, autant d&rsquo;\u00e9l\u00e9ments qui ne sont pas de nature \u00e0 rassurer les investisseurs. 2023\u00a0a \u00e9t\u00e9 la premi\u00e8re ann\u00e9e depuis\u00a02009\u00a0et la crise financi\u00e8re mondiale sans \u00e9mission de dette ext\u00e9rieure en Afrique subsaharienne.<\/p>\n\n\n\n<h2 class=\"wp-block-heading\">La confiance du march\u00e9 financier international<\/h2>\n\n\n\n<p>Au-del\u00e0 de ces \u00e9l\u00e9ments, cette lev\u00e9e a une port\u00e9e symbolique tr\u00e8s forte pour le pays&nbsp;:&nbsp;elle confirme la confiance retrouv\u00e9e du march\u00e9 financier international dans la C\u00f4te d&rsquo;Ivoire. Et pour cause, le pays dispose de nombreux atouts, \u00e0 commencer par son \u00e9conomie. \u00ab&nbsp;Le gouvernement poursuivra la transformation structurelle de l&rsquo;\u00e9conomie ivoirienne, l&rsquo;acc\u00e9l\u00e9ration des investissements dans de nombreux secteurs, tels que le num\u00e9rique et les transports, ainsi que l&rsquo;exploitation des r\u00e9centes d\u00e9couvertes p\u00e9troli\u00e8res et gazi\u00e8res&nbsp;\u00bb, avait d\u00e9clar\u00e9 le pr\u00e9sident Alassane Ouattara dans une allocution \u00e0 la t\u00e9l\u00e9vision d&rsquo;\u00c9tat mi-janvier.&nbsp;La C\u00f4te d&rsquo;Ivoire, premier producteur de cacao au monde, devrait \u00eatre l&rsquo;une des \u00e9conomies \u00e0 la croissance la plus rapide de la r\u00e9gion en&nbsp;2024&nbsp;?&nbsp;la Banque mondiale pr\u00e9voit un taux de croissance du PIB de 6,5&nbsp;% en&nbsp;2024 et&nbsp;2025 contre moins de&nbsp;4&nbsp;% pour l&rsquo;ensemble du continent.&nbsp;Apr\u00e8s la pand\u00e9mie de Covid-19, le pays avait tr\u00e8s rapidement renou\u00e9 avec une forte croissance. Aujourd&rsquo;hui, il continue de jouer un r\u00f4le important en tant que p\u00f4le \u00e9conomique r\u00e9gional. \u00ab&nbsp;Gr\u00e2ce \u00e0 la gestion proactive de sa dette publique, la C\u00f4te d&rsquo;Ivoire apporte flexibilit\u00e9 et liquidit\u00e9s \u00e0 l&rsquo;ensemble de la r\u00e9gion&nbsp;\u00bb, a dit&nbsp;Adama Coulibaly, ministre des Finances et du Budget. Seul b\u00e9mol, une dette qui atteint 57&nbsp;% du PIB.<\/p>\n","protected":false},"excerpt":{"rendered":"<p>Pari\u00a0r\u00e9ussi pour la C\u00f4te d&rsquo;Ivoire. Le pays a op\u00e9r\u00e9 un retour en force sur les march\u00e9s internationaux en levant pr\u00e8s<\/p>\n","protected":false},"author":1,"featured_media":30268,"comment_status":"open","ping_status":"open","sticky":false,"template":"","format":"standard","meta":{"footnotes":""},"categories":[3],"tags":[],"class_list":["post-30267","post","type-post","status-publish","format-standard","has-post-thumbnail","hentry","category-event-more-news"],"_links":{"self":[{"href":"https:\/\/dekkbi.com\/index.php?rest_route=\/wp\/v2\/posts\/30267","targetHints":{"allow":["GET"]}}],"collection":[{"href":"https:\/\/dekkbi.com\/index.php?rest_route=\/wp\/v2\/posts"}],"about":[{"href":"https:\/\/dekkbi.com\/index.php?rest_route=\/wp\/v2\/types\/post"}],"author":[{"embeddable":true,"href":"https:\/\/dekkbi.com\/index.php?rest_route=\/wp\/v2\/users\/1"}],"replies":[{"embeddable":true,"href":"https:\/\/dekkbi.com\/index.php?rest_route=%2Fwp%2Fv2%2Fcomments&post=30267"}],"version-history":[{"count":1,"href":"https:\/\/dekkbi.com\/index.php?rest_route=\/wp\/v2\/posts\/30267\/revisions"}],"predecessor-version":[{"id":30269,"href":"https:\/\/dekkbi.com\/index.php?rest_route=\/wp\/v2\/posts\/30267\/revisions\/30269"}],"wp:featuredmedia":[{"embeddable":true,"href":"https:\/\/dekkbi.com\/index.php?rest_route=\/wp\/v2\/media\/30268"}],"wp:attachment":[{"href":"https:\/\/dekkbi.com\/index.php?rest_route=%2Fwp%2Fv2%2Fmedia&parent=30267"}],"wp:term":[{"taxonomy":"category","embeddable":true,"href":"https:\/\/dekkbi.com\/index.php?rest_route=%2Fwp%2Fv2%2Fcategories&post=30267"},{"taxonomy":"post_tag","embeddable":true,"href":"https:\/\/dekkbi.com\/index.php?rest_route=%2Fwp%2Fv2%2Ftags&post=30267"}],"curies":[{"name":"wp","href":"https:\/\/api.w.org\/{rel}","templated":true}]}}