{"id":30259,"date":"2024-01-26T09:28:07","date_gmt":"2024-01-26T09:28:07","guid":{"rendered":"https:\/\/dekkbi.com\/?p=30259"},"modified":"2024-01-26T09:28:08","modified_gmt":"2024-01-26T09:28:08","slug":"guinee-mamadi-doumbouya-eleve-au-rang-de-general","status":"publish","type":"post","link":"https:\/\/dekkbi.com\/?p=30259","title":{"rendered":"Guin\u00e9e : Mamadi Doumbouya, \u00e9lev\u00e9 au rang de g\u00e9n\u00e9ral"},"content":{"rendered":"\n<p><strong>En Guin\u00e9e, une c\u00e9r\u00e9monie historique s&rsquo;est d\u00e9roul\u00e9e mardi, marquant la promotion de Mamadi Doumbouya au rang de \u00ab\u00a0G\u00e9n\u00e9ral de Corps d\u2019Arm\u00e9e\u00a0\u00bb.<\/strong><\/p>\n\n\n\n<p>Cette \u00e9l\u00e9vation dans les rangs a \u00e9t\u00e9 c\u00e9l\u00e9br\u00e9e lors d&rsquo;une rencontre avec les commandants de toutes les unit\u00e9s du pays, un \u00e9v\u00e9nement exceptionnel qualifi\u00e9 d&rsquo;historique par la pr\u00e9sidence guin\u00e9enne.<\/p>\n\n\n\n<p>Cette r\u00e9union n&rsquo;avait pas eu d&rsquo;\u00e9quivalent depuis 1958, soulignant ainsi l&rsquo;importance du moment et son impact significatif sur l&rsquo;histoire du pays.<\/p>\n\n\n\n<p>En parall\u00e8le de cette promotion, le G\u00e9n\u00e9ral Doumbouya a annonc\u00e9 son retrait du commandement du Groupement des Forces Sp\u00e9ciales, passant le flambeau \u00e0 son adjoint, le lieutenant-colonel Mouctar Kaba.&nbsp;<\/p>\n\n\n\n<p>Cette d\u00e9cision strat\u00e9gique souligne un changement majeur dans le parcours du G\u00e9n\u00e9ral, qui avait acc\u00e9d\u00e9 au pouvoir le 5 septembre 2021 en renversant l&rsquo;ancien pr\u00e9sident Alpha Cond\u00e9.<\/p>\n\n\n\n<p>Mamadi Doumbouya, 43 ans, avait \u00e9t\u00e9 nomm\u00e9 \u00e0 la t\u00eate du Groupement des Forces Sp\u00e9ciales par Alpha Cond\u00e9 en 2018. \u00c0 l&rsquo;origine cr\u00e9\u00e9e pour assurer la protection du chef de l&rsquo;\u00c9tat contre d&rsquo;\u00e9ventuels coups d&rsquo;\u00c9tat, cette unit\u00e9 d&rsquo;\u00e9lite a finalement jou\u00e9 un r\u00f4le central dans le renversement du r\u00e9gime.<\/p>\n\n\n\n<p>La mont\u00e9e en grade de Mamadi Doumbouya t\u00e9moigne incontestablement d&rsquo;un nouveau chapitre dans son parcours, symbolisant les changements significatifs qui continuent de red\u00e9finir le paysage politique de la Guin\u00e9e.<\/p>\n\n\n\n<p>SOURCE MSN.COM<\/p>\n","protected":false},"excerpt":{"rendered":"<p>En Guin\u00e9e, une c\u00e9r\u00e9monie historique s&rsquo;est d\u00e9roul\u00e9e mardi, marquant la promotion de Mamadi Doumbouya au rang de \u00ab\u00a0G\u00e9n\u00e9ral de Corps<\/p>\n","protected":false},"author":1,"featured_media":30260,"comment_status":"open","ping_status":"open","sticky":false,"template":"","format":"standard","meta":{"footnotes":""},"categories":[51],"tags":[],"class_list":["post-30259","post","type-post","status-publish","format-standard","has-post-thumbnail","hentry","category-general"],"_links":{"self":[{"href":"https:\/\/dekkbi.com\/index.php?rest_route=\/wp\/v2\/posts\/30259","targetHints":{"allow":["GET"]}}],"collection":[{"href":"https:\/\/dekkbi.com\/index.php?rest_route=\/wp\/v2\/posts"}],"about":[{"href":"https:\/\/dekkbi.com\/index.php?rest_route=\/wp\/v2\/types\/post"}],"author":[{"embeddable":true,"href":"https:\/\/dekkbi.com\/index.php?rest_route=\/wp\/v2\/users\/1"}],"replies":[{"embeddable":true,"href":"https:\/\/dekkbi.com\/index.php?rest_route=%2Fwp%2Fv2%2Fcomments&post=30259"}],"version-history":[{"count":1,"href":"https:\/\/dekkbi.com\/index.php?rest_route=\/wp\/v2\/posts\/30259\/revisions"}],"predecessor-version":[{"id":30261,"href":"https:\/\/dekkbi.com\/index.php?rest_route=\/wp\/v2\/posts\/30259\/revisions\/30261"}],"wp:featuredmedia":[{"embeddable":true,"href":"https:\/\/dekkbi.com\/index.php?rest_route=\/wp\/v2\/media\/30260"}],"wp:attachment":[{"href":"https:\/\/dekkbi.com\/index.php?rest_route=%2Fwp%2Fv2%2Fmedia&parent=30259"}],"wp:term":[{"taxonomy":"category","embeddable":true,"href":"https:\/\/dekkbi.com\/index.php?rest_route=%2Fwp%2Fv2%2Fcategories&post=30259"},{"taxonomy":"post_tag","embeddable":true,"href":"https:\/\/dekkbi.com\/index.php?rest_route=%2Fwp%2Fv2%2Ftags&post=30259"}],"curies":[{"name":"wp","href":"https:\/\/api.w.org\/{rel}","templated":true}]}}