{"id":30253,"date":"2024-01-25T13:13:47","date_gmt":"2024-01-25T13:13:47","guid":{"rendered":"https:\/\/dekkbi.com\/?p=30253"},"modified":"2024-01-25T13:14:22","modified_gmt":"2024-01-25T13:14:22","slug":"opposition-le-clash","status":"publish","type":"post","link":"https:\/\/dekkbi.com\/?p=30253","title":{"rendered":"OPPOSITION Le clash !"},"content":{"rendered":"\n<p><em><strong>Le premier dialogue avait divis\u00e9 en mille morceaux la coalition Yewwi Askan Wi. Le deuxi\u00e8me fait \u00e9clater le collectif des candidats dits spoli\u00e9s au parrainage.<\/strong><\/em><\/p>\n\n\n\n<p>Rien ne va plus au sein du Collectif des candidats dits spoli\u00e9s de leurs parrainages (c\u2019est un groupe constitu\u00e9 essentiellement d\u2019une quarantaine de candidats qui ont \u00e9t\u00e9 recal\u00e9s \u00e0 cause du parrainage). Tout est parti d\u2019une fuite relative \u00e0 une audience que le pr\u00e9sident de la R\u00e9publique Macky Sall doit accorder au collectif. Dans la foul\u00e9e, Aminata Tour\u00e9, une des initiatrices du collectif, monte au cr\u00e9neau et peste : \u2018\u2019Je ne suis en aucune mani\u00e8re int\u00e9ress\u00e9e par une rencontre avec Macky Sall qui m\u2019a ill\u00e9galement renvoy\u00e9e de l\u2019Assembl\u00e9e nationale et fait annuler mes dizaines de milliers de parrains pour m\u2019\u00e9liminer de l\u2019\u00e9lection pr\u00e9sidentielle. Tout ce qu\u2019il reste \u00e0 faire \u00e0 Macky Sall, c\u2019est de respecter la date officielle de l\u2019\u00e9lection pr\u00e9sidentielle du 25 f\u00e9vrier, d\u2019organiser des \u00e9lections libres et transparentes et de lib\u00e9rer les milliers de prisonniers politiques qui croupissent dans les prisons.\u2019\u2019<\/p>\n\n\n\n<p>De l\u2019avis de la candidate recal\u00e9e, \u2018\u2019l\u2019opposition devra s\u2019unir pour battre son candidat Amadou Ba d\u00e8s le premier tour et engager notre pays sur le chemin du changement v\u00e9ritable\u2019\u2019.<\/p>\n\n\n\n<p>Cette sortie de l\u2019ancienne Premi\u00e8re ministre en a d\u00e9rout\u00e9 plus d\u2019un. Comment, celle qui avait sign\u00e9 et d\u00e9fendu la lettre adress\u00e9e au pr\u00e9sident de la R\u00e9publique pour lui demander d\u2019intervenir, peut-elle aujourd\u2019hui tourner casaque et s\u2019insurger contre la volont\u00e9 du chef de l\u2019\u00c9tat de les recevoir en audience ? C\u2019est d\u2019ailleurs l\u2019un des principaux arguments invoqu\u00e9s par ses camarades pour lui porter la r\u00e9plique.<\/p>\n\n\n\n<p>Candidat de Gueum Sa Bopp, Bougane Gu\u00e8ye Dani riposte : \u2018\u2019Il faut que les gens arr\u00eatent de vouloir jeter en p\u00e2ture les gens. Notre objectif a toujours \u00e9t\u00e9 d\u2019\u0153uvrer pour l\u2019organisation d\u2019\u00e9lections libres, d\u00e9mocratiques et transparentes, et de changer ce r\u00e9gime qui a fait souffrir les S\u00e9n\u00e9galais. S\u2019il y a des cam\u00e9l\u00e9ons, les S\u00e9n\u00e9galais les reconnaissent. Ils ne sont pas dupes.\u2019\u2019<\/p>\n\n\n\n<p>Tr\u00e8s en col\u00e8re, Bougane est revenu sur la gen\u00e8se de cette audience et le r\u00f4le d\u00e9terminant que Mimi y a jou\u00e9. \u2018\u2019Ce qui est clair depuis le d\u00e9part, c\u2019est que nous consid\u00e9rons que nos droits ont \u00e9t\u00e9 bafou\u00e9s. C\u2019est pourquoi nous sommes all\u00e9s devant la repr\u00e9sentation de l\u2019Union europ\u00e9enne. Nous avons eu \u00e0 publier une lettre de protestation. Je tiens \u00e0 pr\u00e9ciser que ceux que vous voyez s\u2019agiter ont sign\u00e9 cette lettre. Tous ceux qui essaient \u00e9galement de se d\u00e9marquer de l\u2019audience ont sign\u00e9 la lettre\u2019\u2019.<\/p>\n\n\n\n<p><strong>Bougane recadre Mimi<\/strong><\/p>\n\n\n\n<p>Bougane ne s\u2019arr\u00eate pas en si bon chemin. \u00c0 l\u2019en croire, c\u2019est m\u00eame Aminata Tour\u00e9 qui en a \u00e9t\u00e9 la principale initiatrice. \u2018\u2019Moi, j\u2019ai d\u00e9couvert la lettre dans la salle. On me l\u2019a pr\u00e9sent\u00e9e et je l\u2019ai imm\u00e9diatement sign\u00e9e. Parce que quand on est dans un groupe, il faut rester solidaire. Et dans cette lettre, nous demandions qu\u2019on nous rencontre et qu\u2019on nous remette dans nos droits. Maintenant, ma position personnelle est que si le pr\u00e9sident voulait r\u00e9ellement r\u00e9gler le probl\u00e8me, il aurait r\u00e9agi avant la publication de la liste d\u00e9finitive. Pas maintenant. Si \u00e7a ne d\u00e9pendait que de moi, on n\u2019irait pas r\u00e9pondre. Mais encore une fois, c\u2019est une dynamique de groupe\u2019\u2019, a-t-il insist\u00e9, non sans pr\u00e9ciser qu\u2019il n\u2019a jamais \u00e9t\u00e9 question de discuter de quelque report que ce soit. Et que lui ne souscrirait jamais \u00e0 de telles n\u00e9gociations. \u2018\u2019Celle que vous voyez s\u2019agiter, c\u2019est elle qui est \u00e0 l\u2019initiative de cette lettre. Elle est en train de brandir des motifs personnels pour justifier sa non-participation \u00e0 l\u2019audience, alors que ce qui nous int\u00e9resse c\u2019est le S\u00e9n\u00e9gal\u2026 Macky Sall ne peut amener personne \u00e0 soutenir un report du scrutin\u2019\u2019, tranche-t-il.<\/p>\n\n\n\n<p>Membre du Collectif des candidats spoli\u00e9s, Ousmane Sonko, lui, s\u2019\u00e9tait tr\u00e8s t\u00f4t d\u00e9marqu\u00e9 des tractations. D\u00e8s la publication de la lettre adress\u00e9e au pr\u00e9sident, il \u00e9tait mont\u00e9 au cr\u00e9neau pour se d\u00e9solidariser. \u2018\u2019Sous r\u00e9serve de l&rsquo;authenticit\u00e9 de ce document (le document sign\u00e9 par les candidats recal\u00e9s), le pr\u00e9sident Ousmane Sonko tient \u00e0 d\u00e9mentir toute implication dans cette initiative, dont il n&rsquo;a jamais \u00e9t\u00e9 inform\u00e9\u2019\u2019, se d\u00e9fendaient ses soutiens dans un communiqu\u00e9. Pour le candidat de Sonko Pr\u00e9sident, \u2018\u2019le pr\u00e9sident Macky Sall ne dispose d&rsquo;aucune pr\u00e9rogative, le Conseil constitutionnel \u00e9tant seul ma\u00eetre du d\u00e9roulement des op\u00e9rations\u2019\u2019, soulignait-il non sans demander aux uns et aux autres de cesse d&rsquo;associer son nom \u00e0 des initiatives pour lesquelles il n&rsquo;a ni \u00e9t\u00e9 consult\u00e9 encore moins consenti.<\/p>\n\n\n\n<p>Pour leur part, les candidats Bougane Gu\u00e8ye Dani, Dr Abdourahmane Diouf et autres n\u2019ont pas jug\u00e9 utile d\u2019\u00eatre de la d\u00e9l\u00e9gation devant rencontrer le chef de l\u2019\u00c9tat, m\u00eame s\u2019ils n\u2019ont pas \u00e9mis de critiques contre l\u2019audience.<\/p>\n\n\n\n<p><em><strong>MOR AMAR<\/strong><\/em><\/p>\n\n\n\n<p>ENQUETESPLUS<\/p>\n","protected":false},"excerpt":{"rendered":"<p>Le premier dialogue avait divis\u00e9 en mille morceaux la coalition Yewwi Askan Wi. Le deuxi\u00e8me fait \u00e9clater le collectif des<\/p>\n","protected":false},"author":1,"featured_media":30254,"comment_status":"open","ping_status":"open","sticky":false,"template":"","format":"standard","meta":{"footnotes":""},"categories":[6],"tags":[],"class_list":["post-30253","post","type-post","status-publish","format-standard","has-post-thumbnail","hentry","category-politics"],"_links":{"self":[{"href":"https:\/\/dekkbi.com\/index.php?rest_route=\/wp\/v2\/posts\/30253","targetHints":{"allow":["GET"]}}],"collection":[{"href":"https:\/\/dekkbi.com\/index.php?rest_route=\/wp\/v2\/posts"}],"about":[{"href":"https:\/\/dekkbi.com\/index.php?rest_route=\/wp\/v2\/types\/post"}],"author":[{"embeddable":true,"href":"https:\/\/dekkbi.com\/index.php?rest_route=\/wp\/v2\/users\/1"}],"replies":[{"embeddable":true,"href":"https:\/\/dekkbi.com\/index.php?rest_route=%2Fwp%2Fv2%2Fcomments&post=30253"}],"version-history":[{"count":1,"href":"https:\/\/dekkbi.com\/index.php?rest_route=\/wp\/v2\/posts\/30253\/revisions"}],"predecessor-version":[{"id":30255,"href":"https:\/\/dekkbi.com\/index.php?rest_route=\/wp\/v2\/posts\/30253\/revisions\/30255"}],"wp:featuredmedia":[{"embeddable":true,"href":"https:\/\/dekkbi.com\/index.php?rest_route=\/wp\/v2\/media\/30254"}],"wp:attachment":[{"href":"https:\/\/dekkbi.com\/index.php?rest_route=%2Fwp%2Fv2%2Fmedia&parent=30253"}],"wp:term":[{"taxonomy":"category","embeddable":true,"href":"https:\/\/dekkbi.com\/index.php?rest_route=%2Fwp%2Fv2%2Fcategories&post=30253"},{"taxonomy":"post_tag","embeddable":true,"href":"https:\/\/dekkbi.com\/index.php?rest_route=%2Fwp%2Fv2%2Ftags&post=30253"}],"curies":[{"name":"wp","href":"https:\/\/api.w.org\/{rel}","templated":true}]}}