{"id":30172,"date":"2024-01-25T09:20:16","date_gmt":"2024-01-25T09:20:16","guid":{"rendered":"https:\/\/dekkbi.com\/?p=30172"},"modified":"2024-01-25T10:19:06","modified_gmt":"2024-01-25T10:19:06","slug":"antony-blinken-avec-wagner-au-burkina-faso-et-au-mali-la-violence-et-lextremisme-saggravent","status":"publish","type":"post","link":"https:\/\/dekkbi.com\/?p=30172","title":{"rendered":"Le secr\u00e9taire d\u2019\u00c9tat am\u00e9ricain Antony Blinken  \u00ab Avec Wagner, au Burkina Faso et au Mali, la violence et l\u2019extr\u00e9misme s\u2019aggravent\u00bb"},"content":{"rendered":"\n<p><strong>Relations avec les juntes militaires au pouvoir au Sahel, mercenaires russes de Wagner, partenariats \u00e9conomiques entre les \u00c9tats-Unis et le continent\u2026 Le secr\u00e9taire d\u2019\u00c9tat am\u00e9ricain, en tourn\u00e9e sur le continent, a accord\u00e9 un entretien en vid\u00e9o \u00e0 Jeune Afrique et The Africa Report.<\/strong><\/p>\n\n\n\n<p>\u00ab Au Mali, au Burkina Faso, quand ils font appel \u2013 et quand d\u2019autres font appel \u2013 \u00e0 des forces ext\u00e9rieures comme Wagner pour essayer de r\u00e9pondre aux probl\u00e8mes de s\u00e9curit\u00e9, qu\u2019est-ce que nous voyons ? Nous voyons que les probl\u00e8mes deviennent encore plus graves, plus difficiles. Les violences, l\u2019extr\u00e9misme, le terrorisme vont en s\u2019aggravant dans les \u00c9tats qui ont fait appel \u00e0 Wagner. \u00bb Ce constat, c\u2019est Antony Blinken qui le dresse. S\u00e9curit\u00e9, \u00e9conomie, d\u00e9mocratie\u2026 \u00c0 Lagos, le secr\u00e9taire d\u2019\u00c9tat am\u00e9ricain, en tourn\u00e9e sur le continent depuis le d\u00e9but de la semaine, a accord\u00e9 un entretien en vid\u00e9o \u00e0\u00a0<em>Jeune Afrique<\/em>\u00a0et\u00a0<em>The Africa Report<\/em>.<\/p>\n\n\n\n<p>Apr\u00e8s le Cap-Vert et la C\u00f4te d\u2019Ivoire, o\u00f9\u00a0il a \u00e9chang\u00e9 avec Alassane Ouattara sur les questions s\u00e9curitaires, et avant de se rendre en Angola, o\u00f9 il doit rencontrer le pr\u00e9sident Jo\u00e3o Louren\u00e7o, le secr\u00e9taire d\u2019\u00c9tat am\u00e9ricain est\u00a0arriv\u00e9 le 23 janvier \u00e0 Lagos, o\u00f9 il a vu le chef de l\u2019\u00c9tat nig\u00e9rian, Bola Tinubu. Les deux hommes ont abord\u00e9 des questions \u00e9conomiques \u2013 le Nigeria est l\u2019un des principaux partenaires des \u00c9tats-Unis sur le continent \u2013 mais ils ont aussi, l\u00e0 encore, \u00e9voqu\u00e9 des probl\u00e8mes s\u00e9curitaires.<\/p>\n\n\n\n<h2 class=\"wp-block-heading\">Tensions avec la Russie<\/h2>\n\n\n\n<p>Partout, Antony Blinken s\u2019est fait le porte-voix de la \u00ab strat\u00e9gie africaine \u00bb du pr\u00e9sident Joe Biden.\u00a0\u00ab Nous mettons le paquet sur l\u2019Afrique \u00bb, a-t-il r\u00e9p\u00e9t\u00e9 \u00e0 chacune de ses \u00e9tapes. Mais s\u2019il vante volontiers les vertus du \u00ab partenariat \u00bb entre Washington et le continent sur le plan \u00e9conomique,\u00a0notamment via le dispositif de l\u2019African Growth and Opportunity Act (Agoa),\u00a0Antony Blinken n\u2019\u00e9lude pas la guerre d\u2019influence qui se joue entre la Russie et les puissances occidentales, en particulier en Afrique de l\u2019Ouest. Tout comme il met en garde les r\u00e9gimes de transition au pouvoir au Mali, au Burkina Faso et au Niger, auxquels il enjoint d\u2019\u00e9couter la Cedeao et \u00ab\u00a0d\u2019effectuer un retour \u00e0 l\u2019ordre constitutionnel dans un d\u00e9lai tr\u00e8s clair et tr\u00e8s limit\u00e9\u00a0\u00bb.<a target=\"_blank\" rel=\"noreferrer noopener\"><\/a><\/p>\n\n\n\n<p>Le secr\u00e9taire d\u2019\u00c9tat am\u00e9ricain \u00e9voque \u00e9galement les relations de Washington avec Luanda, qui \u00e9taient particuli\u00e8rement tendues \u00e0 l\u2019\u00e9poque de Jos\u00e9 Eduardo dos Santos. D\u2019apr\u00e8s Antony Blinken, le pr\u00e9sident Jo\u00e3o Louren\u00e7o \u00ab\u00a0voit tr\u00e8s bien le poison que repr\u00e9sente la corruption pour le d\u00e9veloppement et pour la cr\u00e9ation d\u2019opportunit\u00e9s et il accomplit des pas tr\u00e8s concrets pour la combattre\u00a0\u00bb. Mais il insiste : \u00ab\u00a0Il faut encore plus d\u2019espace pour la soci\u00e9t\u00e9 civile, pour les m\u00e9dias, qui, eux aussi, ont un r\u00f4le critique \u00e0 jouer contre la corruption, pour pouvoir la mettre en lumi\u00e8re et la contrer\u00a0\u00bb.<\/p>\n","protected":false},"excerpt":{"rendered":"<p>Relations avec les juntes militaires au pouvoir au Sahel, mercenaires russes de Wagner, partenariats \u00e9conomiques entre les \u00c9tats-Unis et le<\/p>\n","protected":false},"author":1,"featured_media":4324,"comment_status":"open","ping_status":"open","sticky":false,"template":"","format":"standard","meta":{"footnotes":""},"categories":[51],"tags":[],"class_list":["post-30172","post","type-post","status-publish","format-standard","has-post-thumbnail","hentry","category-general"],"_links":{"self":[{"href":"https:\/\/dekkbi.com\/index.php?rest_route=\/wp\/v2\/posts\/30172","targetHints":{"allow":["GET"]}}],"collection":[{"href":"https:\/\/dekkbi.com\/index.php?rest_route=\/wp\/v2\/posts"}],"about":[{"href":"https:\/\/dekkbi.com\/index.php?rest_route=\/wp\/v2\/types\/post"}],"author":[{"embeddable":true,"href":"https:\/\/dekkbi.com\/index.php?rest_route=\/wp\/v2\/users\/1"}],"replies":[{"embeddable":true,"href":"https:\/\/dekkbi.com\/index.php?rest_route=%2Fwp%2Fv2%2Fcomments&post=30172"}],"version-history":[{"count":2,"href":"https:\/\/dekkbi.com\/index.php?rest_route=\/wp\/v2\/posts\/30172\/revisions"}],"predecessor-version":[{"id":30200,"href":"https:\/\/dekkbi.com\/index.php?rest_route=\/wp\/v2\/posts\/30172\/revisions\/30200"}],"wp:featuredmedia":[{"embeddable":true,"href":"https:\/\/dekkbi.com\/index.php?rest_route=\/wp\/v2\/media\/4324"}],"wp:attachment":[{"href":"https:\/\/dekkbi.com\/index.php?rest_route=%2Fwp%2Fv2%2Fmedia&parent=30172"}],"wp:term":[{"taxonomy":"category","embeddable":true,"href":"https:\/\/dekkbi.com\/index.php?rest_route=%2Fwp%2Fv2%2Fcategories&post=30172"},{"taxonomy":"post_tag","embeddable":true,"href":"https:\/\/dekkbi.com\/index.php?rest_route=%2Fwp%2Fv2%2Ftags&post=30172"}],"curies":[{"name":"wp","href":"https:\/\/api.w.org\/{rel}","templated":true}]}}