{"id":30145,"date":"2024-01-24T16:08:57","date_gmt":"2024-01-24T16:08:57","guid":{"rendered":"https:\/\/dekkbi.com\/?p=30145"},"modified":"2024-01-24T16:08:58","modified_gmt":"2024-01-24T16:08:58","slug":"presidentielle-2024-idrissa-seck-un-outsider-dangereux","status":"publish","type":"post","link":"https:\/\/dekkbi.com\/?p=30145","title":{"rendered":"PR\u00c9SIDENTIELLE 2024 &#8211; Idrissa Seck, un outsider dangereux ?"},"content":{"rendered":"\n<p><strong><em>Idrissa Seck, leader du parti Rewmi, avance masqu\u00e9 depuis plusieurs mois. Apr\u00e8s la validation de sa candidature par le Conseil constitutionnel, l\u2019ancien Premier ministre lib\u00e9ral entend cr\u00e9er la surprise lors de la prochaine Pr\u00e9sidentielle en s\u2019imposant comme un challenger solide \u00e0 Amadou B\u00e2, candidat de la majorit\u00e9 pr\u00e9sidentielle.<\/em><\/strong><\/p>\n\n\n\n<p>Seul rescap\u00e9 de la Pr\u00e9sidentielle de 2019, Idrissa Seck appara\u00eet comme le dernier des Mohicans. Le leader du parti Rewmi a r\u00e9ussi \u00e0 passer le redoutable processus du parrainage, semble repr\u00e9senter la vieille aristocratie politique qui a longtemps \u00e9cum\u00e9 la vie politique s\u00e9n\u00e9galaise.<\/p>\n\n\n\n<p>Idrissa Seck, ancien pr\u00e9sident du Conseil \u00e9conomique, social et environnemental (Cese) qui demeure un champion de l\u2019art oratoire, avance masqu\u00e9 tout en d\u00e9roulant sa strat\u00e9gie de vulgarisation et de mobilisation \u00e0 l\u2019int\u00e9rieur du pays. L\u2019ex-maire de Thi\u00e8s, qui avait un temps rejoint la majorit\u00e9 pr\u00e9sidentielle en novembre 2020, compte damer le pion aux 19 autres candidats \u00e0 la Pr\u00e9sidentielle en jouant la carte de l\u2019exp\u00e9rience. Le patron des rewmistes compte aussi incarner une troisi\u00e8me voie entre le pouvoir et une opposition radicalis\u00e9e incarn\u00e9s par la galaxie de l\u2019ex-parti Pastef. Idrissa Seck est apparu, lors du conflit entre l\u2019\u00c9tat et l\u2019ex-parti Pastef comme une alternative cr\u00e9dible face au duel Macky Sall-Ousmane Sonko sur fond de vives tensions sociopolitiques.<\/p>\n\n\n\n<p>En outre, la non-partance de Karim Wade pour le scrutin du 25 f\u00e9vrier pourrait ouvrir le champ libre pour l\u2019ancien ministre du Commerce sous Abdou Diouf.<\/p>\n\n\n\n<p>L\u2019\u00e9lectorat lib\u00e9ral orphelin de Wade-fils pourrait ainsi se tourner vers le candidat de Rewmi. Idrissa Seck, tr\u00e8s proche de certains caciques du pouvoir, est aussi susceptible de profiter de la multiplication des candidatures au sein de la mouvance pr\u00e9sidentielle. L\u2019ancien n\u00ba2 du PDS va entamer sa quatri\u00e8me campagne pr\u00e9sidentielle, apr\u00e8s 2007, 2012 et 2019, dont il s\u2019est class\u00e9 deuxi\u00e8me devant Ousmane Sonko avec plus de 20 % des voix.<\/p>\n\n\n\n<p>De ce fait, Idrissa Seck se veut le champion de la rupture tranquille, un moyen pour lui de rassurer les milieux d\u2019affaires et les puissances occidentales inquiets de la pouss\u00e9e du discours souverainiste dans notre pays.<\/p>\n\n\n\n<p>Selon plusieurs observateurs, l\u2019ex-premier magistrat de la ville de Thi\u00e8s, qui ambitionne de figurer en bonne place lors du premier tour de la Pr\u00e9sidentielle, devra reconqu\u00e9rir n\u00e9cessairement sa base politique dans la capitale du Rail.<\/p>\n\n\n\n<p>En effet, son tandem avec le camp du pouvoir \u2018\u2019Mburu ak Soow\u2019\u2019 (du pain et du lait en fran\u00e7ais) n\u2019a pas su r\u00e9sister \u00e0 la d\u00e9ferlante de Yewwi Askan Wi (Yaw) qui a remport\u00e9 les Locales puis les L\u00e9gislatives \u00e0 Thi\u00e8s.<\/p>\n\n\n\n<p>De plus, il devra aussi tenter d\u2019\u00e9largir sa base \u00e9lectorale en essayant de r\u00e9\u00e9diter l\u2019exploit de 2019 qui l\u2019a vu r\u00e9aliser une perc\u00e9e dans le d\u00e9partement de Mback\u00e9. Une pouss\u00e9e due \u00e0 l\u2019adh\u00e9sion d\u2019une partie de la communaut\u00e9 mouride au profit de la politique d\u2019Idrissa Seck. La non-pr\u00e9sence d\u2019un candidat lib\u00e9ral en 2019 a jou\u00e9 en sa faveur face au pr\u00e9sident sortant Macky Sall.<\/p>\n\n\n\n<p>Ainsi, Idrissa Seck, lors de la prochaine campagne, doit renouer avec cet \u00e9lectorat dont une grande partie a longtemps \u00e9t\u00e9 favorable au PDS et qui, aujourd\u2019hui orphelin de Karim Wade, se cherche un champion. Idrissa Seck, malgr\u00e9 ses sorties malencontreuses contre le camp de Maitre Abdoulaye Wade, est le candidat qui porte encore les id\u00e9es lib\u00e9rales. Ayant plus d\u2019aura qu\u2019Habib Sy, le vote utile pourrait s\u2019orienter vers lui.<\/p>\n\n\n\n<p>Mais pour le politologue Mamadou Sy Albert, il sera tr\u00e8s difficile pour Idrissa Seck de faire une perc\u00e9e lors de ce scrutin.<\/p>\n\n\n\n<p>En effet, sa participation \u00e0 l\u2019alliance pr\u00e9sidentielle a profond\u00e9ment entam\u00e9 sa cr\u00e9dibilit\u00e9 politique. \u2018\u2019Les contextes entre l\u2019\u00e9lection de 2019 et de 2024 ne sont pas les m\u00eames. En 2019, Idrissa Seck avait b\u00e9n\u00e9fici\u00e9 du soutien de tous les candidats recal\u00e9s par le parrainage et celui de Khalifa Sall, ancien maire de Dakar qui n\u2019a pas pu se pr\u00e9senter. Lors de la derni\u00e8re Pr\u00e9sidentielle, ils n&rsquo;\u00e9taient pas nombreux, mais aujourd\u2019hui, tous les courants sont repr\u00e9sent\u00e9s dans ce scrutin, ce qui laisse peu de champ libre au candidat Idrissa Seck\u2019\u2019, affirme-t-il avant d\u2019ajouter que le report de voix en provenance du PDS risque de ne pas \u00eatre automatique.<\/p>\n\n\n\n<p>\u2018\u2019L\u2019\u00e9lectorat du PDS risque de se tourner un peu plus vers Taxawu S\u00e9n\u00e9gal ou vers les candidats de Yaw avec qui la formation lib\u00e9rale a form\u00e9 l\u2019intercoalition.<\/p>\n\n\n\n<p>N\u00e9anmoins, Idrissa Seck pourrait r\u00e9cup\u00e9rer les d\u00e9\u00e7us de la majorit\u00e9 pr\u00e9sidentielle. Il a plus de cr\u00e9dibilit\u00e9 que les dissidents de l\u2019APR et les d\u00e9\u00e7us du camp pr\u00e9sidentiel qui ne voteront pas pour Yaw pourraient se reporter vers Idrissa Seck\u2019\u2019, conclut-il.<\/p>\n\n\n\n<p>Cependant, selon certaines de nos sources, il&nbsp; y a peu de chance que le report de voix aille au candidat de l\u2019ex-Pastef. L\u2019inimiti\u00e9 entre Karim Wade et Ousmane Sonko est r\u00e9elle. Et ces voix n\u2019iraient pas \u00e0 Amadou B\u00e2 qui est accus\u00e9 par Karim Wade d\u2019instrumentaliser Thierno Alassane Sall qui a introduit le recours invalidant sa candidature.<\/p>\n\n\n\n<p>Par ailleurs, Idrissa Seck est bon tribun. Il sait tr\u00e8s bien communiquer&nbsp; en fran\u00e7ais mais surtout en wolof. Toutes choses qui peuvent de lui un candidat qui peut surprendre.<\/p>\n\n\n\n<p><em><strong>Mamadou Makhfouse NGOM<\/strong><\/em><br>ENQUETEPLUS<\/p>\n\n\n\n<p><\/p>\n","protected":false},"excerpt":{"rendered":"<p>Idrissa Seck, leader du parti Rewmi, avance masqu\u00e9 depuis plusieurs mois. Apr\u00e8s la validation de sa candidature par le Conseil<\/p>\n","protected":false},"author":1,"featured_media":9283,"comment_status":"open","ping_status":"open","sticky":false,"template":"","format":"standard","meta":{"footnotes":""},"categories":[21],"tags":[],"class_list":["post-30145","post","type-post","status-publish","format-standard","has-post-thumbnail","hentry","category-societe"],"_links":{"self":[{"href":"https:\/\/dekkbi.com\/index.php?rest_route=\/wp\/v2\/posts\/30145","targetHints":{"allow":["GET"]}}],"collection":[{"href":"https:\/\/dekkbi.com\/index.php?rest_route=\/wp\/v2\/posts"}],"about":[{"href":"https:\/\/dekkbi.com\/index.php?rest_route=\/wp\/v2\/types\/post"}],"author":[{"embeddable":true,"href":"https:\/\/dekkbi.com\/index.php?rest_route=\/wp\/v2\/users\/1"}],"replies":[{"embeddable":true,"href":"https:\/\/dekkbi.com\/index.php?rest_route=%2Fwp%2Fv2%2Fcomments&post=30145"}],"version-history":[{"count":1,"href":"https:\/\/dekkbi.com\/index.php?rest_route=\/wp\/v2\/posts\/30145\/revisions"}],"predecessor-version":[{"id":30146,"href":"https:\/\/dekkbi.com\/index.php?rest_route=\/wp\/v2\/posts\/30145\/revisions\/30146"}],"wp:featuredmedia":[{"embeddable":true,"href":"https:\/\/dekkbi.com\/index.php?rest_route=\/wp\/v2\/media\/9283"}],"wp:attachment":[{"href":"https:\/\/dekkbi.com\/index.php?rest_route=%2Fwp%2Fv2%2Fmedia&parent=30145"}],"wp:term":[{"taxonomy":"category","embeddable":true,"href":"https:\/\/dekkbi.com\/index.php?rest_route=%2Fwp%2Fv2%2Fcategories&post=30145"},{"taxonomy":"post_tag","embeddable":true,"href":"https:\/\/dekkbi.com\/index.php?rest_route=%2Fwp%2Fv2%2Ftags&post=30145"}],"curies":[{"name":"wp","href":"https:\/\/api.w.org\/{rel}","templated":true}]}}