{"id":30131,"date":"2024-01-24T14:09:25","date_gmt":"2024-01-24T14:09:25","guid":{"rendered":"https:\/\/dekkbi.com\/?p=30131"},"modified":"2024-01-24T16:12:58","modified_gmt":"2024-01-24T16:12:58","slug":"forum-mondial-migration-et-developpement-lappel-de-geneve-contre-le-rechauffement-climatique","status":"publish","type":"post","link":"https:\/\/dekkbi.com\/?p=30131","title":{"rendered":"Migration et d\u00e9veloppement"},"content":{"rendered":"\n<p><strong>Processus international, intergouvernemental, volontaire et informel sur les questions migratoires et le lien entre migration et d\u00e9veloppement, le 14e Forum mondial migration et d\u00e9veloppement (Gfmd) s\u2019est ouvert hier au Centre international de conf\u00e9rence de Gen\u00e8ve (Cicg), sous la th\u00e9matique du r\u00e9chauffement climatique. L\u2019une des principales causes du d\u00e9placement des personnes, il a fait plus de 30 millions de personnes d\u00e9plac\u00e9es en 2022. Pr\u00e9sidant le forum depuis le 1er juillet 2022, la France a \u00e9t\u00e9 repr\u00e9sent\u00e9e par Aur\u00e9lien Lechevallier, Directeur g\u00e9n\u00e9ral des Affaires \u00e9conomiques et culturelles mondiales au minist\u00e8re de l\u2019Europe et des affaires \u00e9trang\u00e8res de la France.<\/strong><\/p>\n\n\n\n<p><strong>Par Pape Moussa DIALLO (Envoy\u00e9 sp\u00e9cial \u00e0 Gen\u00e8ve) \u2013\u00a0<\/strong>Le changement climatique et\/ou son impact sur la mobilit\u00e9 humaine a \u00e9t\u00e9 au c\u0153ur des discours qui ont aliment\u00e9 la c\u00e9r\u00e9monie d\u2019ouverture du 14e Forum mondial migration et d\u00e9veloppement (Gfmd) sous la pr\u00e9sidence fran\u00e7aise, en l\u2019absence du S\u00e9n\u00e9gal qui se serait d\u00e9sist\u00e9 de la copr\u00e9sidence \u00e0 la suite du remaniement minist\u00e9riel qui a emport\u00e9 Mo\u00efse Sarr en sa qualit\u00e9 de ministre en charge des S\u00e9n\u00e9galais de l\u2019ext\u00e9rieur aupr\u00e8s du ministre des Affaires \u00e9trang\u00e8res et des S\u00e9n\u00e9galais de l\u2019ext\u00e9rieur. Ce n\u2019est pas fortuit si la question du changement climatique a \u00e9t\u00e9 la th\u00e9matique principale autour de laquelle 6 autres vont \u00eatre abord\u00e9es au courant des 3 jours que vont durer le forum. Il s\u2019agit de l\u2019impact du changement climatique sur la mobilit\u00e9 humaine, migration et droits humains, diasporas, migration de travail et inclusion socio\u00e9conomique, culture et discours, et enfin la gouvernance intergouvernementale de la migration. D\u2019apr\u00e8s l\u2019organe des Nations unies en charge de la question climatique, dans un monde en proie au changement climatique, les migrations environnementales \u00abprennent une ampleur sans pr\u00e9c\u00e9dent, se traduisant par les d\u00e9placements forc\u00e9s de millions d\u2019individus \u00e0 travers le monde\u00bb.<\/p>\n\n\n\n<p>Conscient de l\u2019impact que le changement climatique a sur la mobilit\u00e9 des personnes, Aur\u00e9lien Lechevallier, Directeur g\u00e9n\u00e9ral des Affaires \u00e9conomiques et culturelles mondiales au minist\u00e8re de l\u2019Europe et des affaires \u00e9trang\u00e8res de la France, exprime des pens\u00e9es \u00e9mues \u00e0 l\u2019endroit des disparus des chemins tortueux de la migration. \u00abIl faut renforcer le droit des migrants\u00bb, a-t-il dit dans son discours, sans pour autant oublier d\u2019appeler \u00e0 des solutions qui doivent venir de \u00abtoutes et de tous\u00bb. Toujours dans son discours, il assure que seule \u00abune gouvernance multiniveau permettra d\u2019apporter des r\u00e9ponses collectives aux enjeux des migrations\u00bb. A en croire M. Lechavallier, ces derni\u00e8res d\u00e9cennies \u00ab\u00e9merge\u00bb un nouveau paradigme dans le \u00abtraitement\u00bb et la \u00abcompr\u00e9hension\u00bb des mobilit\u00e9s humaines en raison du d\u00e9r\u00e8glement climatique et la d\u00e9gradation de l\u2019environnement. Avant de poursuivre\u00a0: \u00abCette th\u00e9matique est ch\u00e8re \u00e0 la France et \u00e0 l\u2019Europe depuis les Accords de Paris 2015 sur le climat, et s\u2019associe aux travaux sur les d\u00e9placements induits par le r\u00e9chauffement climatique.\u00bb Pour Amy Pope, Directrice g\u00e9n\u00e9rale de l\u2019Organisation internationale pour les migrations (Oim), \u00able changement climatique est au c\u0153ur des d\u00e9sastres qui minent la plan\u00e8te\u00bb. <\/p>\n\n\n\n<p>Et, la directrice de l\u2019Oim de faire savoir que le changement climatique est \u00abl\u2019un des principaux facteurs du d\u00e9placement des personnes\u00bb. Elle informe qu\u2019en 2022, \u00ab33 millions de personnes ont \u00e9t\u00e9 d\u00e9plac\u00e9es dans le monde\u00bb. Pour elle, il est imp\u00e9rieux, voire n\u00e9cessaire de \u00abtraiter tous les facteurs contraires \u00e0 la migration et de reconna\u00eetre l\u2019apport des migrants aussi bien pour les pays d\u2019origine que d\u2019accueil\u00bb. \u00abSans une nouvelle politique de gouvernance mondiale de la migration, on ne pourra pas atteindre les r\u00e9sultats escompt\u00e9s\u00bb, a-t-elle laiss\u00e9 entendre. Quant \u00e0 Shoka Noda du Programme des Nations unies pour le d\u00e9veloppement (Pnud), \u00ables conflits et violences, entre autres, ne cessent de s\u2019\u00e9tendre et poussent les gens \u00e0 partir de chez eux dans des conditions jamais encore connues\u00bb. Pour cette derni\u00e8re, il ne fait aucun doute que les pays d\u2019accueil b\u00e9n\u00e9ficient de l\u2019apport de la migration. C\u2019est pourquoi, convient-elle, qu\u2019il faille \u00ablutter contre les violations des droits des migrants, la mont\u00e9e du racisme, du discours x\u00e9nophobe, et surtout initier de vraies politiques pour traiter les v\u00e9ritables causes qui poussent les personnes \u00e0 partir de chez elles\u00bb. <\/p>\n\n\n\n<p>Elle conclut en indiquant qu\u2019il faille \u00abamorcer un nouveau paradigme avec un monde plus s\u00fbr et plus juste\u00bb. Pr\u00e9sente \u00e0 la rencontre, la Colombie, qui doit assurer la prochaine pr\u00e9sidence du forum, n\u2019a pas manqu\u00e9 de prendre la parole pour s\u2019engager \u00e0 poursuivre le travail d\u00e9j\u00e0 entam\u00e9 dans un esprit inclusif et participatif de tous les acteurs. Gustavo Gallon, repr\u00e9sentant permanent de la Colombie au sein du Gfmd 2024-2025, note que son pays, dans la perspective de la pr\u00e9sidence de cette structure, va \u00abproposer un agenda inclusif avec la participation de tous les acteurs\u00bb. Ce, non sans promettre que son pays va placer sa pr\u00e9sidence sous le signe du respect des droits humains. Le Groupe d\u2019experts intergouvernemental sur l\u2019\u00e9volution du climat (Giec) tire la sonnette d\u2019alarme, pr\u00e9voyant qu\u2019en 2050, plus d\u2019un milliard de personnes dans le monde pourraient \u00eatre expos\u00e9es \u00e0 des risques climatiques tels que l\u2019\u00e9l\u00e9vation du niveau de la mer, les inondations, les s\u00e9cheresses et autres catastrophes naturelles. Sans actions pour r\u00e9duire les \u00e9missions mondiales de gaz \u00e0 effet de serre, \u00abpr\u00e8s de 216 millions de personnes devront se d\u00e9placer \u00e0 l\u2019int\u00e9rieur de leur pays d\u2019ici 2050\u00bb, selon la Banque mondiale.<\/p>\n\n\n\n<p>LEQUOTIDIEN<\/p>\n","protected":false},"excerpt":{"rendered":"<p>Processus international, intergouvernemental, volontaire et informel sur les questions migratoires et le lien entre migration et d\u00e9veloppement, le 14e Forum<\/p>\n","protected":false},"author":1,"featured_media":30132,"comment_status":"open","ping_status":"open","sticky":false,"template":"","format":"standard","meta":{"footnotes":""},"categories":[3],"tags":[],"class_list":["post-30131","post","type-post","status-publish","format-standard","has-post-thumbnail","hentry","category-event-more-news"],"_links":{"self":[{"href":"https:\/\/dekkbi.com\/index.php?rest_route=\/wp\/v2\/posts\/30131","targetHints":{"allow":["GET"]}}],"collection":[{"href":"https:\/\/dekkbi.com\/index.php?rest_route=\/wp\/v2\/posts"}],"about":[{"href":"https:\/\/dekkbi.com\/index.php?rest_route=\/wp\/v2\/types\/post"}],"author":[{"embeddable":true,"href":"https:\/\/dekkbi.com\/index.php?rest_route=\/wp\/v2\/users\/1"}],"replies":[{"embeddable":true,"href":"https:\/\/dekkbi.com\/index.php?rest_route=%2Fwp%2Fv2%2Fcomments&post=30131"}],"version-history":[{"count":4,"href":"https:\/\/dekkbi.com\/index.php?rest_route=\/wp\/v2\/posts\/30131\/revisions"}],"predecessor-version":[{"id":30149,"href":"https:\/\/dekkbi.com\/index.php?rest_route=\/wp\/v2\/posts\/30131\/revisions\/30149"}],"wp:featuredmedia":[{"embeddable":true,"href":"https:\/\/dekkbi.com\/index.php?rest_route=\/wp\/v2\/media\/30132"}],"wp:attachment":[{"href":"https:\/\/dekkbi.com\/index.php?rest_route=%2Fwp%2Fv2%2Fmedia&parent=30131"}],"wp:term":[{"taxonomy":"category","embeddable":true,"href":"https:\/\/dekkbi.com\/index.php?rest_route=%2Fwp%2Fv2%2Fcategories&post=30131"},{"taxonomy":"post_tag","embeddable":true,"href":"https:\/\/dekkbi.com\/index.php?rest_route=%2Fwp%2Fv2%2Ftags&post=30131"}],"curies":[{"name":"wp","href":"https:\/\/api.w.org\/{rel}","templated":true}]}}