{"id":30122,"date":"2024-01-24T13:17:09","date_gmt":"2024-01-24T13:17:09","guid":{"rendered":"https:\/\/dekkbi.com\/?p=30122"},"modified":"2024-01-24T13:18:36","modified_gmt":"2024-01-24T13:18:36","slug":"macky-sall-au-symposium-consacre-a-ses-douze-annees-de-gouvernance-il-ny-aura-pas-de-paix-pour-ceux-qui-veulent-instaurer-le-chaos-dans-le-pays","status":"publish","type":"post","link":"https:\/\/dekkbi.com\/?p=30122","title":{"rendered":"Macky Sall au symposium consacr\u00e9 \u00e0 ses douze ann\u00e9es de gouvernance: \u00abIl n\u2019y aura pas de paix pour ceux qui veulent instaurer le chaos dans le pays\u00bb"},"content":{"rendered":"\n<p><strong>Le pr\u00e9sident Macky Sall a pr\u00e9sid\u00e9 l\u2019ouverture des travaux du symposium consacr\u00e9 \u00e0 ses douze ann\u00e9es de magistrature. Une rencontre de deux jours initi\u00e9e par le Club Soci\u00e9t\u00e9s, D\u00e9mocraties et perspectives. Une occasion pour le chef de l\u2019Etat de r\u00e9pondre aux pourfendeurs qui flinguent sa gouvernance des droits de l\u2019homme.<\/strong><\/p>\n\n\n\n<p>A l\u2019occasion du symposium\u00a0 sur les douze ann\u00e9es de Macky Sall organis\u00e9 par des intellectuels et acteurs citoyens, le pr\u00e9sident de la R\u00e9publique a profit\u00e9 de la tribune pour r\u00e9pondre \u00e0 ceux qui le fl\u00e9trissent sur la gouvernance des droits de l\u2019homme. En r\u00e9ponse \u00e0 ceux qui disent que cet aspect constitue le talon d\u2019Achille de son r\u00e8gne, Macky Sall a r\u00e9pondu que c\u2019est de sa responsabilit\u00e9 premi\u00e8re de veiller \u00e0 la s\u00e9curit\u00e9 de la nation et des citoyens. Et dans ce sens, il \u00a0mettra toute son \u00e9nergie pour assurer ce r\u00f4le. Et de relever\u00a0: \u00ab\u00a0Il s\u2019y ajoute que le cadre l\u00e9gal de notre pays, \u00e0 travers l\u2019acte III accorde une place importante \u00e0 la gouvernance, la paix et la s\u00e9curit\u00e9\u00a0\u00bb. Pour lui, ces \u00e9l\u00e9ments sont une condition sine qua non pour tout d\u00e9veloppement. \u00ab Assurer la s\u00e9curit\u00e9, c\u2019est garantir notre ind\u00e9pendance sur l\u2019ensemble de notre territoire. \u00c9viter que des forces du mal, des extr\u00e9mistes, des terroristes ne s\u2019emparent de parties de notre territoire. Le S\u00e9n\u00e9gal l\u2019a r\u00e9ussi jusque-l\u00e0\u00a0\u00bb, a dit le pr\u00e9sident Macky Sall. Et d\u2019ass\u00e9ner dans la foul\u00e9e que\u00a0le S\u00e9n\u00e9gal est une d\u00e9mocratie, avec une justice ind\u00e9pendante et contrairement \u00e0 ce que soutiennent certains de ses adversaires, il n\u2019y a pas de d\u00e9tenus politiques au S\u00e9n\u00e9gal. \u00ab\u00a0Sur la gouvernance, quand j\u2019entends parfois des gens dire\u00a0: ouais et le bilan immat\u00e9riel\u00a0? Quel bilan immat\u00e9riel\u00a0? Il n\u2019y a pas de bilan immat\u00e9riel. Faut poser les questions, on va r\u00e9pondre si c\u2019est les questions de droits de L\u2019homme. Mais les droits de l\u2019homme sont not\u00e9s par des personnes ind\u00e9pendantes. Il n\u2019y a pas de prisonniers politiques dans ce pays. Il ne faut pas qu\u2019on cr\u00e9e de la confusion et que d\u2019autres amplifient les choses. C\u2019est parce que justement le S\u00e9n\u00e9gal est une v\u00e9ritable d\u00e9mocratie que ce qui se passe peut se passer chez nous. Sinon comment vous pouvez comprendre ce qui se passe souvent chez nous\u00a0\u00bb, a-t-il martel\u00e9 ajoutant qu\u2019il n\u2019y pas d\u2019ing\u00e9rence dans le fonctionnement de la justice. \u00abLes gens pensent que le Pr\u00e9sident a le contr\u00f4le sur les juges, sur le Conseil constitutionnel, sur la Cour supr\u00eame. Vous avez vu r\u00e9cemment tout ce qui s\u2019est pass\u00e9 qui consacre plus que l\u2019ind\u00e9pendance des juges. Donc, quel est le bilan immat\u00e9riel dont on peut parler\u00a0?\u00a0\u00bb, s\u2019est-il interrog\u00e9.<\/p>\n\n\n\n<p><strong>\u00ab&nbsp;Je n\u2019accepterai pas de d\u00e9sordre dans le pays&nbsp;\u00bb<\/strong><\/p>\n\n\n\n<p>Poursuivant sur le m\u00eame ton, Macky Sall a lanc\u00e9 tout de go qu\u2019il ne laissera aucune vell\u00e9it\u00e9 de semer le \u00ab&nbsp;chaos&nbsp;\u00bb prosp\u00e9rer au S\u00e9n\u00e9gal. \u00ab&nbsp;Il n\u2019y aura pas de paix pour ceux qui veulent instaurer le chaos dans le pays. \u00c7a, c\u2019est le devoir r\u00e9galien d\u2019un Etat. Et je vous le dis jusqu\u2019\u00e0 ce que je quitte le pays, je n\u2019accepterai pas de d\u00e9sordre dans le pays. \u00c7a, c\u2019est la responsabilit\u00e9 du chef de l\u2019\u00c9tat. S\u2019il ne le fait pas, il aura failli \u00e0 sa mission premi\u00e8re d\u2019assurer la paix et la s\u00e9curit\u00e9 des citoyens&nbsp;\u00bb, a-t-il averti. Revenant sur le th\u00e8me de ses douze ann\u00e9es de mandat, le chef de l\u2019Etat a \u00e9tal\u00e9 son bilan social et en infrastructures. Des r\u00e9alisations qui r\u00e9sultent de son option pour la r\u00e9duction des in\u00e9galit\u00e9s, mais d\u2019assurer la connectivit\u00e9 entre les diff\u00e9rentes parties du territoire. Dans ce sens, Macky Sall a rappel\u00e9 son parcours politique depuis son engagement chez les mao\u00efstes, en passant par le PDS et son divorce d\u2019avec le pape du Sopi. Un parcours qui lui a permis de faire le tour du pays et de faire un diagnostic des besoins r\u00e9els des populations rurales. Ce qui justifie la mise en place des diff\u00e9rents programmes qui lui ont permis de faire ce bilan apr\u00e8s douze ans de gouvernance. \u00ab&nbsp;Le pays dont j\u2019ai h\u00e9rit\u00e9 \u00e9tait v\u00e9ritablement v\u00e9tuste. Le pays \u00e9tait obsol\u00e8te. Les routes, ce n\u2019\u00e9tait pas des nids de poulets mais parfois c\u2019est logis d\u2019\u00e9l\u00e9phant. Il fallait beaucoup d\u2019ambitions pour transformer et agir sur le secteur de l\u2019\u00e9nergie, de l\u2019\u00e9lectricit\u00e9 en particulier. En 10ans, nous sommes pass\u00e9s de 500 m\u00e9gawatts \u00e0 1800 m\u00e9gawatts. Et bient\u00f4t, on sera \u00e0 2 gigas (2000 m\u00e9ga watts). La transformation structurelle, c\u2019\u00e9tait \u00e9galement les routes, les autoroutes, les ponts parce qu\u2019en v\u00e9rit\u00e9, le S\u00e9n\u00e9gal \u00e9tait isol\u00e9. On \u00e9tait \u00e0 l\u2019extr\u00eame ouest du continent avec des discontinuit\u00e9s territoriales.<\/p>\n\n\n\n<p><strong>Focus sur les r\u00e9alisations<\/strong><\/p>\n\n\n\n<p>Aujourd\u2019hui, ces discontinuit\u00e9s ont \u00e9t\u00e9 r\u00e9solues avec le pont de la S\u00e9n\u00e9gambie et le pont de Rosso en construction. Sans citer les ponts int\u00e9rieurs. Au d\u00e9part, il &nbsp;y avait 7 kilom\u00e8tres ensuite on est arriv\u00e9 \u00e0 33 kilom\u00e8tres&nbsp;\u00bb, a lanc\u00e9 Macky Sall, tout en soulignant qu\u2019il ne cherchait pas \u00e0 minimiser l\u2019\u0153uvre de ses pr\u00e9d\u00e9cesseurs. Dans le m\u00eame registre il a r\u00e9it\u00e9r\u00e9 ses nombreuses r\u00e9alisations dans le domaine social afin d\u2019am\u00e9liorer le capital humain du pays, notamment \u00e0 travers l\u2019axe 2 du PSE. Ce qui s\u2019est traduit, selon lui, par l\u2019\u00e9largissement de la carte scolaire et universitaire, sans oublier les nombreux transferts aux profits des couches vuln\u00e9rables, dans les zones rurales. Des transferts d\u2019argents qui sont \u00e9valu\u00e9s entre 2012 et 2023 \u00e0 \u00ab&nbsp;49% si on prend le budget de l\u2019ann\u00e9e derni\u00e8re qui a \u00e9t\u00e9 orient\u00e9 vers le secteur social&nbsp;\u00bb. Des probl\u00e8mes dits filets sociaux qu\u2019il a invit\u00e9 les autorit\u00e9s publiques \u00e0 poursuivre \u00e0 tous les prix.&nbsp; \u00ab&nbsp;\u00ab&nbsp;Cet axe 2, il est fondamental pour moi parce que je suis tr\u00e8s sensible au social. Et j\u2019ai toujours dit au gouvernement quels que soient les co\u00fbts, ne touchez pas aux programmes sociaux, les bourses de s\u00e9curit\u00e9, ne touchez pas \u00e0 des filets sociaux. Coupez si vous voulez le fonctionnement de l\u2019Etat, la pr\u00e9sidence de la R\u00e9publique mais ne touchez jamais \u00e0 ces programmes qui sont nos marqueurs&nbsp;\u00bb, a-t-il lanc\u00e9.<\/p>\n\n\n\n<p><strong>WORE NDOYE<\/strong><br>SUDQUOTIDIEN<\/p>\n","protected":false},"excerpt":{"rendered":"<p>Le pr\u00e9sident Macky Sall a pr\u00e9sid\u00e9 l\u2019ouverture des travaux du symposium consacr\u00e9 \u00e0 ses douze ann\u00e9es de magistrature. Une rencontre<\/p>\n","protected":false},"author":1,"featured_media":25085,"comment_status":"open","ping_status":"open","sticky":false,"template":"","format":"standard","meta":{"footnotes":""},"categories":[6],"tags":[],"class_list":["post-30122","post","type-post","status-publish","format-standard","has-post-thumbnail","hentry","category-politics"],"_links":{"self":[{"href":"https:\/\/dekkbi.com\/index.php?rest_route=\/wp\/v2\/posts\/30122","targetHints":{"allow":["GET"]}}],"collection":[{"href":"https:\/\/dekkbi.com\/index.php?rest_route=\/wp\/v2\/posts"}],"about":[{"href":"https:\/\/dekkbi.com\/index.php?rest_route=\/wp\/v2\/types\/post"}],"author":[{"embeddable":true,"href":"https:\/\/dekkbi.com\/index.php?rest_route=\/wp\/v2\/users\/1"}],"replies":[{"embeddable":true,"href":"https:\/\/dekkbi.com\/index.php?rest_route=%2Fwp%2Fv2%2Fcomments&post=30122"}],"version-history":[{"count":1,"href":"https:\/\/dekkbi.com\/index.php?rest_route=\/wp\/v2\/posts\/30122\/revisions"}],"predecessor-version":[{"id":30123,"href":"https:\/\/dekkbi.com\/index.php?rest_route=\/wp\/v2\/posts\/30122\/revisions\/30123"}],"wp:featuredmedia":[{"embeddable":true,"href":"https:\/\/dekkbi.com\/index.php?rest_route=\/wp\/v2\/media\/25085"}],"wp:attachment":[{"href":"https:\/\/dekkbi.com\/index.php?rest_route=%2Fwp%2Fv2%2Fmedia&parent=30122"}],"wp:term":[{"taxonomy":"category","embeddable":true,"href":"https:\/\/dekkbi.com\/index.php?rest_route=%2Fwp%2Fv2%2Fcategories&post=30122"},{"taxonomy":"post_tag","embeddable":true,"href":"https:\/\/dekkbi.com\/index.php?rest_route=%2Fwp%2Fv2%2Ftags&post=30122"}],"curies":[{"name":"wp","href":"https:\/\/api.w.org\/{rel}","templated":true}]}}