{"id":30111,"date":"2024-01-24T12:32:32","date_gmt":"2024-01-24T12:32:32","guid":{"rendered":"https:\/\/dekkbi.com\/?p=30111"},"modified":"2024-01-24T12:32:33","modified_gmt":"2024-01-24T12:32:33","slug":"respect-des-droits-de-lhomme-cette-declaration-qui-fait-plaisir-aux-autorites-senegalaises","status":"publish","type":"post","link":"https:\/\/dekkbi.com\/?p=30111","title":{"rendered":"Respect des droits de l&rsquo;homme: Cette d\u00e9claration qui fait plaisir aux autorit\u00e9s s\u00e9n\u00e9galaises"},"content":{"rendered":"\n<p>iGFM &#8211; (Dakar) &#8211; A travers une note parvenue rendue public, la Pr\u00e9sidence de la R\u00e9publique s&rsquo;est r\u00e9jouie de la d\u00e9claration du Haut commissaire des Nations unies aux droits de l\u2019homme \u00e0 propos du respect de ces droits par notre pays.\u00a0<\/p>\n\n\n\n<p>\u00ab\u00a0Le S\u00e9n\u00e9gal est reconnu pour son respect des droits de l&rsquo;homme. Cette annonce a \u00e9t\u00e9 faite par le Haut Commissaire des Nations Unies aux Droits de l&rsquo;Homme lors de l&rsquo;ouverture solennelle de la 53e session du Conseil des Droits de l&rsquo;Homme \u00e0 Gen\u00e8ve\u00a0\u00bb, lit-on dans ce texte.\u00a0<\/p>\n\n\n\n<p>La m\u00eame source parle de reconnaissance internationale renouvel\u00e9e qui \u00ab\u00a0t\u00e9moigne des efforts continus d\u00e9ploy\u00e9s par le S\u00e9n\u00e9gal pour promouvoir et prot\u00e9ger les droits de l&rsquo;homme, tant sur le plan national qu&rsquo;international\u00a0\u00bb.\u00a0<\/p>\n\n\n\n<p>Elle montre \u00e9galement la volont\u00e9 du pays de collaborer \u00e9troitement avec les instances internationales comp\u00e9tentes et de renforcer la coop\u00e9ration bilat\u00e9rale et multilat\u00e9rale dans ce domaine plus qu&rsquo;essentiel, a ajout\u00e9 la Pr\u00e9sidence de la R\u00e9publique.&nbsp;<\/p>\n\n\n\n<p>\u00ab\u00a0Le S\u00e9n\u00e9gal reste r\u00e9solument engag\u00e9 dans la promotion des droits de l&rsquo;homme, de la justice sociale et de la dignit\u00e9 pour tous\u00a0\u00bb, a conclu la note.&nbsp;<\/p>\n\n\n\n<p>Ces propos sont tenus 24h apr\u00e8s le rapport de Human Rights watch dressant un tableau sombre du pays.&nbsp;<\/p>\n","protected":false},"excerpt":{"rendered":"<p>iGFM &#8211; (Dakar) &#8211; A travers une note parvenue rendue public, la Pr\u00e9sidence de la R\u00e9publique s&rsquo;est r\u00e9jouie de la<\/p>\n","protected":false},"author":1,"featured_media":30112,"comment_status":"open","ping_status":"open","sticky":false,"template":"","format":"standard","meta":{"footnotes":""},"categories":[6],"tags":[],"class_list":["post-30111","post","type-post","status-publish","format-standard","has-post-thumbnail","hentry","category-politics"],"_links":{"self":[{"href":"https:\/\/dekkbi.com\/index.php?rest_route=\/wp\/v2\/posts\/30111","targetHints":{"allow":["GET"]}}],"collection":[{"href":"https:\/\/dekkbi.com\/index.php?rest_route=\/wp\/v2\/posts"}],"about":[{"href":"https:\/\/dekkbi.com\/index.php?rest_route=\/wp\/v2\/types\/post"}],"author":[{"embeddable":true,"href":"https:\/\/dekkbi.com\/index.php?rest_route=\/wp\/v2\/users\/1"}],"replies":[{"embeddable":true,"href":"https:\/\/dekkbi.com\/index.php?rest_route=%2Fwp%2Fv2%2Fcomments&post=30111"}],"version-history":[{"count":1,"href":"https:\/\/dekkbi.com\/index.php?rest_route=\/wp\/v2\/posts\/30111\/revisions"}],"predecessor-version":[{"id":30113,"href":"https:\/\/dekkbi.com\/index.php?rest_route=\/wp\/v2\/posts\/30111\/revisions\/30113"}],"wp:featuredmedia":[{"embeddable":true,"href":"https:\/\/dekkbi.com\/index.php?rest_route=\/wp\/v2\/media\/30112"}],"wp:attachment":[{"href":"https:\/\/dekkbi.com\/index.php?rest_route=%2Fwp%2Fv2%2Fmedia&parent=30111"}],"wp:term":[{"taxonomy":"category","embeddable":true,"href":"https:\/\/dekkbi.com\/index.php?rest_route=%2Fwp%2Fv2%2Fcategories&post=30111"},{"taxonomy":"post_tag","embeddable":true,"href":"https:\/\/dekkbi.com\/index.php?rest_route=%2Fwp%2Fv2%2Ftags&post=30111"}],"curies":[{"name":"wp","href":"https:\/\/api.w.org\/{rel}","templated":true}]}}