{"id":30044,"date":"2024-01-23T12:26:34","date_gmt":"2024-01-23T12:26:34","guid":{"rendered":"https:\/\/dekkbi.com\/?p=30044"},"modified":"2024-01-23T12:29:54","modified_gmt":"2024-01-23T12:29:54","slug":"projet-dexpulsion-massive-des-etrangers-le-scandale-qui-secoue-lallemagne","status":"publish","type":"post","link":"https:\/\/dekkbi.com\/?p=30044","title":{"rendered":"Projet d\u2019expulsion des \u00e9trangers"},"content":{"rendered":"\n<p>Le parti d\u2019extr\u00eame droite allemand AfD est accus\u00e9 d\u2019avoir foment\u00e9 un plan d\u2019expulsion de millions d\u2019\u00e9trangers lors d\u2019une r\u00e9union secr\u00e8te en novembre dernier. La divulgation du projet par un m\u00e9dia d\u2019investigation a provoqu\u00e9 une mobilisation massive \u00e0 travers le pays. Plus d\u2019un million d\u2019Allemands ont battu le pav\u00e9 ce week-end pour crier leur opposition et soutenir la d\u00e9mocratie.<\/p>\n\n\n\n<p>Selon le m\u00e9dia d\u2019investigation allemand Correctiv, des membres de l\u2019AfD, des entrepreneurs et des militants d\u2019extr\u00eame droite se sont r\u00e9unis en novembre \u00e0 Potsdam, pr\u00e8s de Berlin, pour discuter d\u2019un plan massif d\u2019expulsion d\u2019Allemagne de personnes \u00e9trang\u00e8res ou d\u2019origine \u00e9trang\u00e8re. Lors de cette r\u00e9union secr\u00e8te, le cofondateur du Mouvement identitaire autrichien (IB\u00d6) Martin Sellner a pr\u00e9sent\u00e9 \u00e0 l\u2019assembl\u00e9e un projet d\u2019expulsion vers l\u2019Afrique du Nord de deux millions de personnes: des demandeurs d\u2019asile, des \u00e9trangers et des citoyens allemands qui ne seraient pas assimil\u00e9s,\u00a0affirme Correctiv dans une large enqu\u00eate consacr\u00e9e publi\u00e9e ce 10 janvier.<\/p>\n\n\n\n<h2 class=\"wp-block-heading\">Plus 1,4 million de manifestants<\/h2>\n\n\n\n<p>Dans la foul\u00e9e de l\u2019enqu\u00eate, une premi\u00e8re manifestation anti-fasciste a \u00e9t\u00e9 organis\u00e9e \u00e0 Hambourg, le 13 janvier, devant le si\u00e8ge local du parti AfD, avant une autre plus importante le 19. Le mouvement s&rsquo;est ensuite \u00e9tendu \u00e0 travers le pays, \u00e0 Berlin, Postdam, Francfort, Munich et d\u2019autres villes. Une mobilisation populaire qui a r\u00e9uni plus d\u20191,4 million de personnes au total et m\u00eame surpris les organisateurs eux-m\u00eames,\u00a0notamment \u00e0 Munich o\u00f9 la trop forte affluence a entra\u00een\u00e9 l\u2019annulation du rassemblement pour des raisons de s\u00e9curit\u00e9.\u00a0Cette \u201cr\u00e9union scandaleuse\u201d de l\u2019AfD a en r\u00e9alit\u00e9 raviv\u00e9 \u201cla peur de d\u00e9portations de millions de citoyens ou non-citoyens, une peur qui fait partie de l\u2019h\u00e9ritage critique du national-socialisme\u201d, commente \u00e0 l\u2019AFP Hajo Funke, politologue sp\u00e9cialis\u00e9 dans l\u2019extr\u00eame droite. La ministre de l\u2019Int\u00e9rieur Nancy Faeser a compar\u00e9 dans la presse cette r\u00e9union \u00e0 \u201cl\u2019horrible conf\u00e9rence de Wannsee\u201d, o\u00f9 les nazis planifi\u00e8rent en 1942 l\u2019extermination des Juifs europ\u00e9ens (suite ci-dessous).<\/p>\n\n\n\n<h2 class=\"wp-block-heading\">Ascension dans les sondages<\/h2>\n\n\n\n<p>Fond\u00e9 il y a 11 ans, l\u2019AfD s\u2019est solidement install\u00e9e en deuxi\u00e8me position dans les intentions de votes (autour de 22%) derri\u00e8re les conservateurs. Dans ses bastions de l\u2019ex-RDA, elle arrive m\u00eame en t\u00eate avec plus de 30% dans les trois L\u00e4nder de Thuringe, Saxe et Brandebourg, o\u00f9 se tiennent en septembre des \u00e9lections r\u00e9gionales. Apr\u00e8s le choc de 2017 ayant marqu\u00e9 son entr\u00e9e au parlement, l\u2019AfD s\u2019est int\u00e9gr\u00e9 dans le paysage politique, m\u00eame si tous les partis excluent de s\u2019allier \u00e0 lui. Depuis la r\u00e9union de Potsdam, \u201ccette normalisation du parti est termin\u00e9e\u201d, juge M. Funke, m\u00eame si le parti a dit ne pas endosser le projet de \u201cremigration\u201d pr\u00e9sent\u00e9 par Martin Sellner. Le scandale a r\u00e9v\u00e9l\u00e9 \u201cle vrai visage\u201d du parti, a jug\u00e9 de son c\u00f4t\u00e9 le co-chef du SPD (Parti social-d\u00e9mocrate), Lars Klingbeil, lors d\u2019un d\u00e9bat au Bundestag.<\/p>\n\n\n\n<h2 class=\"wp-block-heading\">Une interdiction? Peu probable<\/h2>\n\n\n\n<p>Depuis les r\u00e9v\u00e9lations, des voix s\u2019\u00e9l\u00e8vent pour exiger l\u2019interdiction de l\u2019AfD. M\u00eame si elle a peu de chances d\u2019aboutir, une p\u00e9tition demandant que les droits constitutionnels de Bj\u00f6rn H\u00f6cke, chef de l\u2019AfD en Thuringe et consid\u00e9r\u00e9 comme l\u2019homme fort du parti, lui soient retir\u00e9s, a par ailleurs recueilli plus d\u2019un million de signatures apr\u00e8s les r\u00e9v\u00e9lations de Correctiv. \u201cL\u2019\u00c9tat a le devoir d\u2019\u00e9tudier une \u00e9ventuelle interdiction de l\u2019AfD\u201d, a estim\u00e9 Wolfgang Thierse, ex-pr\u00e9sident social-d\u00e9mocrate du Bundestag. Le lancement d\u2019une proc\u00e9dure en ce sens &#8211; tr\u00e8s longue et compliqu\u00e9e &#8211; est toutefois vu d\u2019un oeil sceptique par la plupart des observateurs, qui craignent qu\u2019un \u00e9chec nourrisse davantage la popularit\u00e9 de l\u2019AfD. Mais \u201cs\u2019il est prouv\u00e9 qu\u2019un parti veut transformer le pays en un \u00c9tat fasciste, il doit \u00eatre interdit, quelle que soit sa force\u201d, a estim\u00e9 le vice-chancelier \u00e9cologiste Robert Habeck dans un entretien au magazine Stern.<\/p>\n\n\n\n<p><a href=\"https:\/\/www.7sur7.be\/monde\/projet-dexpulsion-massive-des-etrangers-le-scandale-qui-secoue-lallemagne~ac0a4962\/239708190\/\"><\/a><\/p>\n","protected":false},"excerpt":{"rendered":"<p>Le parti d\u2019extr\u00eame droite allemand AfD est accus\u00e9 d\u2019avoir foment\u00e9 un plan d\u2019expulsion de millions d\u2019\u00e9trangers lors d\u2019une r\u00e9union secr\u00e8te<\/p>\n","protected":false},"author":1,"featured_media":30045,"comment_status":"open","ping_status":"open","sticky":false,"template":"","format":"standard","meta":{"footnotes":""},"categories":[51],"tags":[],"class_list":["post-30044","post","type-post","status-publish","format-standard","has-post-thumbnail","hentry","category-general"],"_links":{"self":[{"href":"https:\/\/dekkbi.com\/index.php?rest_route=\/wp\/v2\/posts\/30044","targetHints":{"allow":["GET"]}}],"collection":[{"href":"https:\/\/dekkbi.com\/index.php?rest_route=\/wp\/v2\/posts"}],"about":[{"href":"https:\/\/dekkbi.com\/index.php?rest_route=\/wp\/v2\/types\/post"}],"author":[{"embeddable":true,"href":"https:\/\/dekkbi.com\/index.php?rest_route=\/wp\/v2\/users\/1"}],"replies":[{"embeddable":true,"href":"https:\/\/dekkbi.com\/index.php?rest_route=%2Fwp%2Fv2%2Fcomments&post=30044"}],"version-history":[{"count":3,"href":"https:\/\/dekkbi.com\/index.php?rest_route=\/wp\/v2\/posts\/30044\/revisions"}],"predecessor-version":[{"id":30048,"href":"https:\/\/dekkbi.com\/index.php?rest_route=\/wp\/v2\/posts\/30044\/revisions\/30048"}],"wp:featuredmedia":[{"embeddable":true,"href":"https:\/\/dekkbi.com\/index.php?rest_route=\/wp\/v2\/media\/30045"}],"wp:attachment":[{"href":"https:\/\/dekkbi.com\/index.php?rest_route=%2Fwp%2Fv2%2Fmedia&parent=30044"}],"wp:term":[{"taxonomy":"category","embeddable":true,"href":"https:\/\/dekkbi.com\/index.php?rest_route=%2Fwp%2Fv2%2Fcategories&post=30044"},{"taxonomy":"post_tag","embeddable":true,"href":"https:\/\/dekkbi.com\/index.php?rest_route=%2Fwp%2Fv2%2Ftags&post=30044"}],"curies":[{"name":"wp","href":"https:\/\/api.w.org\/{rel}","templated":true}]}}