{"id":30012,"date":"2024-01-23T10:00:09","date_gmt":"2024-01-23T10:00:09","guid":{"rendered":"https:\/\/dekkbi.com\/?p=30012"},"modified":"2024-01-23T10:00:09","modified_gmt":"2024-01-23T10:00:09","slug":"financement-le-faise-va-injecter-500-millions-dans-100-projets","status":"publish","type":"post","link":"https:\/\/dekkbi.com\/?p=30012","title":{"rendered":"FINANCEMENT \/ Le FAISE va injecter 500 millions dans 100 projets"},"content":{"rendered":"\n<p>Dakar,  (APS) \u2013 Le Fonds d\u2019appui \u00e0 l\u2019investissement des S\u00e9n\u00e9galais de l\u2019ext\u00e9rieur (FAISE) va financer 100 projets \u00e0 hauteur de 500 millions de francs Cfa dans les secteurs de l\u2019agriculture, la p\u00eache, l\u2019agro-business et les nouvelles technologies, a appris l\u2019APS d\u2019un de ses responsables.<\/p>\n\n\n\n<p>\u2018\u2019A la fin de cet \u00e9v\u00e9nement, nous aurons financ\u00e9 100 projets de S\u00e9n\u00e9galais de l\u2019ext\u00e9rieur, pour un montant global de cinq cent millions de francs CFA\u2019\u2019, a d\u00e9clar\u00e9 l\u2019administrateur g\u00e9n\u00e9ral du FAISE, Nata Samb Mback\u00e9.<\/p>\n\n\n\n<p>Elle s\u2019exprimait lors d\u2019une c\u00e9r\u00e9monie officielle de remise de financement pr\u00e9sid\u00e9e par la ministre en charge des S\u00e9n\u00e9galais de l\u2019ext\u00e9rieur, Annette Seck Ndiaye, en pr\u00e9sence de consuls g\u00e9n\u00e9raux, d\u00e9put\u00e9s et conseillers \u00e9conomiques, sociaux et environnementaux.<\/p>\n\n\n\n<p>Selon elle, \u00a0\u00bbces projets initi\u00e9s par des S\u00e9n\u00e9galais de l\u2019ext\u00e9rieur, \u00e9tablis dans une vingtaine de pays, couvrent des secteurs aussi divers et vari\u00e9s que sont l\u2019agriculture, l\u2019\u00e9levage, la p\u00eache, l\u2019agro-business, la formation, les services, l\u2019artisanat et enfin, les technologies de l\u2019information et de la communication\u2019\u2019.<\/p>\n\n\n\n<p>Le Fonds d\u2019appui \u00e0 l\u2019investissement des S\u00e9n\u00e9galais de l\u2019ext\u00e9rieur a \u00e9t\u00e9 cr\u00e9\u00e9 en 2008 avec un budget de 340 millions de francs CFA pour soutenir les projets de la diaspora s\u00e9n\u00e9galaise.<\/p>\n\n\n\n<p>\u2018\u2019De ce fait, le FAISE a financ\u00e9 de 2008 \u00e0 2012, 137 projets de S\u00e9n\u00e9galais de l\u2019ext\u00e9rieur pour un montant total de 685 millions de francs CFA. (\u2026). Au total, entre 2014 et 2023, le FAISE a financ\u00e9 837 projets de S\u00e9n\u00e9galais, localis\u00e9s au S\u00e9n\u00e9gal\u2019\u2019, a indiqu\u00e9 Mme Mback\u00e9.<\/p>\n\n\n\n<p>L\u2019administrateur du FAISE a cit\u00e9 \u2018\u2019les m\u00e9canismes d\u2019appui de l\u2019Etat en faveur des compatriotes expatri\u00e9s\u2019\u2019, notamment \u2018\u2019la ligne de financement des femmes de la Diaspora (FFD)\u2019\u2019, dont l\u2019objectif est de valoriser l\u2019entreprenariat f\u00e9minin dans les pays d\u2019accueil.<\/p>\n\n\n\n<p>Ce dispositif \u2018\u2019a permis par ailleurs de financer plus de 5 000 projets de femmes s\u00e9n\u00e9galaises dans 40 pays du monde. Et nous avons financ\u00e9 au total, depuis 2012, pr\u00e8s de 15 milliards de francs CFA pour soutenir l\u2019investissement de la Diaspora s\u00e9n\u00e9galaise\u2019\u2019, a t-elle dit.<\/p>\n\n\n\n<p>Pr\u00e9sidant la c\u00e9r\u00e9monie, la ministre en charge des S\u00e9n\u00e9galais de l\u2019ext\u00e9rieur a d\u00e9clar\u00e9 que ce financement constitue \u2018\u2019une s\u00e9rieuse option pour inverser la tendance et faciliter le retour des S\u00e9n\u00e9galais de l\u2019ext\u00e9rieur au pays\u2019\u2019.<\/p>\n\n\n\n<p>Annette Seck Ndiaye a estim\u00e9 que le Fonds d\u2019appui est \u2018\u2019un puissant instrument\u2019\u2019 pour fixer les jeunes dans les terroirs en vue de freiner le ph\u00e9nom\u00e8ne de l\u2019\u00e9migration irr\u00e9guli\u00e8re.<\/p>\n\n\n\n<p>\u2018\u2019Ces financements vont vous permettre d\u2019aller de l\u2019avant avec assurance, en investissant dans des domaines aussi divers et prometteurs que l\u2019agriculture, les services, les instituts de beaut\u00e9 ou la couture\u2019\u2019, a-t-elle dit \u00e0 l\u2019endroit des b\u00e9n\u00e9ficiaires.<\/p>\n\n\n\n<p>A en croire la ministre, ce financement est une opportunit\u00e9 unique pour ces migrants \u2018\u2019de cr\u00e9er un impact positif et durable\u2019\u2019 dans leur communaut\u00e9 \u00e0 travers ces projets.&nbsp;<\/p>\n\n\n\n<p>Les b\u00e9n\u00e9ficiaires ont \u00e9t\u00e9 invit\u00e9s \u00e0 rembourser ces cr\u00e9dits pour permettre \u00e0 d\u2019autres citoyens d\u2019en b\u00e9n\u00e9ficier.<\/p>\n","protected":false},"excerpt":{"rendered":"<p>Dakar, (APS) \u2013 Le Fonds d\u2019appui \u00e0 l\u2019investissement des S\u00e9n\u00e9galais de l\u2019ext\u00e9rieur (FAISE) va financer 100 projets \u00e0 hauteur de<\/p>\n","protected":false},"author":1,"featured_media":30013,"comment_status":"open","ping_status":"open","sticky":false,"template":"","format":"standard","meta":{"footnotes":""},"categories":[3],"tags":[],"class_list":["post-30012","post","type-post","status-publish","format-standard","has-post-thumbnail","hentry","category-event-more-news"],"_links":{"self":[{"href":"https:\/\/dekkbi.com\/index.php?rest_route=\/wp\/v2\/posts\/30012","targetHints":{"allow":["GET"]}}],"collection":[{"href":"https:\/\/dekkbi.com\/index.php?rest_route=\/wp\/v2\/posts"}],"about":[{"href":"https:\/\/dekkbi.com\/index.php?rest_route=\/wp\/v2\/types\/post"}],"author":[{"embeddable":true,"href":"https:\/\/dekkbi.com\/index.php?rest_route=\/wp\/v2\/users\/1"}],"replies":[{"embeddable":true,"href":"https:\/\/dekkbi.com\/index.php?rest_route=%2Fwp%2Fv2%2Fcomments&post=30012"}],"version-history":[{"count":1,"href":"https:\/\/dekkbi.com\/index.php?rest_route=\/wp\/v2\/posts\/30012\/revisions"}],"predecessor-version":[{"id":30014,"href":"https:\/\/dekkbi.com\/index.php?rest_route=\/wp\/v2\/posts\/30012\/revisions\/30014"}],"wp:featuredmedia":[{"embeddable":true,"href":"https:\/\/dekkbi.com\/index.php?rest_route=\/wp\/v2\/media\/30013"}],"wp:attachment":[{"href":"https:\/\/dekkbi.com\/index.php?rest_route=%2Fwp%2Fv2%2Fmedia&parent=30012"}],"wp:term":[{"taxonomy":"category","embeddable":true,"href":"https:\/\/dekkbi.com\/index.php?rest_route=%2Fwp%2Fv2%2Fcategories&post=30012"},{"taxonomy":"post_tag","embeddable":true,"href":"https:\/\/dekkbi.com\/index.php?rest_route=%2Fwp%2Fv2%2Ftags&post=30012"}],"curies":[{"name":"wp","href":"https:\/\/api.w.org\/{rel}","templated":true}]}}