{"id":29983,"date":"2024-01-23T09:10:33","date_gmt":"2024-01-23T09:10:33","guid":{"rendered":"https:\/\/dekkbi.com\/?p=29983"},"modified":"2024-01-23T09:10:33","modified_gmt":"2024-01-23T09:10:33","slug":"le-senegal-rejette-toute-idee-de-legalisation-de-lhomosexualite","status":"publish","type":"post","link":"https:\/\/dekkbi.com\/?p=29983","title":{"rendered":"Le S\u00e9n\u00e9gal rejette toute id\u00e9e de l\u00e9galisation de l\u2019homosexualit\u00e9"},"content":{"rendered":"\n<p>\u00a0Dakar,  (APS) \u2013 Le S\u00e9n\u00e9gal, par la voix de sa ministre de la Justice, a de nouveau exclut, lundi, \u00e0 Gen\u00e8ve, toute id\u00e9e de l\u00e9galisation de l\u2019homosexualit\u00e9, en r\u00e9affirmant une \u00a0\u00bbposition de principe claire\u00a0\u00bb sur la question des LGBT (lesbiennes, gays, bisexuels, transgenres\u00bb(\u2026) Pour les LGBT, je voulais rappeler solennellement, la position du S\u00e9n\u00e9gal. Le S\u00e9n\u00e9gal exclut toute id\u00e9e de l\u00e9galisation sur la question des LGBT. Le S\u00e9n\u00e9gal exclut toute id\u00e9e de l\u00e9galisation. Et c\u2019est pour cela que le S\u00e9n\u00e9gal a rejet\u00e9 beaucoup de r\u00e9solutions\u00a0\u00bb, a notamment soulign\u00e9 la Garde des Sceaux\u00a0 lors de l\u2019examen de la situation des droits de l\u2019homme au S\u00e9n\u00e9gal dans le cadre de l\u2019examen p\u00e9riodique universel (EPU) du Conseil des droits de l\u2019homme des Nations unies.<\/p>\n\n\n\n<p>&nbsp;\u00bbLe S\u00e9n\u00e9gal a rejet\u00e9 toutes les r\u00e9solutions o\u00f9 la question des LGBT a \u00e9t\u00e9 incluse parce que c\u2019est la position souveraine du S\u00e9n\u00e9gal. C\u2019est une position claire et le S\u00e9n\u00e9gal dit devant ses partenaires et le dit \u00e0 la communaut\u00e9 internationale. C\u2019est la position de principe du S\u00e9n\u00e9gal. Le S\u00e9n\u00e9gal ne l\u00e9galise pas les droits sur les LGBT&nbsp;\u00bb, a insist\u00e9 A\u00efssata Tall Sall.<\/p>\n\n\n\n<p>Elle a insist\u00e9 sur le fait qu\u2019au S\u00e9n\u00e9gal, &nbsp;\u00bbles libert\u00e9s sont exerc\u00e9es et totalement exerc\u00e9es. L\u2019usage de la force est r\u00e9prim\u00e9 et totalement et judiciairement r\u00e9prim\u00e9&nbsp;\u00bb.<\/p>\n\n\n\n<p>Plusieurs intervenants ont salu\u00e9 les efforts du S\u00e9n\u00e9gal pour la promotion des droits de l\u2019homme ces derni\u00e8res ann\u00e9es. Nombreux parmi eux ont formul\u00e9 des recommandations \u00e0 l\u2019Etat du S\u00e9n\u00e9gal pour am\u00e9liorer la situation des droits humains dans le pays.<\/p>\n\n\n\n<p>Ils ont par exemple invit\u00e9 le S\u00e9n\u00e9gal \u00e0 accroitre l\u2019acc\u00e8s des filles des zones rurales \u00e0 l\u2019\u00e9ducation, r\u00e9duire la mortalit\u00e9 maternelle et infantile, veiller sur le principe de non-discrimination et sur la protection des minorit\u00e9s&nbsp;\u00bb.<\/p>\n\n\n\n<p>Les recommandations ont \u00e9galement trait \u00e0 la r\u00e9duction des surcharges dans les prisons, la sensibilisation sur les changements climatiques, la r\u00e9duction de la pauvret\u00e9, la lutte contre les violences bas\u00e9es sur le genre, le renforcement du Comit\u00e9 s\u00e9n\u00e9galais des droits de l\u2019homme, la protection des personnes vivant avec un handicap entre autres.<\/p>\n\n\n\n<p>La situation des droits de l\u2019homme au S\u00e9n\u00e9gal est examin\u00e9e, lundi, \u00e0 Gen\u00e8ve (Suisse), dans le cadre de l\u2019Examen p\u00e9riodique universel (EPU) du Conseil des droits de l\u2019homme des Nations Unies.<\/p>\n\n\n\n<p>C\u2019est le quatri\u00e8me passage du S\u00e9n\u00e9gal, apr\u00e8s f\u00e9vrier 2009, octobre 2013 et novembre 2018, devant l\u2019EPU, un m\u00e9canisme unique qui permet d\u2019examiner p\u00e9riodiquement la situation des droits de l\u2019homme dans les 193 \u00c9tats membres des Nations Unies.<\/p>\n\n\n\n<p>La d\u00e9l\u00e9gation s\u00e9n\u00e9galaise est dirig\u00e9e par A\u00efssata Tall Sall, Garde des Sceaux et ministre de la Justice.<\/p>\n\n\n\n<p>Les trois \u00c9tats faisant partie du groupe de rapporteurs (tro\u00efka) pour l\u2019examen du S\u00e9n\u00e9gal sont l\u2019Allemagne, le Kazakhstan et la Somalie.<\/p>\n\n\n\n<p>Le Groupe de travail sur l\u2019EPU&nbsp;adoptera les recommandations faites&nbsp;au S\u00e9n\u00e9gal, le 26 janvier. Selon la proc\u00e9dure, l\u2019\u00c9tat examin\u00e9 pourra alors indiquer sa position sur les recommandations re\u00e7ues lors de l\u2019examen.<\/p>\n\n\n\n<p>Le Conseil des droits de l\u2019homme indique que le S\u00e9n\u00e9gal est l\u2019un des 14 Etats \u00e0 \u00eatre examin\u00e9 par le Groupe de travail de l\u2019EPU au cours de sa 44e session qui se tient du 22 janvier au 2 f\u00e9vrier 2024.<\/p>\n\n\n\n<p>Le Groupe de travail de l\u2019EPU est compos\u00e9 des 47 \u00c9tats membres du Conseil des droits de l\u2019homme, cependant, chacun des 193 \u00c9tats membres de l\u2019ONU peut participer \u00e0 l\u2019examen d\u2019un pays.<\/p>\n\n\n\n<p>L\u2019EPU se fera sur la base du rapport national (informations soumises par l\u2019\u00c9tat examin\u00e9) ; la compilation d\u2019informations provenant de rapports d\u2019experts et d\u2019expertes des droits de l\u2019homme, plus connus sous le nom de Proc\u00e9dures sp\u00e9ciales, d\u2019organes cr\u00e9\u00e9s par des trait\u00e9s internationaux relatif aux droits de l\u2019homme et d\u2019autres organismes des Nations Unies; les informations provenant d\u2019autres parties prenantes, y compris les institutions nationales des droits de l\u2019homme, les organisations r\u00e9gionales et la soci\u00e9t\u00e9 civile.<\/p>\n\n\n\n<p>L\u2019EPU est un m\u00e9canisme unique qui permet d\u2019examiner p\u00e9riodiquement la situation des droits de l\u2019homme dans les 193 \u00c9tats membres des Nations Unies.<\/p>\n\n\n\n<p>Depuis la premi\u00e8re session de l\u2019EPU en avril 2008, tous les 193 \u00c9tats membres ont \u00e9t\u00e9 examin\u00e9s \u00e0 trois reprises dans le cadre du premier, second, et troisi\u00e8me cycle de l\u2019EPU.<\/p>\n\n\n\n<p>Pour ce quatri\u00e8me cycle de l\u2019EPU, les \u00c9tats vont \u00e0 nouveau \u2018\u2019\u00e9noncer les mesures qu\u2019ils ont prises pour mettre en \u0153uvre les recommandations faites au cours des examens pr\u00e9c\u00e9dents auxquelles ils se sont engag\u00e9s \u00e0 donner suite, ainsi que de mettre en \u00e9vidence l\u2019\u00e9volution r\u00e9cente des droits de l\u2019homme dans le pays\u2019\u2019.<\/p>\n\n\n\n<p>SG\/OID\/AKS<\/p>\n","protected":false},"excerpt":{"rendered":"<p>\u00a0Dakar, (APS) \u2013 Le S\u00e9n\u00e9gal, par la voix de sa ministre de la Justice, a de nouveau exclut, lundi, \u00e0<\/p>\n","protected":false},"author":1,"featured_media":29984,"comment_status":"open","ping_status":"open","sticky":false,"template":"","format":"standard","meta":{"footnotes":""},"categories":[6],"tags":[],"class_list":["post-29983","post","type-post","status-publish","format-standard","has-post-thumbnail","hentry","category-politics"],"_links":{"self":[{"href":"https:\/\/dekkbi.com\/index.php?rest_route=\/wp\/v2\/posts\/29983","targetHints":{"allow":["GET"]}}],"collection":[{"href":"https:\/\/dekkbi.com\/index.php?rest_route=\/wp\/v2\/posts"}],"about":[{"href":"https:\/\/dekkbi.com\/index.php?rest_route=\/wp\/v2\/types\/post"}],"author":[{"embeddable":true,"href":"https:\/\/dekkbi.com\/index.php?rest_route=\/wp\/v2\/users\/1"}],"replies":[{"embeddable":true,"href":"https:\/\/dekkbi.com\/index.php?rest_route=%2Fwp%2Fv2%2Fcomments&post=29983"}],"version-history":[{"count":1,"href":"https:\/\/dekkbi.com\/index.php?rest_route=\/wp\/v2\/posts\/29983\/revisions"}],"predecessor-version":[{"id":29985,"href":"https:\/\/dekkbi.com\/index.php?rest_route=\/wp\/v2\/posts\/29983\/revisions\/29985"}],"wp:featuredmedia":[{"embeddable":true,"href":"https:\/\/dekkbi.com\/index.php?rest_route=\/wp\/v2\/media\/29984"}],"wp:attachment":[{"href":"https:\/\/dekkbi.com\/index.php?rest_route=%2Fwp%2Fv2%2Fmedia&parent=29983"}],"wp:term":[{"taxonomy":"category","embeddable":true,"href":"https:\/\/dekkbi.com\/index.php?rest_route=%2Fwp%2Fv2%2Fcategories&post=29983"},{"taxonomy":"post_tag","embeddable":true,"href":"https:\/\/dekkbi.com\/index.php?rest_route=%2Fwp%2Fv2%2Ftags&post=29983"}],"curies":[{"name":"wp","href":"https:\/\/api.w.org\/{rel}","templated":true}]}}