{"id":29955,"date":"2024-01-22T12:53:08","date_gmt":"2024-01-22T12:53:08","guid":{"rendered":"https:\/\/dekkbi.com\/?p=29955"},"modified":"2024-01-22T12:53:45","modified_gmt":"2024-01-22T12:53:45","slug":"france-face-a-la-fronde-le-gouvernement-repousse-sa-reforme-de-lagriculture","status":"publish","type":"post","link":"https:\/\/dekkbi.com\/?p=29955","title":{"rendered":"France: face \u00e0 la fronde, le gouvernement repousse sa r\u00e9forme de l&rsquo;agriculture"},"content":{"rendered":"\n<p>Rattrap\u00e9 par la fronde des agriculteurs, le gouvernement a d\u00e9cid\u00e9, dimanche 21 janvier, de reporter \u00ab\u00a0<em>de quelques semaines<\/em>\u00a0\u00bb son projet de loi sur l&rsquo;agriculture, pour r\u00e9pondre \u00e0 la demande de \u00ab\u00a0<em>simplification\u00a0<\/em>\u00bb du secteur, alors que manifestations et blocages se poursuivent dans les campagnes.<\/p>\n\n\n\n<p>\u00c0 trois jours du Conseil des ministres o\u00f9 il devait pr\u00e9senter un projet de loi promis de longue date \u00ab&nbsp;<em>en faveur du renouvellement des g\u00e9n\u00e9rations en agriculture<\/em>&nbsp;\u00bb, le ministre de l&rsquo;Agriculture Marc Fesneau a act\u00e9 son report.<\/p>\n\n\n\n<p>\u00ab&nbsp;<em>Donnons-nous quelques semaines<\/em>&nbsp;\u00bb, a d\u00e9clar\u00e9 le ministre de l&rsquo;Agriculture au \u00ab&nbsp;Grand Jury&nbsp;\u00bb RTL\/Paris Premi\u00e8re\/M6\/Le Figaro, pr\u00e9cisant que l&rsquo;objectif \u00e9tait de voir le texte d\u00e9battu au Parlement \u00ab&nbsp;au premier semestre 2024&nbsp;\u00bb. Marc Fesneau&nbsp;a justifi\u00e9 ce d\u00e9lai afin d&rsquo;ajouter \u00ab&nbsp;<em>un paquet de simplification&nbsp;<\/em>\u00bb aux mesures d\u00e9j\u00e0 annonc\u00e9es pour faciliter l&rsquo;installation de nouveaux chefs d&rsquo;exploitations.<\/p>\n\n\n\n<p>Marc Fesneau a promis de lutter contre le \u00ab\u00a0<em>sentiment de d\u00e9classement<\/em>\u00a0\u00bb des agriculteurs, trop souvent en proie \u00e0 des \u00ab\u00a0<em>injonctions<\/em>\u00a0\u00bb contradictoires, notamment li\u00e9es aux r\u00e8gles europ\u00e9ennes, tout en appelant chacun \u00ab<em>\u00a0\u00e0 la responsabilit\u00e9<\/em>\u00a0\u00bb. Prenant acte d&rsquo;un \u00ab\u00a0<em>moment d&rsquo;exasp\u00e9ration<\/em>\u00a0\u00bb\u00a0avec la multiplication des manifestations de col\u00e8re dans les campagnes, le ministre a assur\u00e9 \u00ab\u00a0<em>\u00eatre au c\u00f4t\u00e9 des agriculteurs<\/em>\u00a0\u00bb face \u00e0 une triple crise, de confiance avec la soci\u00e9t\u00e9, de la norme notamment europ\u00e9enne et du mod\u00e8le agricole face au d\u00e9r\u00e8glement climatique.<\/p>\n\n\n\n<p>\u00ab<em>\u00a0On a une crise qui vient d&rsquo;abord de l&rsquo;Europe. \u00c7a a commenc\u00e9 aux Pays-Bas, puis en Allemagne, en Pologne [&#8230;]. Il y a une forme de crise de foi des agriculteurs. Ils n&rsquo;y croient plus. Ils ont le sentiment qu&rsquo;on leur donne des injonctions, celle de produire plus, des produits de qualit\u00e9, mais pour lesquels il n&rsquo;y a pas la r\u00e9mun\u00e9ration<\/em>\u00a0\u00bb suffisante, a-t-il dit. \u00ab\u00a0<em>C&rsquo;est une crise de la norme, europ\u00e9enne ou nationale. La \u201csurnormation\u201d [&#8230;] produit de l&rsquo;exasp\u00e9ration. Il y a parfois aussi une exasp\u00e9ration [li\u00e9e \u00e0] la crise du mod\u00e8le. Je pense \u00e0 l&rsquo;Occitanie, o\u00f9 le d\u00e9r\u00e8glement climatique pose des probl\u00e8mes profonds\u00a0\u00bb<\/em>, a ajout\u00e9 le ministre de l&rsquo;Agriculture.<\/p>\n\n\n\n<h2 class=\"wp-block-heading\">\u00c9lections europ\u00e9ennes<\/h2>\n\n\n\n<p>En disant vouloir compl\u00e9ter son projet de loi d&rsquo;un volet \u00ab&nbsp;simplification&nbsp;\u00bb des r\u00e8gles, le ministre de l&rsquo;Agriculture r\u00e9pond \u00e0 l&rsquo;une des plaintes des agriculteurs. Premier signe d&rsquo;apaisement face \u00e0 une situation p\u00e9rilleuse. Si pour le moment, une autoroute est bloqu\u00e9 depuis 5 jours dans la r\u00e9gion de Toulouse, l&rsquo;ex\u00e9cutif craint la transformation du mouvement en manifestations massive dans les grandes villes, comme en Roumanie ou en Allemagne.<\/p>\n\n\n\n<p>L&rsquo;enjeu politique est \u00e9norme \u00e0 six mois d&rsquo;\u00e9lections europ\u00e9ennes, promise \u00e0 une victoire de l&rsquo;extr\u00eame droite fran\u00e7aise dans un contexte d&rsquo;hostilit\u00e9 croissante aux politiques agricoles vertes.&nbsp; \u00c0 droite, le patron des d\u00e9put\u00e9s Les R\u00e9publicains Olivier Marleix dit soutenir les actions de blocages.La t\u00eate de liste Rassemblement nationale aux Europ\u00e9ennes, Jordan Bardella, lui, est all\u00e9 d\u00e8s samedi d\u00e9fendre la patriotisme \u00e9conomique devant des viticulteurs en Gironde.<\/p>\n\n\n\n<p>\u00c0 gauche aussi, le vote agricole est courtis\u00e9. La cheffe des d\u00e9put\u00e9s insoumis Mathilde Panot dit partager les revendications sur les revenus trop faibles, tout comme le leader communiste Fabien Roussel.<\/p>\n\n\n\n<p><strong>Les raisons de la col\u00e8re des agriculteurs en France<\/strong><\/p>\n\n\n\n<p>Depuis l\u2019automne, la grogne s\u2019amplifie&nbsp;: parti du Tarn, un mouvement, pacifique, de retournement des panneaux signal\u00e9tiques des communes, a essaim\u00e9 partout en France. Une fa\u00e7on de dire qu\u2019\u00ab&nbsp;#OnMarcheSurLaT\u00eate&nbsp;\u00bb, slogan repris de Narbonne \u00e0 la fronti\u00e8re belge. Le ton s\u2019est durci ces derniers jours avec, depuis jeudi soir 18 janvier en Occitanie, le blocage de l\u2019autoroute&nbsp;A64 mais aussi des rassemblements devant administrations ou sur des ronds-points rappelant la fronde des \u00ab&nbsp;gilets jaunes&nbsp;\u00bb.&nbsp;<br><br><strong>Des r\u00e8gles et des normes de plus en plus lourdes<\/strong><\/p>\n\n\n\n<p>\u00ab&nbsp;<em>La p\u00e9nibilit\u00e9 physique a laiss\u00e9 peu \u00e0 peu la place \u00e0 une p\u00e9nibilit\u00e9 morale qui est due notamment \u00e0 l\u2019\u00e9diction de r\u00e8gles et de normes de plus en plus lourdes \u00e0 supporter (&#8230;) \u00e0 un moment donn\u00e9 la coupe d\u00e9borde<\/em>&nbsp;\u00bb, a lanc\u00e9 samedi \u00c9tienne Gangneron, pr\u00e9sident de la chambre d\u2019agriculture du Cher au ministre de l\u2019Agriculture Marc Fesneau. Les syndicats d\u00e9noncent la lenteur du gouvernement \u00e0 mettre en \u0153uvre la \u00ab&nbsp;<em>simplification<\/em>&nbsp;\u00bb administrative promise. \u00ab&nbsp;<em>Les agriculteurs qui nous appellent ne savent m\u00eame plus ce qu\u2019ils ont le droit de faire ou non&nbsp;<\/em>\u00bb et ne se sentent \u00ab<em>&nbsp;pas accompagn\u00e9s comme il faut face aux d\u00e9fis climatiques, g\u00e9opolitiques et sanitaires&nbsp;\u00bb<\/em>, a d\u00e9clar\u00e9 \u00e0 l\u2019AFP V\u00e9ronique Le Floc&rsquo;h, pr\u00e9sidente de la Coordination rurale, deuxi\u00e8me syndicat agricole. Ces contraintes, auxquelles s\u2019ajoutent des indemnisations jug\u00e9es \u00ab&nbsp;<em>trop tardives<\/em>&nbsp;\u00bb pour des fili\u00e8res en crise (viticulture, \u00e9levage), ruinent \u00ab<em>&nbsp;l\u2019attractivit\u00e9&nbsp;<\/em>\u00bb dont le secteur a besoin pour renouveler ses chefs d\u2019exploitations vieillissants.<\/p>\n\n\n\n<p>&nbsp; &nbsp;<br><strong>Le rejet du \u00ab&nbsp;Pacte vert&nbsp;\u00bb europ\u00e9en<\/strong><\/p>\n\n\n\n<p>Si la France est la premi\u00e8re b\u00e9n\u00e9ficiaire de la Politique agricole commune (PAC) avec 9 milliards d\u2019euros d\u2019aides par an, ses exploitants contestent avec la derni\u00e8re \u00e9nergie la strat\u00e9gie de verdissement de l\u2019agriculture europ\u00e9enne. \u00c9l\u00e9ment central du Pacte vert de l\u2019UE, un projet l\u00e9gislatif visant \u00e0 r\u00e9duire de moiti\u00e9 d\u2019ici \u00e0 2030 l\u2019utilisation des produits phytosanitaires chimiques (par rapport \u00e0 la p\u00e9riode&nbsp;2015-2017), a \u00e9t\u00e9 rejet\u00e9 au Parlement europ\u00e9en fin novembre. Mais les agriculteurs, qui se sont r\u00e9jouis du renouvellement de l\u2019autorisation de l\u2019herbicide controvers\u00e9 glyphosate, redoutent de voir le retour de ce projet et entendent peser avant les \u00e9lections europ\u00e9ennes de juin. Les agriculteurs fran\u00e7ais d\u00e9noncent aussi le refus de Bruxelles de prolonger en 2024 la d\u00e9rogation permettant de mettre en culture les terres en jach\u00e8re (environ 4&nbsp;% des terres agricoles) alors que \u00ab&nbsp;<em>la tension alimentaire provoqu\u00e9e par la guerre en Ukraine se poursuit<\/em>&nbsp;\u00bb.&nbsp;<\/p>\n\n\n\n<p><strong>Concurrence d\u00e9loyale<\/strong><\/p>\n\n\n\n<p>\u00ab&nbsp;<em>Le co\u00fbt de l\u2019\u00e9nergie a explos\u00e9, les co\u00fbts des intrants ont augment\u00e9, tout comme ceux de la main-d\u2019\u0153uvre ou de l\u2019alimentation animale. La guerre en Ukraine perturbe les flux avec des importations \u00e9normes en Europe de c\u00e9r\u00e9ales, de volaille ou de sucre. \u00c7a perturbe toutes les fili\u00e8res, \u00e7a fait baisser les prix<\/em>&nbsp;\u00bb, a expliqu\u00e9 \u00e0 l\u2019AFP Christiane Lambert, pr\u00e9sidente du Comit\u00e9 des organisations professionnelles agricoles de l\u2019Union europ\u00e9enne. \u00ab&nbsp;<em>On&nbsp;sert \u00e0 nos enfants dans les cantines des aliments import\u00e9s qu\u2019on nous interdit de produire en France&nbsp;<\/em>\u00bb, a-t-elle affirm\u00e9. La n\u00e9gociation de trait\u00e9s de libre-\u00e9change (Mercosur) coupl\u00e9e \u00e0 l\u2019imposition de mesures restrictives nourrit l\u2019exasp\u00e9ration, souligne-t-elle, m\u00eame si les \u00e9l\u00e9ments d\u00e9clencheurs sont diff\u00e9rents&nbsp;: \u00ab&nbsp;<em>la baisse du cheptel&nbsp;<\/em>\u00bb aux Pays-Bas, la \u00ab<em>&nbsp;taxation du carburant&nbsp;<\/em>\u00bb en Allemagne.<br><br><strong>Pesticides et carburant, des moyens de production<\/strong><\/p>\n\n\n\n<p>Malgr\u00e9 de bons rendements, la chute des cours et le maintien de charges \u00e9lev\u00e9es a fait baisser les revenus des c\u00e9r\u00e9aliers, qui estiment qu\u2019on \u00ab&nbsp;va dans le mur&nbsp;\u00bb avec la nouvelle strat\u00e9gie du gouvernement de r\u00e9duction des pesticides Ecophyto&nbsp;2030. \u00ab&nbsp;Pas&nbsp;d\u2019interdiction sans solution&nbsp;\u00bb mart\u00e8le la FNSEA, son mantra pour les pesticides, le partage de l\u2019eau ou le rel\u00e8vement progressif de la fiscalit\u00e9 sur le gazole non routier (GNR), \u00ab&nbsp;<em>n\u00e9goci\u00e9 en responsabilit\u00e9<\/em>&nbsp;\u00bb avec Bercy.<\/p>\n\n\n\n<p>(Avec AFP)<\/p>\n","protected":false},"excerpt":{"rendered":"<p>Rattrap\u00e9 par la fronde des agriculteurs, le gouvernement a d\u00e9cid\u00e9, dimanche 21 janvier, de reporter \u00ab\u00a0de quelques semaines\u00a0\u00bb son projet<\/p>\n","protected":false},"author":1,"featured_media":29956,"comment_status":"open","ping_status":"open","sticky":false,"template":"","format":"standard","meta":{"footnotes":""},"categories":[3,51],"tags":[],"class_list":["post-29955","post","type-post","status-publish","format-standard","has-post-thumbnail","hentry","category-event-more-news","category-general"],"_links":{"self":[{"href":"https:\/\/dekkbi.com\/index.php?rest_route=\/wp\/v2\/posts\/29955","targetHints":{"allow":["GET"]}}],"collection":[{"href":"https:\/\/dekkbi.com\/index.php?rest_route=\/wp\/v2\/posts"}],"about":[{"href":"https:\/\/dekkbi.com\/index.php?rest_route=\/wp\/v2\/types\/post"}],"author":[{"embeddable":true,"href":"https:\/\/dekkbi.com\/index.php?rest_route=\/wp\/v2\/users\/1"}],"replies":[{"embeddable":true,"href":"https:\/\/dekkbi.com\/index.php?rest_route=%2Fwp%2Fv2%2Fcomments&post=29955"}],"version-history":[{"count":1,"href":"https:\/\/dekkbi.com\/index.php?rest_route=\/wp\/v2\/posts\/29955\/revisions"}],"predecessor-version":[{"id":29957,"href":"https:\/\/dekkbi.com\/index.php?rest_route=\/wp\/v2\/posts\/29955\/revisions\/29957"}],"wp:featuredmedia":[{"embeddable":true,"href":"https:\/\/dekkbi.com\/index.php?rest_route=\/wp\/v2\/media\/29956"}],"wp:attachment":[{"href":"https:\/\/dekkbi.com\/index.php?rest_route=%2Fwp%2Fv2%2Fmedia&parent=29955"}],"wp:term":[{"taxonomy":"category","embeddable":true,"href":"https:\/\/dekkbi.com\/index.php?rest_route=%2Fwp%2Fv2%2Fcategories&post=29955"},{"taxonomy":"post_tag","embeddable":true,"href":"https:\/\/dekkbi.com\/index.php?rest_route=%2Fwp%2Fv2%2Ftags&post=29955"}],"curies":[{"name":"wp","href":"https:\/\/api.w.org\/{rel}","templated":true}]}}