{"id":29911,"date":"2024-01-22T10:18:19","date_gmt":"2024-01-22T10:18:19","guid":{"rendered":"https:\/\/dekkbi.com\/?p=29911"},"modified":"2024-01-22T12:57:06","modified_gmt":"2024-01-22T12:57:06","slug":"diamniadio-professionnalisation-des-artisans-le-centre-sectoriel-souvre-aux-mecaniciens-et-vulcanisateurs","status":"publish","type":"post","link":"https:\/\/dekkbi.com\/?p=29911","title":{"rendered":"Professionnalisation des artisans: Le Centre sectoriel s\u2019ouvre aux m\u00e9caniciens et vulcanisateurs"},"content":{"rendered":"\n<p><strong>#Diamniadio \u2013 En collaboration avec le Centre sectoriel de formation professionnelle aux m\u00e9tiers de la m\u00e9canique et des engins motoris\u00e9s (Csfp-Mem) de Diamniadio, une cinquantaine d\u2019artisans m\u00e9caniciens et des vulcanisateurs ont re\u00e7u jeudi leurs attestations au terme d\u2019une formation initi\u00e9e par la Der\/Fj.<\/strong><\/p>\n\n\n\n<p><strong>Par Alioune Badara NDIAYE \u2013&nbsp;<\/strong>Une cinquantaine d\u2019artisans m\u00e9caniciens et des vulcanisateurs ont re\u00e7u jeudi leurs attestations au terme d\u2019une formation initi\u00e9e par la Der\/Fj, en collaboration avec le Centre sectoriel de formation professionnelle aux m\u00e9tiers de la m\u00e9canique et des engins motoris\u00e9s (Csfp-Mem) de Diamniadio.<\/p>\n\n\n\n<p>Cette formation s\u2019inscrit dans le cadre du Projet d\u2019appui et de valorisation des initiatives entrepreneuriales (Pavie). \u00abIl s\u2019agit de 50 r\u00e9cipiendaires qui ont \u00e9t\u00e9 form\u00e9s dans le domaine de la gestion \u00e9lectronique des v\u00e9hicules et des syst\u00e8mes embarqu\u00e9s, mais aussi dans le domaine des techniques de gestion des entreprises automobiles\u00bb, a not\u00e9 F\u00e9lix Charles Tavarez, directeur du Csfp-Mem. \u00abAujourd\u2019hui, nous sommes dans une \u00e8re o\u00f9 l\u2019automobile \u00e9volue \u00e9norm\u00e9ment. On parle de v\u00e9hicules \u00e0 condition interne (\u2026) Et si les m\u00e9caniciens ne sont pas renforc\u00e9s en capacit\u00e9s, demain ils pourront ne plus intervenir sur les v\u00e9hicules\u00bb, a-t-il poursuivi, se r\u00e9jouissant que l\u2019\u00e9tablissement qu\u2019il dirige ait \u00e9t\u00e9 choisi pour ces formations.&nbsp;\u00abNous avons aussi, lors de ces sessions de formation, insist\u00e9 sur la formalisation, aujourd\u2019hui ce sont des entreprises qui fonctionnent de fa\u00e7on tr\u00e8s informelle. Et les b\u00e9n\u00e9ficiaires se sont rendu compte qu\u2019il suffit vraiment qu\u2019ils se formalisent un tout petit peu pour qu\u2019ils fassent exploser leur chiffre d\u2019affaires\u00bb,&nbsp;a relev\u00e9 M. Tavarez, qui a assur\u00e9 de la disponibilit\u00e9 du Cstp-Mem \u00e0 poursuivre la collaboration avec la Der\/Fj pour accompagner davantage les artisans.&nbsp;\u00abEn une semaine, nous avons appris plein de choses qui nous seront utiles dans nos lieux de travail. On voudrait qu\u2019elle se poursuive, avec des renouvellements p\u00e9riodiques, parce que nous avons besoin d\u2019un secteur de l\u2019artisanat qui se d\u00e9veloppe, et \u00e7a passe par ce genre de formation\u00bb,&nbsp;a soulign\u00e9 Baba Ndiaye, ayant parl\u00e9 au nom des b\u00e9n\u00e9ficiaires. La D\u00e9l\u00e9gu\u00e9e g\u00e9n\u00e9rale de la Der\/Fj, Mame Aby S\u00e8ye, a inscrit cette formation dans le cadre du Pavie, qui a pour objectif d\u2019accompagner plus de 74 mille initiatives entrepreneuriales \u00e0 travers le pays. Le partenariat fructueux avec le centre ayant permis cette formation va se poursuivre selon elle.<\/p>\n\n\n\n<p><strong>Faire sauter la limite d\u2019\u00e2ge pour les financements de la Der\/Fj<\/strong><\/p>\n\n\n\n<p><br>Le plafonnement de l\u2019\u00e2ge des b\u00e9n\u00e9ficiaires des financements de la Der \u00e0 40 ans pour les hommes est revenu dans les \u00e9changes. Mamadou Ly de l\u2019Agence pour la promotion et le d\u00e9veloppement des artisans (Apda) l\u2019a soulign\u00e9, de m\u00eame que Baba Ndiaye, porte-parole des r\u00e9cipiendaires, \u00e0 l\u2019issue de la session. \u00abPlus de 80% des chefs de garage ont plus de 45 ans et ne peuvent donc pas \u00eatre financ\u00e9s&nbsp;; c\u2019est un point \u00e0 revoir\u00bb, a-t-il not\u00e9. Des mots qui n\u2019ont pas laiss\u00e9 indiff\u00e9rente la D\u00e9l\u00e9gu\u00e9e g\u00e9n\u00e9rale. \u00abNous \u00e9coutons avec beaucoup d\u2019attention cette dol\u00e9ance que nous entendons partout et que le chef de l\u2019Etat a eu \u00e0 attendre de certains artisans\u00bb, a pos\u00e9 Mme S\u00e8ye. Selon elle, le focus fait sur les regroupements et associations est un moyen de contourner la barri\u00e8re de l\u2019\u00e2ge.&nbsp;\u00abIl faut aujourd\u2019hui qu\u2019on raisonne en termes de regroupement ou association, car dans ce cas, l\u2019\u00e2ge ne fait plus effet\u00bb, a-t-elle conseill\u00e9 sur le sujet.&nbsp;\u00abNous allons nous engager dans ce sens sur 2024, la Der\/Fj est r\u00e9solument engag\u00e9e \u00e0 cr\u00e9er des synergies et qu\u2019on puisse parler plus de regroupement que de projets individuels. C\u2019est une mani\u00e8re pour que l\u2019\u00e2ge ne soit plus une barri\u00e8re pour un quelconque entrepreneur du S\u00e9n\u00e9gal\u00bb,&nbsp;a-t-elle insist\u00e9, tout en assurant que le plaidoyer sur l\u2019\u00e2ge limite sera port\u00e9 aux plus hautes autorit\u00e9s.<\/p>\n\n\n\n<p><strong>abndiaye@lequotidien.sn<\/strong><\/p>\n","protected":false},"excerpt":{"rendered":"<p>#Diamniadio \u2013 En collaboration avec le Centre sectoriel de formation professionnelle aux m\u00e9tiers de la m\u00e9canique et des engins motoris\u00e9s<\/p>\n","protected":false},"author":1,"featured_media":29912,"comment_status":"open","ping_status":"open","sticky":false,"template":"","format":"standard","meta":{"footnotes":""},"categories":[3],"tags":[],"class_list":["post-29911","post","type-post","status-publish","format-standard","has-post-thumbnail","hentry","category-event-more-news"],"_links":{"self":[{"href":"https:\/\/dekkbi.com\/index.php?rest_route=\/wp\/v2\/posts\/29911","targetHints":{"allow":["GET"]}}],"collection":[{"href":"https:\/\/dekkbi.com\/index.php?rest_route=\/wp\/v2\/posts"}],"about":[{"href":"https:\/\/dekkbi.com\/index.php?rest_route=\/wp\/v2\/types\/post"}],"author":[{"embeddable":true,"href":"https:\/\/dekkbi.com\/index.php?rest_route=\/wp\/v2\/users\/1"}],"replies":[{"embeddable":true,"href":"https:\/\/dekkbi.com\/index.php?rest_route=%2Fwp%2Fv2%2Fcomments&post=29911"}],"version-history":[{"count":2,"href":"https:\/\/dekkbi.com\/index.php?rest_route=\/wp\/v2\/posts\/29911\/revisions"}],"predecessor-version":[{"id":29962,"href":"https:\/\/dekkbi.com\/index.php?rest_route=\/wp\/v2\/posts\/29911\/revisions\/29962"}],"wp:featuredmedia":[{"embeddable":true,"href":"https:\/\/dekkbi.com\/index.php?rest_route=\/wp\/v2\/media\/29912"}],"wp:attachment":[{"href":"https:\/\/dekkbi.com\/index.php?rest_route=%2Fwp%2Fv2%2Fmedia&parent=29911"}],"wp:term":[{"taxonomy":"category","embeddable":true,"href":"https:\/\/dekkbi.com\/index.php?rest_route=%2Fwp%2Fv2%2Fcategories&post=29911"},{"taxonomy":"post_tag","embeddable":true,"href":"https:\/\/dekkbi.com\/index.php?rest_route=%2Fwp%2Fv2%2Ftags&post=29911"}],"curies":[{"name":"wp","href":"https:\/\/api.w.org\/{rel}","templated":true}]}}