{"id":29892,"date":"2024-01-22T09:21:04","date_gmt":"2024-01-22T09:21:04","guid":{"rendered":"https:\/\/dekkbi.com\/?p=29892"},"modified":"2024-01-22T09:21:04","modified_gmt":"2024-01-22T09:21:04","slug":"dahra-le-detachement-des-sapeurs-pompiers-de-dahra-djolof-installe","status":"publish","type":"post","link":"https:\/\/dekkbi.com\/?p=29892","title":{"rendered":"Dahra: Le d\u00e9tachement des sapeurs-pompiers de Dahra-Djolof install\u00e9"},"content":{"rendered":"\n<p>La Brigade Nationale des Sapeurs-Sompiers a un nouveau r\u00e9pondant au quartier Ngome dans la commune de Dahra. Un tel d\u00e9tachement a un statut de centre secondaire d\u2019incendie et de secours. La mairie leur avait affect\u00e9 une aire de 9 ha, ce qui avait permis le d\u00e9marrage des travaux arriv\u00e9s \u00e0 leur terme.<\/p>\n\n\n\n<p><br>La c\u00e9r\u00e9monie d\u2019inauguration a \u00e9t\u00e9 pr\u00e9sid\u00e9e par le Maire Samba Ndiob\u00e8ne K\u00c2 par ailleurs ministre de l\u2019\u00e9levage et des productions animales. L\u2019\u00e9dile de la m\u00e9tropole \u00e9conomique du Djolof avait \u00e0 ses c\u00f4t\u00e9s le Commandant Amadou FALL du groupement d\u2019incendie et de secours de la zone Nord, le lieutenant Ousseynou NDIAYE, chef de la compagnie des sapeurs-pompiers de Louga, les autorit\u00e9s administratives et locales du D\u00e9partement de Lingu\u00e8re.<\/p>\n\n\n\n<p><br>\u00abJe suis heureux de r\u00e9ceptionner le premier lot d\u2019\u00e9quipements des sapeurs-pompiers; par la m\u00eame occasion profiter pour installer la premi\u00e8re \u00e9quipe qui est mise \u00e0 la disposition de la commune de Dahra\u00bb, a laiss\u00e9 entendre le Maire de Dahra qui en a profit\u00e9 pour rendre gr\u00e2ce \u00e0 Dieu et remercier Son Excellence le Pr\u00e9sident Macky SALL pour l\u2019inter\u00eat et l\u2019attitude permanente vis-\u00e0-vis des populations du Djolof.<\/p>\n\n\n\n<p><br>Il se r\u00e9jouit de la promptitude de son coll\u00e8gue de l\u2019Int\u00e9rieur Me Sidiki KABA qui, une fois inform\u00e9 de la densit\u00e9 de la population et de l\u2019ins\u00e9curit\u00e9 (accidents recurrents, les nombreux cas d\u2019incendie et de feux de brousse), n\u2019a pas tard\u00e9 \u00e0 donner promptement suite favorable \u00e0 l\u2019installation \u00e0 Dahra-Djolof ledit d\u00e9tachement \u00e9valu\u00e9 \u00e0 700 millions de nos Francs. &lt;&lt;Les 400 sont d\u00e9j\u00e0 disponibles dit-il, et le reste sera compl\u00e9t\u00e9 sous peu>>.<\/p>\n\n\n\n<p><br>En attendant, et pour parer \u00e0 toute \u00e9ventualit\u00e9 et \u00e0 tous ces accidents r\u00e9currents, le ministre de l\u2019Int\u00e9rieur a mis \u00e0 la disposition de la communaut\u00e9 une \u00e9quipe de 30 \u00e9l\u00e9ments et des engins de derni\u00e8re g\u00e9n\u00e9rations. \u00abNous esperons avec cela que tr\u00e8s prochainement, Dahra pourra \u00eatre \u00e0 l\u2019abri de beaucoup de difficult\u00e9s. Par le pass\u00e9, en mati\u00e8re de secours, Dahra d\u00e9pendait de services ext\u00e9rieurs qui lui venaient au secours souvent trop tardivement. Ceux de Lingu\u00e8re sont distants de pr\u00e8s de quarante kilom\u00e8tres.<\/p>\n\n\n\n<p><br>Le maire a souhait\u00e9 la bienvenue aux vaillants soldats dans la commune tout en exhortant la population \u00e0 collaborer franchement avec eux, une mani\u00e8re de leur faciliter la t\u00e2che.<\/p>\n\n\n\n<p><br><strong>Masse NDIAYE, Lingu\u00e8re<\/strong><br>LESOLEIL<\/p>\n","protected":false},"excerpt":{"rendered":"<p>La Brigade Nationale des Sapeurs-Sompiers a un nouveau r\u00e9pondant au quartier Ngome dans la commune de Dahra. Un tel d\u00e9tachement<\/p>\n","protected":false},"author":1,"featured_media":29893,"comment_status":"open","ping_status":"open","sticky":false,"template":"","format":"standard","meta":{"footnotes":""},"categories":[21],"tags":[],"class_list":["post-29892","post","type-post","status-publish","format-standard","has-post-thumbnail","hentry","category-societe"],"_links":{"self":[{"href":"https:\/\/dekkbi.com\/index.php?rest_route=\/wp\/v2\/posts\/29892","targetHints":{"allow":["GET"]}}],"collection":[{"href":"https:\/\/dekkbi.com\/index.php?rest_route=\/wp\/v2\/posts"}],"about":[{"href":"https:\/\/dekkbi.com\/index.php?rest_route=\/wp\/v2\/types\/post"}],"author":[{"embeddable":true,"href":"https:\/\/dekkbi.com\/index.php?rest_route=\/wp\/v2\/users\/1"}],"replies":[{"embeddable":true,"href":"https:\/\/dekkbi.com\/index.php?rest_route=%2Fwp%2Fv2%2Fcomments&post=29892"}],"version-history":[{"count":1,"href":"https:\/\/dekkbi.com\/index.php?rest_route=\/wp\/v2\/posts\/29892\/revisions"}],"predecessor-version":[{"id":29894,"href":"https:\/\/dekkbi.com\/index.php?rest_route=\/wp\/v2\/posts\/29892\/revisions\/29894"}],"wp:featuredmedia":[{"embeddable":true,"href":"https:\/\/dekkbi.com\/index.php?rest_route=\/wp\/v2\/media\/29893"}],"wp:attachment":[{"href":"https:\/\/dekkbi.com\/index.php?rest_route=%2Fwp%2Fv2%2Fmedia&parent=29892"}],"wp:term":[{"taxonomy":"category","embeddable":true,"href":"https:\/\/dekkbi.com\/index.php?rest_route=%2Fwp%2Fv2%2Fcategories&post=29892"},{"taxonomy":"post_tag","embeddable":true,"href":"https:\/\/dekkbi.com\/index.php?rest_route=%2Fwp%2Fv2%2Ftags&post=29892"}],"curies":[{"name":"wp","href":"https:\/\/api.w.org\/{rel}","templated":true}]}}