{"id":2987,"date":"2022-11-09T11:19:58","date_gmt":"2022-11-09T11:19:58","guid":{"rendered":"https:\/\/dekkbi.com\/?p=2987"},"modified":"2022-11-09T11:19:59","modified_gmt":"2022-11-09T11:19:59","slug":"lutte-contre-lemigration-clandestin-letat-resserre-les-mailles","status":"publish","type":"post","link":"https:\/\/dekkbi.com\/?p=2987","title":{"rendered":"Lutte contre l\u2019\u00e9migration clandestin : L\u2019Etat resserre les mailles"},"content":{"rendered":"\n<p><strong>Le Comit\u00e9 interminist\u00e9riel de lutte contre l\u2019\u00e9migration clandestine (Cilec) organise un atelier de partage avec les acteurs de la Soci\u00e9t\u00e9 civile et parties prenantes sur la Strat\u00e9gie nationale de lutte contre la migration irr\u00e9guli\u00e8re (Snlmi) et du plan d\u2019actions qui l\u2019accompagne. Cette rencontre, qui s\u2019est ouverte ce mardi 8 novembre 2022 \u00e0 Dakar, est l\u2019occasion de pr\u00e9-valider le document par les acteurs avant son adoption politique.<\/strong><\/p>\n\n\n\n<p><strong>Par Pape Moussa DIALLO \u2013&nbsp;<\/strong>Le ton est donn\u00e9. Le Cilec sonne la croisade contre l\u2019\u00e9migration irr\u00e9guli\u00e8re, le trafic et la traite des migrants. Conform\u00e9ment \u00e0 ses missions et aux recommandations du chef de l\u2019Etat, le Comit\u00e9 interminist\u00e9riel de lutte contre l\u2019\u00e9migration clandestine (Cilec) s\u2019est dot\u00e9 d\u2019une Strat\u00e9gie nationale de lutte contre l\u2019\u00e9migration irr\u00e9guli\u00e8re, avec l\u2019appui de ses partenaires financiers et techniques. Pour partager ce travail r\u00e9sultant d\u2019un long processus, un atelier de partage s\u2019est ouvert hier \u00e0 Dakar avec les acteurs en vue de recueillir leurs avis pour pr\u00e9-validation avant soumission pour validation politique.<br>Forte de 8 piliers et 5 axes strat\u00e9giques, la Strat\u00e9gie nationale de lutte contre la migration irr\u00e9guli\u00e8re va \u00eatre mise en \u0153uvre de 2023 \u00e0 2026. \u00abLe Cilec est devenu depuis sa cr\u00e9ation, le m\u00e9canisme national de coordination des questions relatives \u00e0 la migration irr\u00e9guli\u00e8re\u00bb, renseigne le secr\u00e9taire permanent du Cilec, le commissaire divisionnaire de classe exceptionnelle, Mamadou Bocar Ly. Listant les cinq (5) axes strat\u00e9giques du document, il informe qu\u2019il s\u2019agit de \u00abl\u2019axe 1 relatif \u00e0 la pr\u00e9vention, l\u2019axe 2 sur la gestion des fronti\u00e8res, l\u2019axe 3 sur les mesures de r\u00e9pression, l\u2019axe 4 sur l\u2019aide, l\u2019assistance et la protection, l\u2019axe 5 sur le retour et la r\u00e9insertion des migrants\u00bb. Partageant les m\u00eames pr\u00e9occupations avec l\u2019Etat du S\u00e9n\u00e9gal en ce qui concerne la gestion et la gouvernance de la migration, notamment irr\u00e9guli\u00e8re, le repr\u00e9sentant de la d\u00e9l\u00e9gation de l\u2019Union europ\u00e9enne, l\u2019officier de liaison migration Malte Sander, s\u2019est f\u00e9licit\u00e9 du travail qui a \u00e9t\u00e9 accompli par le Cilec. \u00abNous sommes pr\u00e9occup\u00e9s par la migration au regard de son caract\u00e8re complexe. La migration s\u00fbre, ordonn\u00e9e et r\u00e9guli\u00e8re est l\u2019un des domaines de partenariat que nous entretenons avec l\u2019Etat du S\u00e9n\u00e9gal\u00bb, explique M. Sander. Selon ce dernier, la migration est un sujet qui pr\u00e9occupe l\u2019Union europ\u00e9enne et ses Etats membres vu l\u2019avantage que les soci\u00e9t\u00e9s peuvent en tirer si elle est bien g\u00e9r\u00e9e. Sur la collaboration avec l\u2019Etat du S\u00e9n\u00e9gal, il rappelle que \u00abnotre dialogue est bas\u00e9 sur une confiance institutionnelle mutuelle qui nous honore d\u2019une part, et d\u2019autre part, notre volont\u00e9 commune de renforcer la mise en place de politiques migratoires effectives\u00bb.<\/p>\n\n\n\n<p>Le trafic et la traite des migrants sont difficiles voire impossibles \u00e0 dissocier de la migration irr\u00e9guli\u00e8re. En cela, le repr\u00e9sentant de la d\u00e9l\u00e9gation de l\u2019Union europ\u00e9enne estime que \u00able Cilec joue un r\u00f4le fondamental dans la lutte contre l\u2019\u00e9migration irr\u00e9guli\u00e8re, les r\u00e9seaux criminels de trafic des migrants\u00bb.<br>Venu pr\u00e9sider la c\u00e9r\u00e9monie d\u2019ouverture au nom du ministre de l\u2019Int\u00e9rieur, son directeur de Cabinet, Cheikh Sadibou Diop, n\u2019a pas manqu\u00e9 de f\u00e9liciter le Cilec pour l\u2019approche \u00abinclusive\u00bb et le travail \u00abparticipatif\u00bb, dit-il, qui a pr\u00e9valu \u00e0 la r\u00e9alisation de ce document qui, selon lui, \u00abint\u00e8gre\u00bb les pr\u00e9occupations de l\u2019Etat du S\u00e9n\u00e9gal en mati\u00e8re de gestion et de gouvernance de la migration. M\u00eame si M. Diop admet que la migration est un \u00abdroit fondamental\u00bb consacr\u00e9 par la D\u00e9claration universelle des droits de l\u2019Homme, il n\u2019en demeure pas moins que lorsqu\u2019elle est pratiqu\u00e9e en dehors du cadre r\u00e8glementaire, elle peut constituer un danger. Il dira que la migration doit se faire dans \u00able respect des lois et r\u00e8glements\u00bb. Pla\u00e7ant le curseur sur les efforts consentis pour lutter contre le ph\u00e9nom\u00e8ne au S\u00e9n\u00e9gal, il a salu\u00e9 et lou\u00e9 les efforts et le travail remarquables des Forces de d\u00e9fense et de s\u00e9curit\u00e9 pour faire r\u00e9gresser le ph\u00e9nom\u00e8ne, \u00e0 d\u00e9faut de pouvoir l\u2019\u00e9radiquer. Sans pour autant oublier de rappeler que la migration est une pr\u00e9occupation au c\u0153ur des urgences de l\u2019Etat qui l\u2019a inscrite dans le Pap2A, il a appel\u00e9 les acteurs \u00e0 s\u2019approprier la strat\u00e9gie et \u00e0 soutenir sa mise en \u0153uvre. Les travaux, qui prendront fin demain, aideront \u00e0 renforcer le document en vue de sa validation politique par le gouvernement. En effet, le Comit\u00e9 interminist\u00e9riel de lutte contre l\u2019\u00e9migration clandestine (Cilec) a \u00e9t\u00e9 cr\u00e9\u00e9 par d\u00e9cret n\u00b02020-2393 du 30 d\u00e9cembre 2020 et rattach\u00e9 au cabinet du ministre de l\u2019Int\u00e9rieur. Il est per\u00e7u comme un correctif, voire une am\u00e9lioration du dispositif institutionnel, avec une approche inclusive s\u2019articulant autour d\u2019une strat\u00e9gie mobilisatrice des services de l\u2019Etat, les communaut\u00e9s et les partenaires au d\u00e9veloppement dans un contexte marqu\u00e9 par la recrudescence du ph\u00e9nom\u00e8ne.<\/p>\n\n\n\n<p><\/p>\n\n\n\n<p>SOURCE LEQUOTIDIEN<\/p>\n","protected":false},"excerpt":{"rendered":"<p>Le Comit\u00e9 interminist\u00e9riel de lutte contre l\u2019\u00e9migration clandestine (Cilec) organise un atelier de partage avec les acteurs de la Soci\u00e9t\u00e9<\/p>\n","protected":false},"author":1,"featured_media":2988,"comment_status":"open","ping_status":"open","sticky":false,"template":"","format":"standard","meta":{"footnotes":""},"categories":[26],"tags":[],"class_list":["post-2987","post","type-post","status-publish","format-standard","has-post-thumbnail","hentry","category-fait-divers"],"_links":{"self":[{"href":"https:\/\/dekkbi.com\/index.php?rest_route=\/wp\/v2\/posts\/2987","targetHints":{"allow":["GET"]}}],"collection":[{"href":"https:\/\/dekkbi.com\/index.php?rest_route=\/wp\/v2\/posts"}],"about":[{"href":"https:\/\/dekkbi.com\/index.php?rest_route=\/wp\/v2\/types\/post"}],"author":[{"embeddable":true,"href":"https:\/\/dekkbi.com\/index.php?rest_route=\/wp\/v2\/users\/1"}],"replies":[{"embeddable":true,"href":"https:\/\/dekkbi.com\/index.php?rest_route=%2Fwp%2Fv2%2Fcomments&post=2987"}],"version-history":[{"count":1,"href":"https:\/\/dekkbi.com\/index.php?rest_route=\/wp\/v2\/posts\/2987\/revisions"}],"predecessor-version":[{"id":2989,"href":"https:\/\/dekkbi.com\/index.php?rest_route=\/wp\/v2\/posts\/2987\/revisions\/2989"}],"wp:featuredmedia":[{"embeddable":true,"href":"https:\/\/dekkbi.com\/index.php?rest_route=\/wp\/v2\/media\/2988"}],"wp:attachment":[{"href":"https:\/\/dekkbi.com\/index.php?rest_route=%2Fwp%2Fv2%2Fmedia&parent=2987"}],"wp:term":[{"taxonomy":"category","embeddable":true,"href":"https:\/\/dekkbi.com\/index.php?rest_route=%2Fwp%2Fv2%2Fcategories&post=2987"},{"taxonomy":"post_tag","embeddable":true,"href":"https:\/\/dekkbi.com\/index.php?rest_route=%2Fwp%2Fv2%2Ftags&post=2987"}],"curies":[{"name":"wp","href":"https:\/\/api.w.org\/{rel}","templated":true}]}}