{"id":29795,"date":"2024-01-20T10:17:15","date_gmt":"2024-01-20T10:17:15","guid":{"rendered":"https:\/\/dekkbi.com\/?p=29795"},"modified":"2024-01-20T10:47:18","modified_gmt":"2024-01-20T10:47:18","slug":"lutte-contre-lemigration-au-senegal-un-programme-de-plus-de-3-milliards-fcfa-lance","status":"publish","type":"post","link":"https:\/\/dekkbi.com\/?p=29795","title":{"rendered":"Lutte contre l\u2019\u00e9migration au S\u00e9n\u00e9gal:\u00a0Un programme de plus de 3 milliards FCfa lanc\u00e9"},"content":{"rendered":"\n<p>La 1\u00e8re r\u00e9union du comit\u00e9 de pilotage du programme de protection, de retour et de r\u00e9int\u00e9gration des migrants en Afrique subsaharienne (Mprr-Ssa) S\u00e9n\u00e9gal s\u2019est tenue hier \u00e0 la direction g\u00e9n\u00e9rale d\u2019appui aux S\u00e9n\u00e9galais de l\u2019ext\u00e9rieur (Dgase) en pr\u00e9sence des autorit\u00e9s de l\u2019Organisation internationale pour les migrations (Oim) qui ont mis en place un programme de plus de 3 milliards FCfa pour lutter contre ce fl\u00e9au. Le programme de protection, de retour et de r\u00e9int\u00e9gration des migrants en Afrique subsaharienne (Mprr-Ssa) est d\u2019une dur\u00e9e de 4 ans (juillet 2022-mars 2025). Il est estim\u00e9 \u00e0 6.347.738,66 dollars am\u00e9ricains soit 3 805 469 326,67 FCfa. <\/p>\n\n\n\n<p>A l\u2019entame de son propos, Amadou Fran\u00e7ois Gaye, directeur g\u00e9n\u00e9ral d\u2019appui aux S\u00e9n\u00e9galais de l\u2019ext\u00e9rieur a indiqu\u00e9 que la recrudescence de l\u2019\u00e9migration irr\u00e9guli\u00e8re et la situation d\u00e9sastreuse des migrants qui se retrouvent bloqu\u00e9s dans diff\u00e9rents pays et se trouvant dans des situations dangereuses le long des itin\u00e9raires migratoires nous obligent \u00e0 trouver des solutions urgentes comme le Programme de protection, de retour et de r\u00e9int\u00e9gration des migrants en Afrique subsaharienne (Mprr-Ssa acronyme en anglais) qui nous r\u00e9unit aujourd\u2019hui.<\/p>\n\n\n\n<p>\u00ab C\u2019est dans ce cadre que le gouvernement du S\u00e9n\u00e9gal \u00e0 travers le Maese a effectu\u00e9 plusieurs missions pour porter secours \u00e0 ces fils et filles qui tentaient l\u2019aventure par les pirogues. Ce programme contribue aussi \u00e0 apporter des r\u00e9ponses \u00e0 la question du retour et de la r\u00e9int\u00e9gration des migrants en situation de vuln\u00e9rabilit\u00e9 avec l\u2019accompagnement aussi de nombreux dispositifs mis en place pour offrir des services financiers et non financiers \u00bb, a-il-dit. <\/p>\n\n\n\n<p>Selon lui, le comit\u00e9 de pilotage qui nous r\u00e9unit aujourd\u2019hui, constitue le cadre de gouvernance, de d\u00e9cision et de validation strat\u00e9gique et technique du projet et se fixe comme objectif g\u00e9n\u00e9ral, d\u2019examiner et de discuter des rapports sur l\u2019\u00e9tat d\u2019avancement du programme soumis par l\u2019Oim et s\u2019attaquer \u00e0 tous les goulots d\u2019\u00e9tranglement qui apparaissent au niveau national en vue d\u2019une mise en \u0153uvre efficace et opportune du programme.<\/p>\n\n\n\n<p>Le directeur Amadou Fran\u00e7ois Gaye a laiss\u00e9 entendre que cet engagement not\u00e9 aux c\u00f4t\u00e9s de l\u2019Etat du S\u00e9n\u00e9gal, de l\u2019Oim et de l\u2019Union europ\u00e9enne contribue \u00e0 renforcer l\u2019exp\u00e9rience des dispositifs mis en place par le gouvernement pour un soutien encore plus marqu\u00e9 des migrants vuln\u00e9rables et de la diaspora vers des investissements productifs et durables, lesquels contribuent \u00e0 cr\u00e9er plus d\u2019emplois d\u00e9cents pour les jeunes et les femmes dans les collectivit\u00e9s territoriales.<\/p>\n\n\n\n<p>Prenant la parole, la cheffe de mission de l\u2019Organisation internationale pour les migrations (Oim) Valeria Falaschi a d\u00e9clar\u00e9 que ce programme s\u2019appuie sur les structures \u00e9tablies ou renforc\u00e9es par l\u2019initiative conjointe Ue-Oim au niveau national, telles que les groupes de travail technique et les m\u00e9canismes nationaux d\u2019orientation sous la direction des homologues gouvernementaux.<\/p>\n\n\n\n<p> Ledit programme suit une approche bas\u00e9e sur les itin\u00e9raires de 16 pays S\u00e9n\u00e9gal, Burkina Faso, Cameroun, C\u00f4te d\u2019Ivoire Ethiopie, Gambie, Ghana, Guin\u00e9e, Mali, Mauritanie, Niger, nig\u00e9ria, Sierra L\u00e9one, Somalie, Soudan et Tchad. \u00ab L\u2019objectif global de l\u2019action est de contribuer \u00e0 la protection des migrants vuln\u00e9rables et bloqu\u00e9s y compris par le biais d\u2019une aide au retour volontaire et \u00e0 leur r\u00e9int\u00e9gration durable en Afrique \u00bb, a-t-elle avanc\u00e9.<\/p>\n\n\n\n<p>Le directeur de cabinet du ministre des Affaires \u00e9trang\u00e8res et des s\u00e9n\u00e9galais de l\u2019ext\u00e9rieur (Maese) Ibrahima Ciss\u00e9 et Harmonie Koutsivitis, chef de section politique de la D\u00e9l\u00e9gation de l\u2019Union europ\u00e9enne (Due) au S\u00e9n\u00e9gal ont pris part \u00e0 cette rencontre.<\/p>\n\n\n\n<p>Serigne Mansour Sy CISSE &#8211; LESOLEIL <\/p>\n\n\n\n<p><\/p>\n","protected":false},"excerpt":{"rendered":"<p>La 1\u00e8re r\u00e9union du comit\u00e9 de pilotage du programme de protection, de retour et de r\u00e9int\u00e9gration des migrants en Afrique<\/p>\n","protected":false},"author":1,"featured_media":29683,"comment_status":"open","ping_status":"open","sticky":false,"template":"","format":"standard","meta":{"footnotes":""},"categories":[21],"tags":[],"class_list":["post-29795","post","type-post","status-publish","format-standard","has-post-thumbnail","hentry","category-societe"],"_links":{"self":[{"href":"https:\/\/dekkbi.com\/index.php?rest_route=\/wp\/v2\/posts\/29795","targetHints":{"allow":["GET"]}}],"collection":[{"href":"https:\/\/dekkbi.com\/index.php?rest_route=\/wp\/v2\/posts"}],"about":[{"href":"https:\/\/dekkbi.com\/index.php?rest_route=\/wp\/v2\/types\/post"}],"author":[{"embeddable":true,"href":"https:\/\/dekkbi.com\/index.php?rest_route=\/wp\/v2\/users\/1"}],"replies":[{"embeddable":true,"href":"https:\/\/dekkbi.com\/index.php?rest_route=%2Fwp%2Fv2%2Fcomments&post=29795"}],"version-history":[{"count":1,"href":"https:\/\/dekkbi.com\/index.php?rest_route=\/wp\/v2\/posts\/29795\/revisions"}],"predecessor-version":[{"id":29796,"href":"https:\/\/dekkbi.com\/index.php?rest_route=\/wp\/v2\/posts\/29795\/revisions\/29796"}],"wp:featuredmedia":[{"embeddable":true,"href":"https:\/\/dekkbi.com\/index.php?rest_route=\/wp\/v2\/media\/29683"}],"wp:attachment":[{"href":"https:\/\/dekkbi.com\/index.php?rest_route=%2Fwp%2Fv2%2Fmedia&parent=29795"}],"wp:term":[{"taxonomy":"category","embeddable":true,"href":"https:\/\/dekkbi.com\/index.php?rest_route=%2Fwp%2Fv2%2Fcategories&post=29795"},{"taxonomy":"post_tag","embeddable":true,"href":"https:\/\/dekkbi.com\/index.php?rest_route=%2Fwp%2Fv2%2Ftags&post=29795"}],"curies":[{"name":"wp","href":"https:\/\/api.w.org\/{rel}","templated":true}]}}