{"id":2978,"date":"2022-11-09T11:05:53","date_gmt":"2022-11-09T11:05:53","guid":{"rendered":"https:\/\/dekkbi.com\/?p=2978"},"modified":"2022-11-09T11:05:54","modified_gmt":"2022-11-09T11:05:54","slug":"le-nouveau-patron-du-prodac-prend-le-pouls-du-dac-de-sefa","status":"publish","type":"post","link":"https:\/\/dekkbi.com\/?p=2978","title":{"rendered":"Le nouveau patron du Prodac prend le pouls du Dac de S\u00e9fa"},"content":{"rendered":"\n<p>Ce mardi, le tout nous patron du Programme des Domaines agricoles communautaires) Prodac s\u2019est rendu au Domaine agricole communautaire de S\u00e9fa, dans le sud du pays. Ce, pour prendre contact avec les acteurs, les \u00e9couter et poser les yeux sur leurs activit\u00e9s.<\/p>\n\n\n\n<p>\u00abJe suis tr\u00e8s heureux de venir ici aujourd&rsquo;hui entour\u00e9 du top management, entour\u00e9 de responsables motiv\u00e9s qui travaillent au DAC de Sefa\u00bb, a indiqu\u00e9, d\u2019entr\u00e9e Djimo Souar\u00e9, nomm\u00e9 il y a quelque jours \u00e0 la t\u00eate du Prodac.<br><br>L\u2019objet de sa visite dans le domaine agricole, c\u2019est de prendre contact avec les acteurs. Mais aussi, \u00e9changer avec eux sur les probl\u00e9matiques du Dac de S\u00e9fa. \u00abNous y sommes pour les \u00e9couter afin de conna\u00eetre les difficult\u00e9s rencontr\u00e9es dans le cadre du DAC de S\u00e9fa afin d&rsquo;y apporter les solutions et renforcer les acquis\u00bb, dit-il.<br><br>Le successeur de Pape Malick Ndour d\u00e9clarera que la &nbsp;visite lui a permis de voir l&rsquo;engagement de ses collaborateurs et tous les efforts qu&rsquo;ils fournissent pour atteindre les objectifs vis\u00e9s dans ce programme.<br><br>\u00abJe tiens \u00e0 les f\u00e9liciter tous, particuli\u00e8rement le Directeur du Dac qui a abattu un travail extraordinaire. Je tiens aussi \u00e0 les rassurer que je suis d\u00e9termin\u00e9 \u00e0 les accompagner pour faire du programme un mod\u00e8le de r\u00e9ussite. Nous devons aller vers un mod\u00e8le de DAC abouti. C&rsquo;est mon objectif pour celui de Sefa ainsi que pour tous les autres domaines\u00bb, dit-il.<br><br>Quant aux difficult\u00e9s qui ont \u00e9t\u00e9 recens\u00e9es, il souligne : \u00abDes difficult\u00e9s sont not\u00e9es car, certes il y&rsquo;a des infrastructures, mais il faut poursuivre les am\u00e9nagements.\u00bb Il annonce que lui et son \u00e9quipe prendront de nouvelles orientations pour prendre en compte les pr\u00e9occupations des travailleurs afin d&rsquo;atteindre les objectifs fix\u00e9s.<\/p>\n","protected":false},"excerpt":{"rendered":"<p>Ce mardi, le tout nous patron du Programme des Domaines agricoles communautaires) Prodac s\u2019est rendu au Domaine agricole communautaire de<\/p>\n","protected":false},"author":1,"featured_media":2979,"comment_status":"open","ping_status":"open","sticky":false,"template":"","format":"standard","meta":{"footnotes":""},"categories":[21],"tags":[],"class_list":["post-2978","post","type-post","status-publish","format-standard","has-post-thumbnail","hentry","category-societe"],"_links":{"self":[{"href":"https:\/\/dekkbi.com\/index.php?rest_route=\/wp\/v2\/posts\/2978","targetHints":{"allow":["GET"]}}],"collection":[{"href":"https:\/\/dekkbi.com\/index.php?rest_route=\/wp\/v2\/posts"}],"about":[{"href":"https:\/\/dekkbi.com\/index.php?rest_route=\/wp\/v2\/types\/post"}],"author":[{"embeddable":true,"href":"https:\/\/dekkbi.com\/index.php?rest_route=\/wp\/v2\/users\/1"}],"replies":[{"embeddable":true,"href":"https:\/\/dekkbi.com\/index.php?rest_route=%2Fwp%2Fv2%2Fcomments&post=2978"}],"version-history":[{"count":1,"href":"https:\/\/dekkbi.com\/index.php?rest_route=\/wp\/v2\/posts\/2978\/revisions"}],"predecessor-version":[{"id":2980,"href":"https:\/\/dekkbi.com\/index.php?rest_route=\/wp\/v2\/posts\/2978\/revisions\/2980"}],"wp:featuredmedia":[{"embeddable":true,"href":"https:\/\/dekkbi.com\/index.php?rest_route=\/wp\/v2\/media\/2979"}],"wp:attachment":[{"href":"https:\/\/dekkbi.com\/index.php?rest_route=%2Fwp%2Fv2%2Fmedia&parent=2978"}],"wp:term":[{"taxonomy":"category","embeddable":true,"href":"https:\/\/dekkbi.com\/index.php?rest_route=%2Fwp%2Fv2%2Fcategories&post=2978"},{"taxonomy":"post_tag","embeddable":true,"href":"https:\/\/dekkbi.com\/index.php?rest_route=%2Fwp%2Fv2%2Ftags&post=2978"}],"curies":[{"name":"wp","href":"https:\/\/api.w.org\/{rel}","templated":true}]}}