{"id":29742,"date":"2024-01-19T12:07:33","date_gmt":"2024-01-19T12:07:33","guid":{"rendered":"https:\/\/dekkbi.com\/?p=29742"},"modified":"2024-01-19T12:37:43","modified_gmt":"2024-01-19T12:37:43","slug":"lile-menacee-de-disparition-saint-louis-sengouffre-dans-une-mauvaise-breche","status":"publish","type":"post","link":"https:\/\/dekkbi.com\/?p=29742","title":{"rendered":"Menac\u00e9e: Saint-Louis s\u2019engouffre dans une mauvaise br\u00e8che"},"content":{"rendered":"\n<p><strong>L\u2019\u00e9largissement de la br\u00e8che augmente le risque de disparition de l\u2019\u00eele de Saint-Louis d\u00e9j\u00e0 menac\u00e9e par l\u2019avanc\u00e9e de la mer.<\/strong><\/p>\n\n\n\n<p><strong>Par Alioune Badara CISS \u2013&nbsp;<\/strong>L\u2019\u00eele de Saint-Louis est menac\u00e9e par l\u2019avanc\u00e9e de la mer, notamment par la br\u00e8che. Si rien n\u2019est fait, elle va tout simplement dispara\u00eetre. Pour \u00e9viter que cette \u00eele historique soit ray\u00e9e de la carte du S\u00e9n\u00e9gal, l\u2019Agence de d\u00e9veloppement municipal (Adm) est en train de mener une \u00e9tude depuis maintenant 4 ans avec des cabinets pour mieux comprendre ce ph\u00e9nom\u00e8ne. A la suite de cette \u00e9tude, il sera \u00e9dict\u00e9 un certain nombre de mesures. Elles permettront \u00e0 la fois de prot\u00e9ger Saint-Louis de la situation, de prot\u00e9ger aussi l\u2019Ile aux oiseaux, ainsi que tous les villages qui sont impact\u00e9s par l\u2019avanc\u00e9e de la mer. Pierre Coly, directeur de l\u2019Appui institutionnel \u00e0 l\u2019Agence de d\u00e9veloppement municipal, confirme la situation catastrophique de Saint-Louis. \u00abOn sait que si rien n\u2019est fait, Saint-Louis risque la submersion d\u2019ici quelques ann\u00e9es, selon les \u00e9tudes qui ont \u00e9t\u00e9 faites. Actuellement nous sommes dans une phase o\u00f9 nous allons bient\u00f4t boucler ces \u00e9tudes et les soumettre \u00e0 l\u2019appr\u00e9ciation du gouvernement pour que des mesures soient prises dans ce sens\u00bb, relate M. Coly.<\/p>\n\n\n\n<p>C\u2019est ainsi que l\u2019Agence de d\u00e9veloppement municipal (Adm) a ouvert depuis hier \u00e0 Saly, une rencontre avec les acteurs sur la gestion des risques et catastrophes, adaptation et r\u00e9silience au changement climatique : impacts de l\u2019\u00e9rosion c\u00f4ti\u00e8re et des effets de la br\u00e8che \u00e0 Saint-Louis. Ces rencontres entrent dans le cadre du Projet de rel\u00e8vement d\u2019urgence et de r\u00e9silience \u00e0 Saint-Louis (Serrp). Au cours de cette rencontre, les capacit\u00e9s de tous les acteurs seront renforc\u00e9es pour les amener \u00e0 d\u00e9velopper toutes les strat\u00e9gies et actions n\u00e9cessaires \u00e0 la r\u00e9silience des populations qui seront impact\u00e9es par ce ph\u00e9nom\u00e8ne.<\/p>\n\n\n\n<p>Par ailleurs, le directeur de l\u2019Appui institutionnel \u00e0 l\u2019Adm a \u00e9galement soulign\u00e9 que les populations impact\u00e9es par l\u2019avanc\u00e9e de la mer seront d\u00e9plac\u00e9es sur le site de relogement de Diogop. \u00abNormalement d\u2019ici deux semaines, la premi\u00e8re vague sera d\u00e9plac\u00e9e, et au fur et \u00e0 mesure les b\u00e2timents seront pr\u00eats. En tout, ce sont 15 mille personnes qui seront d\u00e9plac\u00e9es sur le site de relogement d\u00e9finitif avec les logements qui vont \u00eatre r\u00e9alis\u00e9s. Dans une premi\u00e8re vague, il y aura 200 \u00e0 300 logements qui seront disponibles pour accueillir des familles, et au fur et \u00e0 mesure que l\u2019avancement va se faire, nous irons \u00e0 un d\u00e9placement beaucoup plus cons\u00e9quent. Il est pr\u00e9vu de r\u00e9aliser 500 logements d\u2019ici la fin du projet\u00bb, pr\u00e9cise Pierre Coly.<\/p>\n\n\n\n<p>En plus du d\u00e9placement des populations impact\u00e9es, un cadre de vie agr\u00e9able sera cr\u00e9\u00e9 avec un accompagnement \u00e0 travers des activit\u00e9s g\u00e9n\u00e9ratrices de revenus, des projets sociaux \u00e9conomiques seront aussi r\u00e9alis\u00e9s sur place. \u00abD\u00e9j\u00e0, nous avons mis en place des unit\u00e9s de couture, de coiffure, de micro jardinage, et nous avons m\u00eame remis aux personnes d\u00e9plac\u00e9es des camions frigorifiques et utilitaires pour leur permettre de poursuivre leurs activit\u00e9s de p\u00eache. Il est aussi pr\u00e9vu de mettre en place des activit\u00e9s telles que la pisciculture et un certain nombre de services qui leur permettront de subvenir \u00e0 leurs besoins\u00bb, ajoute-t-il.<\/p>\n\n\n\n<p>L\u2019adjoint au maire de Saint-Louis, Latyr Fall, repr\u00e9sentant le maire de Saint-Louis \u00e0 cette rencontre, a d\u00e9taill\u00e9 l\u2019impact de cette br\u00e8che sur la vie des populations. \u00abNotre commune est la ville la plus menac\u00e9e du S\u00e9n\u00e9gal. Nous cohabitons avec cette br\u00e8che qui, entre 2003, 2004 et 2005, a atteint des proportions extraordinaires. Plus de 500 personnes y sont mortes. Au moment o\u00f9 nous parlons, nos vaillants p\u00eacheurs ne peuvent pas aller en mer s\u2019il y a la houle. D\u00e9j\u00e0 en 1980, on disait que si rien n\u2019est fait, Saint-Louis allait dispara\u00eetre, on croyait que c\u2019\u00e9tait des histoires. Mais ce que nous avons v\u00e9cu entre 2013 et 2014 avec la destruction de beaucoup de maisons plus les pertes en vie humaines, Saint-Louis est bien impact\u00e9e par le ph\u00e9nom\u00e8ne du changement climatique\u00bb, rel\u00e8ve Latyr Fall.<\/p>\n\n\n\n<p>Ainsi, avec le programme de protection c\u00f4ti\u00e8re, la langue de Barbarie est bien ceintur\u00e9e, de Gokhou Mbathie \u00e0 Guet-Ndar. \u00abLe probl\u00e8me d\u2019\u00e9rosion se d\u00e9place du nord vers le sud, Gokhou Mbathie, Santhiaba, Guet-Ndar, il y a plus de probl\u00e8mes, mais si rien n\u2019est fait, \u00e0 Hydrobase et Gandiol, demain on pourra avoir les m\u00eames probl\u00e8mes. Ce qui est en train d\u2019\u00eatre r\u00e9alis\u00e9 sur le terrain est une r\u00e9volution. Avec la digue de protection, nous autres de la langue de Barbarie, m\u00eame s\u2019il y a la houle, il n\u2019y a plus ce ph\u00e9nom\u00e8ne qu\u2019on vivait. C\u2019est pourquoi nous remercions l\u2019Etat du S\u00e9n\u00e9gal et le maire de Saint-Louis\u00bb, se r\u00e9jouit l\u2019adjoint au maire de Saint-Louis.<\/p>\n\n\n\n<p>D\u2019un financement \u00e0 hauteur de 49, 5 milliards de F Cfa, le gouvernement du S\u00e9n\u00e9gal, avec le concours technique et financier de la Banque mondiale, a lanc\u00e9 le Projet de rel\u00e8vement d\u2019urgence et de r\u00e9silience \u00e0 Saint-Louis (Serrp), entr\u00e9 en vigueur le 21 septembre 2018, pour une dur\u00e9e de 7 ans. L\u2019Agence de d\u00e9veloppement municipal (Adm) assure la coordination de la mise en \u0153uvre de ce projet.<\/p>\n\n\n\n<p><br><strong>abciss@lequotidien.sn<\/strong><\/p>\n","protected":false},"excerpt":{"rendered":"<p>L\u2019\u00e9largissement de la br\u00e8che augmente le risque de disparition de l\u2019\u00eele de Saint-Louis d\u00e9j\u00e0 menac\u00e9e par l\u2019avanc\u00e9e de la mer.<\/p>\n","protected":false},"author":1,"featured_media":29743,"comment_status":"open","ping_status":"open","sticky":false,"template":"","format":"standard","meta":{"footnotes":""},"categories":[26],"tags":[],"class_list":["post-29742","post","type-post","status-publish","format-standard","has-post-thumbnail","hentry","category-fait-divers"],"_links":{"self":[{"href":"https:\/\/dekkbi.com\/index.php?rest_route=\/wp\/v2\/posts\/29742","targetHints":{"allow":["GET"]}}],"collection":[{"href":"https:\/\/dekkbi.com\/index.php?rest_route=\/wp\/v2\/posts"}],"about":[{"href":"https:\/\/dekkbi.com\/index.php?rest_route=\/wp\/v2\/types\/post"}],"author":[{"embeddable":true,"href":"https:\/\/dekkbi.com\/index.php?rest_route=\/wp\/v2\/users\/1"}],"replies":[{"embeddable":true,"href":"https:\/\/dekkbi.com\/index.php?rest_route=%2Fwp%2Fv2%2Fcomments&post=29742"}],"version-history":[{"count":3,"href":"https:\/\/dekkbi.com\/index.php?rest_route=\/wp\/v2\/posts\/29742\/revisions"}],"predecessor-version":[{"id":29746,"href":"https:\/\/dekkbi.com\/index.php?rest_route=\/wp\/v2\/posts\/29742\/revisions\/29746"}],"wp:featuredmedia":[{"embeddable":true,"href":"https:\/\/dekkbi.com\/index.php?rest_route=\/wp\/v2\/media\/29743"}],"wp:attachment":[{"href":"https:\/\/dekkbi.com\/index.php?rest_route=%2Fwp%2Fv2%2Fmedia&parent=29742"}],"wp:term":[{"taxonomy":"category","embeddable":true,"href":"https:\/\/dekkbi.com\/index.php?rest_route=%2Fwp%2Fv2%2Fcategories&post=29742"},{"taxonomy":"post_tag","embeddable":true,"href":"https:\/\/dekkbi.com\/index.php?rest_route=%2Fwp%2Fv2%2Ftags&post=29742"}],"curies":[{"name":"wp","href":"https:\/\/api.w.org\/{rel}","templated":true}]}}