{"id":29721,"date":"2024-01-19T10:06:46","date_gmt":"2024-01-19T10:06:46","guid":{"rendered":"https:\/\/dekkbi.com\/?p=29721"},"modified":"2024-01-19T10:07:13","modified_gmt":"2024-01-19T10:07:13","slug":"annette-seck-ndiaye-ministre-charge-des-senegalais-de-lexterieur-nos-compatriotes-beneficient-de-mesures-privilegiees-a-letranger","status":"publish","type":"post","link":"https:\/\/dekkbi.com\/?p=29721","title":{"rendered":"Annette Seck Ndiaye, Ministre charg\u00e9 des S\u00e9n\u00e9galais de l\u2019Ext\u00e9rieur,\u00a0 \u00ab Nos compatriotes b\u00e9n\u00e9ficient de mesures privil\u00e9gi\u00e9es \u00e0 l\u2019\u00e9tranger \u00bb"},"content":{"rendered":"\n<p><strong>L\u2019\u00c9tat ne compte pas l\u00e9siner sur les moyens pour faciliter la mobilit\u00e9 des S\u00e9n\u00e9galais dans le monde, offrir de meilleures perspectives aux jeunes, mais aussi mieux encadrer la migration. C\u2019est la conviction exprim\u00e9e, dans cette interview accord\u00e9e au journal \u00ab Le Soleil \u00bb, par le Ministre aupr\u00e8s du Ministre des Affaires \u00e9trang\u00e8res, charg\u00e9 des S\u00e9n\u00e9galais de l\u2019Ext\u00e9rieur, Annette Seck Ndiaye.&nbsp;<\/strong><\/p>\n\n\n\n<p><strong>Les ph\u00e9nom\u00e8nes migratoires prennent de l\u2019ampleur dans notre pays et pr\u00e9occupent les populations. Qu\u2019est-ce qui explique, selon vous, cette situation ?&nbsp;<\/strong><\/p>\n\n\n\n<p>Il faut reconna\u00eetre que l\u2019ann\u00e9e 2023 a \u00e9t\u00e9 marqu\u00e9e, pour le S\u00e9n\u00e9gal, par un ph\u00e9nom\u00e8ne migratoire avec notamment la migration irr\u00e9guli\u00e8re. Le S\u00e9n\u00e9gal est un pays \u00e0 forte mobilit\u00e9. Il est, \u00e0 la fois, une terre d\u2019accueil, de d\u00e9part et de transit. Mais, cette ann\u00e9e, nous avons enregistr\u00e9 une forte vague passant par la voie maritime, avec des embarcations de fortune. Les trafiquants font croire aux personnes transport\u00e9es qu\u2019elles peuvent atteindre leur destination au bout de trois \u00e0 quatre jours ; ce qui ne cadre pas avec la r\u00e9alit\u00e9. La travers\u00e9e n\u2019est pas facile avec une embarcation en bois pouvant contenir au moins 100 personnes. Nous avons, cette ann\u00e9e, de nouveaux profils. Nous avons constat\u00e9, sur le terrain, la pr\u00e9sence d\u2019un nombre important de femmes, de mineurs et des enfants de 12-13 ans.<\/p>\n\n\n\n<p><strong>Des chiffres effarants sont avanc\u00e9s avec l\u2019\u00e9migration clandestine. Quelle en est votre lecture ?&nbsp;<\/strong><\/p>\n\n\n\n<p>Il est assez difficile d\u2019avancer des chiffres exacts. Certaines donn\u00e9es fournies par des Organisations non gouvernementales (Ong) et la presse ne sont pas bas\u00e9es sur des donn\u00e9es factuelles. Soit elles s\u2019appuient sur le nombre de rescap\u00e9s qui ont su contourner des zones de surveillance, soit sur le nombre de personnes qui ont pu embarquer \u00e0 bord de ces pirogues. Mais, toujours est-il que ce sont des chiffres approximatifs. Au Minist\u00e8re des Affaires \u00e9trang\u00e8res, les informations dont nous disposons portent g\u00e9n\u00e9ralement sur les arriv\u00e9es de pirogues. Mais, ce que nous pouvons dire, c\u2019est que nous avons constat\u00e9 une forte migration en provenance de l\u2019Afrique de l\u2019Ouest. Et dans cette lign\u00e9e, notre pays sert de transit. Si 80 % des occupants de ces pirogues sont des S\u00e9n\u00e9galais, au moins 20 % sont originaires de la sous-r\u00e9gion. Dans le cadre de nos missions, nous les ramenons vu qu\u2019ils viennent tous du S\u00e9n\u00e9gal, m\u00eame s\u2019ils ne sont pas tous des S\u00e9n\u00e9galais. Mais, nous d\u00e9plorons les pertes en vies humaines.<br>Malgr\u00e9 ces d\u00e9c\u00e8s, des travers\u00e9es vers l\u2019Espagne continuent de plus belle.<\/p>\n\n\n\n<p><strong>Quelles sont les strat\u00e9gies d\u00e9velopp\u00e9es par votre D\u00e9partement pour lutter contre ce ph\u00e9nom\u00e8ne ?&nbsp;<\/strong><\/p>\n\n\n\n<p>Il faut dire que l\u2019\u00c9tat n\u2019a eu de cesse de renforcer le dispositif de lutte contre la migration irr\u00e9guli\u00e8re qui existe depuis 2005. Il a mis en place, en 2022, un Comit\u00e9 interminist\u00e9riel de lutte contre l\u2019\u00e9migration clandestine (Cilec) rattach\u00e9 au Minist\u00e8re de l\u2019Int\u00e9rieur. \u00c0 travers cette Strat\u00e9gie nationale de lutte contre l\u2019\u00e9migration irr\u00e9guli\u00e8re, soutenue par des partenaires, ce comit\u00e9 assure la coordination de toutes les parties prenantes en vue d\u2019agir dans la pr\u00e9vention \u00e0 la prise en charge des migrants. Les forces de d\u00e9fense et de s\u00e9curit\u00e9 jouent aussi un r\u00f4le important. Lorsque des pirogues sont arraisonn\u00e9es, par exemple, par la marine marocaine, ils informent notre mission diplomatique \u00e0 travers nos deux Consulats qui se trouvent \u00e0 Casablanca et \u00e0 Dahla. Beaucoup de mouvements de personnes sont enregistr\u00e9s dans cette partie sud du Royaume ch\u00e9rifien. Nous proc\u00e9dons \u00e0 leur identification avant d\u2019assurer leur rapatriement dans les meilleures conditions. Nous avons pu mettre en place, sur l\u2019ensemble du territoire, ce qu\u2019on appelle des Bureaux d\u2019appui, d\u2019orientation et de suivi (Baos) des migrants. Ils nous permettent de recevoir des migrants de retour et de faciliter leur r\u00e9insertion dans le tissu social et \u00e9conomique du pays.<\/p>\n\n\n\n<p><strong>Qu\u2019est-ce qui explique, \u00e0 votre avis, ces d\u00e9parts massifs malgr\u00e9 le dispositif mis en place par l\u2019\u00c9tat ?&nbsp;<\/strong><\/p>\n\n\n\n<p>Je pense que les sociologues sont mieux plac\u00e9s pour nous \u00e9difier sur les causes profondes. Mais, une pression sociale, dans un contexte mondial difficile, peut exacerber cette envie de partir. Le S\u00e9n\u00e9gal a v\u00e9cu la crise sanitaire qui a affect\u00e9 le monde entier et fragilis\u00e9 des \u00e9conomies. La crise en Ukraine a eu \u00e9galement ses impacts sur le rench\u00e9rissement du co\u00fbt de la vie. Des difficult\u00e9s \u00e9conomiques sont not\u00e9es dans les pays de d\u00e9part de ces candidats de m\u00eame que dans les pays d\u2019accueil. Plus aucun Gouvernement, en Europe par exemple, n\u2019accepte cette importante migration. Elle n\u2019est plus en mesure d\u2019absorber cette main-d\u2019\u0153uvre et mise sur une migration cibl\u00e9e et choisie. La Turquie, par exemple, entretient avec le S\u00e9n\u00e9gal de bonnes relations diplomatiques. Mais, depuis l\u2019ann\u00e9e derni\u00e8re, elle a durci sa politique migratoire. Elle s\u2019adresse \u00e0 tous les peuples. Des S\u00e9n\u00e9galais, arriv\u00e9s en Turquie avec un visa \u00e0 court s\u00e9jour, prennent l\u2019option d\u2019y rester pour d\u00e9velopper leur business, mais aujourd\u2019hui, la Turquie n\u2019accepte plus, par exemple, la pr\u00e9sence d\u2019irr\u00e9guliers sur son territoire. J\u2019effectue des d\u00e9placements pour que nos compatriotes puissent b\u00e9n\u00e9ficier d\u2019un traitement particulier. En 2020-2021, gr\u00e2ce \u00e0 l\u2019intervention du Pr\u00e9sident de la R\u00e9publique, 400 titres de s\u00e9jour humanitaires ont \u00e9t\u00e9 accord\u00e9s \u00e0 des S\u00e9n\u00e9galais. C\u2019est un privil\u00e8ge accord\u00e9 au S\u00e9n\u00e9gal gr\u00e2ce \u00e0 la qualit\u00e9 de notre relation de partenariat. Notre souci est que les S\u00e9n\u00e9galais puissent voyager et, par cons\u00e9quent, nous devons travailler \u00e0 ce que l\u2019acc\u00e8s au visa soit facilit\u00e9. La mobilit\u00e9 fait partie des droits de l\u2019homme, mais elle doit \u00eatre organis\u00e9e. De ce fait, nous avons la responsabilit\u00e9 de surveiller nos c\u00f4tes. Elles ne doivent \u00eatre ni des zones de d\u00e9part ni des zones d\u2019accueil de migrants irr\u00e9guliers.<\/p>\n\n\n\n<p><strong>Des S\u00e9n\u00e9galais \u00e9tablis \u00e0 l\u2019\u00e9tranger se plaignent de leurs situations pr\u00e9caires. Certains \u00e9voquent des difficult\u00e9s pour l\u2019obtention de papiers l\u00e9gaux. Qu\u2019est-ce qu\u2019il y a lieu de retenir ?&nbsp;<\/strong><\/p>\n\n\n\n<p>Il faut qu\u2019on se dise aussi la v\u00e9rit\u00e9. Ces pays sont souverains. Maintenant, il faut reconna\u00eetre que le S\u00e9n\u00e9gal fait partie des privil\u00e9gi\u00e9s dans certains pays d\u2019accueil. Il est accord\u00e9 \u00e0 notre pays des avantages que beaucoup n\u2019ont pas. Lors des missions d\u2019identification, nous nous rendons compte que sur 10 personnes, trois sont des S\u00e9n\u00e9galais. C\u2019est parce que nous avons une diplomatie tr\u00e8s respect\u00e9e dans le monde. Nous discutons r\u00e9guli\u00e8rement avec nos homologues, pour que nos compatriotes b\u00e9n\u00e9ficient de mesures privil\u00e9gi\u00e9es, mais surtout pour \u00eatre r\u00e9gularis\u00e9s. Des pays comme l\u2019Espagne \u00e9taient tr\u00e8s tol\u00e9rants en mati\u00e8re de migration. Avec des centres de r\u00e9tention, des migrants pouvaient y s\u00e9journer de fa\u00e7on provisoire. Mais, certains choisissent d\u2019y rester, d\u00e9passant les d\u00e9lais requis et perdent leur \u00e9ligibilit\u00e9 au s\u00e9jour r\u00e9gulier. J\u2019ai vu plusieurs de nos compatriotes dans des conditions indescriptibles dans plusieurs pays. Des maisons d\u2019accueil, comme Keur Serigne Touba, ne peuvent plus tenir, que ce soit en Italie ou en Espagne.<\/p>\n\n\n\n<p><strong>Le Pr\u00e9sident de la R\u00e9publique est au terme de son mandat. Il lui est pr\u00eat\u00e9 un bilan mat\u00e9riel reluisant. En perspective du scrutin de f\u00e9vrier 2024, est-ce que la coalition pr\u00e9sidentielle a des chances d\u2019assurer la continuit\u00e9 ?&nbsp;<\/strong><\/p>\n\n\n\n<p>Je r\u00e9pondrai, bien entendu, par l\u2019affirmative en tant que membre de la mouvance pr\u00e9sidentielle, mais aussi en tant que pr\u00e9sidente du Conseil d\u00e9partemental de S\u00e9dhiou. Je suis fi\u00e8re d\u2019\u00eatre la premi\u00e8re femme \u00e9lue et la premi\u00e8re femme ministre de la r\u00e9gion. Je voudrais saisir l\u2019occasion pour remercier le Chef de l\u2019\u00c9tat, Macky Sall, et lui rendre hommage. Par ailleurs, je dirai que j\u2019ai confiance au candidat de la coalition pr\u00e9sidentielle, Amadou Ba. Il a le profil, l\u2019exp\u00e9rience qu\u2019il faut et les comp\u00e9tences n\u00e9cessaires. Je pense que le S\u00e9n\u00e9gal doit pr\u00e9server et consolider cette stabilit\u00e9 et cette d\u00e9mocratie majeure que beaucoup de pays lui envient. Une grande d\u00e9mocratie suppose une multiplicit\u00e9 des candidatures. J\u2019ose croire qu\u2019au soir du 25 f\u00e9vrier, les S\u00e9n\u00e9galais sauront faire le bon choix. Pour en revenir au bilan du Chef de l\u2019\u00c9tat, dans une de mes contributions, j\u2019avais \u00e9crit : \u00ab Monsieur le Pr\u00e9sident de la R\u00e9publique, la Casamance vous dit merci \u00bb. Je suis bien plac\u00e9e pour appr\u00e9cier ce mandat au niveau r\u00e9gional. Et je dis toujours que c\u2019est par l\u2019entremise du Pr\u00e9sident de la R\u00e9publique que la d\u00e9centralisation a v\u00e9ritablement pris forme dans notre pays. Il a r\u00e9ussi le d\u00e9senclavement des r\u00e9gions gr\u00e2ce \u00e0 des politiques efficaces, notamment avec l\u2019Acte 3 de la D\u00e9centralisation. Il a fait passer des terroirs de l\u2019indigence \u00e0 l\u2019\u00e9mergence. Tout le monde sait que la Casamance \u00e9tait une des zones les plus enclav\u00e9es. Mais, le Chef de l\u2019\u00c9tat a su poser des jalons importants, avec notamment la construction du pont de Farafenni qui ouvre automatiquement cette partie sud du pays. Les populations se sentaient compl\u00e8tement affect\u00e9es par cette enclave historique avec la Gambie. Aujourd\u2019hui, vous quittez Dakar le matin et vous \u00eates en Casamance dans l\u2019apr\u00e8s-midi. Alors que dans le pass\u00e9, vous passiez la nuit en Gambie.<\/p>\n\n\n\n<p><strong>Ces r\u00e9alisations peuvent-elles impacter le d\u00e9veloppement de cette partie sud du pays ?&nbsp;<\/strong><\/p>\n\n\n\n<p>Ce pont de l\u2019ouverture a facilit\u00e9 la travers\u00e9e de l\u2019enclave gambienne. Elle favorise aussi la circulation des personnes et des biens entre le nord et le sud du S\u00e9n\u00e9gal. Le Pr\u00e9sident de la R\u00e9publique a toujours estim\u00e9 qu\u2019on ne peut pas d\u00e9velopper la verte Casamance, le grenier du S\u00e9n\u00e9gal, sans des infrastructures routi\u00e8res. La r\u00e9gion de S\u00e9dhiou est, par exemple, le premier producteur d\u2019anacarde, le deuxi\u00e8me producteur de banane apr\u00e8s la r\u00e9gion de Tambacounda et le troisi\u00e8me producteur de riz pluvial. Donc, je dis, de mani\u00e8re honn\u00eate, que le bilan du Chef de l\u2019\u00c9tat est visible et mesurable. Nous qui habitons dans les terroirs pouvons le certifier. Je suis convaincue que des r\u00e9gions comme S\u00e9dhiou, consid\u00e9r\u00e9es comme les plus pauvres, vont conna\u00eetre un essor \u00e9conomique.<\/p>\n\n\n\n<p><strong>Le Chef de l\u2019\u00c9tat a toujours insist\u00e9 sur la n\u00e9cessit\u00e9 de promouvoir un S\u00e9n\u00e9gal uni et indivisible, mais des discours ethnicistes sont de plus en plus not\u00e9s. Votre avis ?&nbsp;<\/strong><\/p>\n\n\n\n<p>Je puis vous dire que la Casamance est la seule r\u00e9gion o\u00f9 vous pouvez trouver toutes les ethnies du S\u00e9n\u00e9gal. Malgr\u00e9 l\u2019enclavement qui a toujours exist\u00e9, c\u2019est donc la seule r\u00e9gion o\u00f9 les discours ethnicistes n\u2019ont pas leur raison d\u2019\u00eatre. Bien entendu, la Casamance a \u00e9t\u00e9 affect\u00e9e par des conflits arm\u00e9s li\u00e9s \u00e0 des frustrations ou \u00e0 des questions purement sociologiques, mais c\u2019est dommage qu\u2019on cherche \u00e0 utiliser cette r\u00e9gion politiquement pour promouvoir un discours visant une discorde nationale. Les populations n\u2019adh\u00e8rent pas \u00e0 ce discours. Il ne faudrait pas que l\u2019on confonde l\u2019adh\u00e9sion \u00e0 une id\u00e9ologie politique aux convictions des populations. On ne doit pas chercher \u00e0 isoler la Casamance par un discours n\u00e9gatif. Je pense qu\u2019il faut promouvoir un discours d\u2019ouverture, de paix et de coh\u00e9sion sociale. La Casamance est riche de sa diversit\u00e9 culturelle et ethnique. Toutes les langues nationales y sont bien parl\u00e9es. Je suis le fruit de ce m\u00e9tissage culturel, je peux le certifier. J\u2019appartiens \u00e0 la communaut\u00e9 l\u00e9bou avec des parents n\u00e9s en Casamance, mais je consid\u00e8re que je suis S\u00e9n\u00e9galaise. Je souhaite que l\u2019on puisse aller vers les \u00e9lections dans le calme, dans la maturit\u00e9. Quand on regarde la ceinture de feu qui nous entoure, il y a de quoi souhaiter la paix et la s\u00e9r\u00e9nit\u00e9 des esprits.<\/p>\n\n\n\n<p><strong>Propos recueillis par Matel BOCOUM<\/strong><br>LESOLEIL<\/p>\n","protected":false},"excerpt":{"rendered":"<p>L\u2019\u00c9tat ne compte pas l\u00e9siner sur les moyens pour faciliter la mobilit\u00e9 des S\u00e9n\u00e9galais dans le monde, offrir de meilleures<\/p>\n","protected":false},"author":1,"featured_media":29722,"comment_status":"open","ping_status":"open","sticky":false,"template":"","format":"standard","meta":{"footnotes":""},"categories":[6],"tags":[],"class_list":["post-29721","post","type-post","status-publish","format-standard","has-post-thumbnail","hentry","category-politics"],"_links":{"self":[{"href":"https:\/\/dekkbi.com\/index.php?rest_route=\/wp\/v2\/posts\/29721","targetHints":{"allow":["GET"]}}],"collection":[{"href":"https:\/\/dekkbi.com\/index.php?rest_route=\/wp\/v2\/posts"}],"about":[{"href":"https:\/\/dekkbi.com\/index.php?rest_route=\/wp\/v2\/types\/post"}],"author":[{"embeddable":true,"href":"https:\/\/dekkbi.com\/index.php?rest_route=\/wp\/v2\/users\/1"}],"replies":[{"embeddable":true,"href":"https:\/\/dekkbi.com\/index.php?rest_route=%2Fwp%2Fv2%2Fcomments&post=29721"}],"version-history":[{"count":1,"href":"https:\/\/dekkbi.com\/index.php?rest_route=\/wp\/v2\/posts\/29721\/revisions"}],"predecessor-version":[{"id":29723,"href":"https:\/\/dekkbi.com\/index.php?rest_route=\/wp\/v2\/posts\/29721\/revisions\/29723"}],"wp:featuredmedia":[{"embeddable":true,"href":"https:\/\/dekkbi.com\/index.php?rest_route=\/wp\/v2\/media\/29722"}],"wp:attachment":[{"href":"https:\/\/dekkbi.com\/index.php?rest_route=%2Fwp%2Fv2%2Fmedia&parent=29721"}],"wp:term":[{"taxonomy":"category","embeddable":true,"href":"https:\/\/dekkbi.com\/index.php?rest_route=%2Fwp%2Fv2%2Fcategories&post=29721"},{"taxonomy":"post_tag","embeddable":true,"href":"https:\/\/dekkbi.com\/index.php?rest_route=%2Fwp%2Fv2%2Ftags&post=29721"}],"curies":[{"name":"wp","href":"https:\/\/api.w.org\/{rel}","templated":true}]}}