{"id":29596,"date":"2024-01-18T11:11:36","date_gmt":"2024-01-18T11:11:36","guid":{"rendered":"https:\/\/dekkbi.com\/?p=29596"},"modified":"2024-01-18T11:18:50","modified_gmt":"2024-01-18T11:18:50","slug":"la-contribution-de-la-migration-au-developpement-au-menu-dun-atelier-regional","status":"publish","type":"post","link":"https:\/\/dekkbi.com\/?p=29596","title":{"rendered":"La contribution de la migration au d\u00e9veloppement au menu d\u2019un atelier r\u00e9gional"},"content":{"rendered":"\n<p><p style=\"padding: 0px; margin-right: 0px; margin-bottom: 26px; margin-left: 0px; outline: none; list-style: none; border: 0px none; box-sizing: border-box; zoom: 1; line-height: 26px; color: rgb(34, 34, 34); font-family: Roboto; white-space-collapse: collapse; text-align: justify;\">Dakar,\u00a0 (APS) \u2013 Un atelier r\u00e9gional de deux jours s\u2019est ouvert, mercredi, \u00e0 Dakar, \u00e0 l\u2019initiative de la Commission \u00e9conomique des Nations-Unies pour l\u2019Afrique en vue de r\u00e9fl\u00e9chir et d\u2019\u00e9laborer une strat\u00e9gie pour une meilleure gestion de la main-\u0153uvre et des envois de fonds de la diaspora vers les pays africains, a constat\u00e9 l\u2019APS.<\/p><p style=\"padding: 0px; margin: 0px 0px 26px; outline: none; list-style: none; border: 0px none; box-sizing: border-box; zoom: 1; line-height: 26px; color: rgb(34, 34, 34); font-family: Roboto; white-space-collapse: collapse; text-align: justify;\">Cette\u00a0 rencontre organis\u00e9e dans le cadre du soutien de la CEA \u00e0 la mise en \u0153uvre du pacte mondial pour les migrations en Afrique conclut une s\u00e9rie d\u2019ateliers et travaux de recherche men\u00e9s en Afrique du Sud, C\u00f4te d\u2019Ivoire, Mali, Maroc, S\u00e9n\u00e9gal, Zimbabwe entre 2021 et 2023.<\/p><p style=\"padding: 0px; margin: 0px 0px 26px; outline: none; list-style: none; border: 0px none; box-sizing: border-box; zoom: 1; line-height: 26px; color: rgb(34, 34, 34); font-family: Roboto; white-space-collapse: collapse; text-align: justify;\">\u201cNous allons r\u00e9fl\u00e9chir sur comment appuyer les Etats \u00e0 la collecte de donn\u00e9es et aider les membres \u00e0 trouver des m\u00e9canismes par la mise en place d\u2019un cadre qui permettra de connaitre la qualit\u00e9 et la comp\u00e9tence des migrants en 2024 et dans l\u2019avenir\u00a0\u00bb, a d\u00e9clar\u00e9 Khaled Hussein, le chef bureau Afrique du nord de la Commission \u00e9conomique des Nations-Unies pour l\u2019Afrique (CEA).<\/p><p style=\"padding: 0px; margin: 0px 0px 26px; outline: none; list-style: none; border: 0px none; box-sizing: border-box; zoom: 1; line-height: 26px; color: rgb(34, 34, 34); font-family: Roboto; white-space-collapse: collapse; text-align: justify;\">Il s\u2019exprimait \u00e0 l\u2019ouverture de cet atelier en pr\u00e9sence du repr\u00e9sentant du minist\u00e8re des Affaires \u00e9trang\u00e8res et des S\u00e9n\u00e9galais de l\u2019ext\u00e9rieur du S\u00e9n\u00e9gal, des personnalit\u00e9s et repr\u00e9sentants\u00a0 des pays invit\u00e9s ainsi que des membres de la diaspora s\u00e9n\u00e9galaise.<\/p><p style=\"padding: 0px; margin: 0px 0px 26px; outline: none; list-style: none; border: 0px none; box-sizing: border-box; zoom: 1; line-height: 26px; color: rgb(34, 34, 34); font-family: Roboto; white-space-collapse: collapse; text-align: justify;\">Selon Khaled Hussein, 90% des envois de la diaspora africaine sont destin\u00e9s \u00e0 des secteurs socio-\u00e9conomiques des pays africains.<\/p><p style=\"padding: 0px; margin: 0px 0px 26px; outline: none; list-style: none; border: 0px none; box-sizing: border-box; zoom: 1; line-height: 26px; color: rgb(34, 34, 34); font-family: Roboto; white-space-collapse: collapse; text-align: justify;\">\u201cLes envois de fonds vers les pays d\u2019origines sont tr\u00e8s importants dont 90\/% sont destin\u00e9s \u00e0 la sant\u00e9, \u00e0 l\u2019\u00e9ducation et \u00e0 la construction qui sont des leviers tr\u00e8s importants pour les Etas africains\u00a0\u00bb, a-t-il-indiqu\u00e9.<\/p><p style=\"padding: 0px; margin: 0px 0px 26px; outline: none; list-style: none; border: 0px none; box-sizing: border-box; zoom: 1; line-height: 26px; color: rgb(34, 34, 34); font-family: Roboto; white-space-collapse: collapse; text-align: justify;\">D\u2019apr\u00e8s un document de la CEA, l\u2019objectif de l\u2019atelier est de pr\u00e9senter et dicter l\u2019exp\u00e9rience des pays pour assurer une meilleure utilisation de la contribution de la diaspora au d\u00e9veloppement des pays d\u2019origine.<\/p><p style=\"padding: 0px; margin: 0px 0px 26px; outline: none; list-style: none; border: 0px none; box-sizing: border-box; zoom: 1; line-height: 26px; color: rgb(34, 34, 34); font-family: Roboto; white-space-collapse: collapse; text-align: justify;\">La m\u00eame source indique que cette rencontre regroupant 50 participants venus de 6 pays d\u2019Afrique permettra d\u2019identifier les besoins pour mieux comprendre et int\u00e9grer la contribution des migrants au d\u00e9veloppement des pays de d\u00e9parts<\/p><p style=\"padding: 0px; margin: 0px 0px 26px; outline: none; list-style: none; border: 0px none; box-sizing: border-box; zoom: 1; line-height: 26px; color: rgb(34, 34, 34); font-family: Roboto; white-space-collapse: collapse; text-align: justify;\">Elle sera aussi un cadre de partage d\u2019exp\u00e9riences et des meilleures pratiques entre les pays africains afin d\u2019optimiser la contribution des migrants travaillant dans leur pays d\u2019origines pour le d\u00e9veloppement.<\/p><p style=\"padding: 0px; margin: 0px 0px 26px; outline: none; list-style: none; border: 0px none; box-sizing: border-box; zoom: 1; line-height: 26px; color: rgb(34, 34, 34); font-family: Roboto; white-space-collapse: collapse; text-align: justify;\">Les r\u00e9sultats attendus de ces \u00e9changes sont entre autres de contribuer \u00e0 l\u2019am\u00e9lioration de la croissance et de la compr\u00e9hension du r\u00f4le de la contribution des diasporas au d\u00e9veloppement durable ainsi que d\u2019am\u00e9liorer la croissance des actions politiques existants pour optimiser la contribution des diasporas au d\u00e9veloppement.<\/p><span style=\"color: rgb(34, 34, 34); font-family: Roboto; text-align: justify; white-space-collapse: collapse;\">Au terme\u00a0 de ces deux jours de r\u00e9union, les acteurs esp\u00e8rent avoir une meilleure compr\u00e9hension de l\u2019importance de la contribution des migrants au d\u00e9veloppement dans les pays d\u2019origine, un renforcement de la coop\u00e9ration sud-sud ainsi qu\u2019une meilleure collaboration entre l\u2019ensemble des parties qui s\u2019activent dans les questions migratoires en Afrique.<\/span><\/p>\n","protected":false},"excerpt":{"rendered":"<p>Dakar,\u00a0 (APS) \u2013 Un atelier r\u00e9gional de deux jours s\u2019est ouvert, mercredi, \u00e0 Dakar, \u00e0 l\u2019initiative de la Commission \u00e9conomique<\/p>\n","protected":false},"author":1,"featured_media":29597,"comment_status":"open","ping_status":"open","sticky":false,"template":"","format":"standard","meta":{"footnotes":""},"categories":[3],"tags":[],"class_list":["post-29596","post","type-post","status-publish","format-standard","has-post-thumbnail","hentry","category-event-more-news"],"_links":{"self":[{"href":"https:\/\/dekkbi.com\/index.php?rest_route=\/wp\/v2\/posts\/29596","targetHints":{"allow":["GET"]}}],"collection":[{"href":"https:\/\/dekkbi.com\/index.php?rest_route=\/wp\/v2\/posts"}],"about":[{"href":"https:\/\/dekkbi.com\/index.php?rest_route=\/wp\/v2\/types\/post"}],"author":[{"embeddable":true,"href":"https:\/\/dekkbi.com\/index.php?rest_route=\/wp\/v2\/users\/1"}],"replies":[{"embeddable":true,"href":"https:\/\/dekkbi.com\/index.php?rest_route=%2Fwp%2Fv2%2Fcomments&post=29596"}],"version-history":[{"count":2,"href":"https:\/\/dekkbi.com\/index.php?rest_route=\/wp\/v2\/posts\/29596\/revisions"}],"predecessor-version":[{"id":29599,"href":"https:\/\/dekkbi.com\/index.php?rest_route=\/wp\/v2\/posts\/29596\/revisions\/29599"}],"wp:featuredmedia":[{"embeddable":true,"href":"https:\/\/dekkbi.com\/index.php?rest_route=\/wp\/v2\/media\/29597"}],"wp:attachment":[{"href":"https:\/\/dekkbi.com\/index.php?rest_route=%2Fwp%2Fv2%2Fmedia&parent=29596"}],"wp:term":[{"taxonomy":"category","embeddable":true,"href":"https:\/\/dekkbi.com\/index.php?rest_route=%2Fwp%2Fv2%2Fcategories&post=29596"},{"taxonomy":"post_tag","embeddable":true,"href":"https:\/\/dekkbi.com\/index.php?rest_route=%2Fwp%2Fv2%2Ftags&post=29596"}],"curies":[{"name":"wp","href":"https:\/\/api.w.org\/{rel}","templated":true}]}}