{"id":29519,"date":"2024-01-16T09:45:12","date_gmt":"2024-01-16T09:45:12","guid":{"rendered":"https:\/\/dekkbi.com\/?p=29519"},"modified":"2024-01-16T11:35:42","modified_gmt":"2024-01-16T11:35:42","slug":"infrastructures-le-premier-ministre-a-visite-le-chantier-de-la-route-senoba-mpack","status":"publish","type":"post","link":"https:\/\/dekkbi.com\/?p=29519","title":{"rendered":"INFRASTRUCTURES &#8211; Le Premier ministre Amadou BA a visit\u00e9 le chantier de la route S\u00e9noba-Mpack"},"content":{"rendered":"\n<p>S\u00e9dhiou,  (APS) \u2013 Le Premier ministre Amadou Ba a visit\u00e9, lundi, les travaux de r\u00e9habilitation de la route S\u00e9noba-Mpack dans le cadre de la tourn\u00e9e \u00e9conomique qu\u2019il a entam\u00e9 depuis dimanche dans le sud du pays, a constat\u00e9 l\u2019APS.<\/p>\n\n\n\n<p>Le projet de r\u00e9habilitation de la route S\u00e9noba-Ziguinchor-Mpack rev\u00eat un cachet particulier en termes d\u2019\u00e9quit\u00e9 territoriale, d\u2019int\u00e9gration et de d\u00e9senclavement des r\u00e9gions Sud, a-t-il dit.<\/p>\n\n\n\n<p>Selon un document de presse, ce projet comprend 217 km de routes rev\u00eatues et 95 km de pistes de connexion. Il est \u00e9galement pr\u00e9vu de r\u00e9aliser des am\u00e9nagements connexes constitu\u00e9s, entre autres, d\u2019infrastructures socio-\u00e9conomiques notamment des salles de classes, des structures sanitaires, des voiries et un parking gros porteurs sans oublier les appuis aux groupements de femmes et des jeunes pour la valorisation des productions agricoles.<\/p>\n\n\n\n<p>Dans le volet employabilit\u00e9, le projet int\u00e8gre le recrutement de 200 jeunes sur 500 form\u00e9s en pavage, ferraillage, conduite d\u2019engins, topologie, ma\u00e7onnerie et bitumage.<\/p>\n\n\n\n<p>A Bambaly, le Premier ministre a promis que la commune va recevoir ses 200 lampadaires \u00e0 l\u2019instar des autres collectivit\u00e9s territoriales.<\/p>\n\n\n\n<p>&nbsp;\u00bbLe pr\u00e9sident de la R\u00e9publique Macky Sall a mis a la disposition de toutes les communes du S\u00e9n\u00e9gal 200 lampadaires solaires chacune. Pour le cas de la commune de Bambaly, je vais diligenter \u00e7a avec le gouverneur et le ministre des Energies pour permettre \u00e0 la localit\u00e9 d\u2019avoir son lot&nbsp;\u00bb, a-t-il dit devant le maire de la commune.<\/p>\n\n\n\n<p>Le chef du gouvernement a que la collectivit\u00e9 va b\u00e9n\u00e9ficier d\u2019une voirie urbaine dans le cadre de la construction de la boucle du Boudji\u00e9.<\/p>\n\n\n\n<p>A S\u00e9dhiou, les acteurs \u00e9conomiques ont expos\u00e9 au PM leurs pr\u00e9occupations qui tournent autour de l\u2019emploi et de la transformation \u00e9conomique.<br>Le pr\u00e9sident du regroupement des transporteurs a plaid\u00e9 pour le renouvellement du parc automobile.<\/p>\n\n\n\n<p>&nbsp;\u00bbLes transporteurs de S\u00e9dhiou ont besoin dans l\u2019urgence d\u2019un nouveau parc automobile pour rendre le secteur attractif et rentable\u2019\u2019, a dit Modou Fall.<br>Il a invit\u00e9 les autorit\u00e9s \u00e0 doter la r\u00e9gion d\u2019une nouvelle gare routi\u00e8re.<\/p>\n\n\n\n<p>Les acteurs des fili\u00e8res anacardes, mangues ont sollicit\u00e9 un accompagnement en financements, intrants mais surtout en unit\u00e9s de transformation pour booster le potentiel de la r\u00e9gion.<\/p>\n\n\n\n<p>Les productrices de riz ont de leur c\u00f4t\u00e9 demand\u00e9 une dotation en mat\u00e9riels de production.<\/p>\n\n\n\n<p>Amadou Leye Kont\u00e9, pr\u00e9sident du Conseil communal de la jeunesse de S\u00e9dhiou, a plaid\u00e9 pour la formation et l\u2019insertion des jeunes afin de r\u00e9gler en partie le ch\u00f4mage.<\/p>\n\n\n\n<p>Il a sollicit\u00e9 l\u2019ach\u00e8vement des travaux de r\u00e9habilitation des stades municipal et r\u00e9gional de S\u00e9dhiou mais aussi la construction de nouveaux stades d\u00e9partementaux \u00e0 Goudomp et Bounkiling.<\/p>\n\n\n\n<p>Dans ses r\u00e9ponses, le chef du gouvernement a soutenu qu\u2019au regard du potentiel agricole de la r\u00e9gion, il faut n\u00e9cessairement miser sur la transformation pour cr\u00e9er de la valeur ajout\u00e9e afin de r\u00e9gler le probl\u00e8me de l\u2019emploi des jeunes.<\/p>\n\n\n\n<p>Amadou Ba a promis l\u2019\u00c9tat va d\u00e9gager d\u2019importants moyens pour installer des unit\u00e9s de transformation en plus des r\u00e9formes qui seront mises en \u0153uvre pour cr\u00e9er des industries dans la r\u00e9gion.<\/p>\n\n\n\n<p>Le PM dit \u00eatre convaincu que S\u00e9dhiou peut \u00e0 elle seule nourrir une bonne partie du S\u00e9n\u00e9gal, \u00e9voquant les productions importantes dans les fili\u00e8res comme l\u2019anacarde et la mangue.<\/p>\n\n\n\n<p>MS\/OID<\/p>\n","protected":false},"excerpt":{"rendered":"<p>S\u00e9dhiou, (APS) \u2013 Le Premier ministre Amadou Ba a visit\u00e9, lundi, les travaux de r\u00e9habilitation de la route S\u00e9noba-Mpack dans<\/p>\n","protected":false},"author":1,"featured_media":29520,"comment_status":"open","ping_status":"open","sticky":false,"template":"","format":"standard","meta":{"footnotes":""},"categories":[3],"tags":[],"class_list":["post-29519","post","type-post","status-publish","format-standard","has-post-thumbnail","hentry","category-event-more-news"],"_links":{"self":[{"href":"https:\/\/dekkbi.com\/index.php?rest_route=\/wp\/v2\/posts\/29519","targetHints":{"allow":["GET"]}}],"collection":[{"href":"https:\/\/dekkbi.com\/index.php?rest_route=\/wp\/v2\/posts"}],"about":[{"href":"https:\/\/dekkbi.com\/index.php?rest_route=\/wp\/v2\/types\/post"}],"author":[{"embeddable":true,"href":"https:\/\/dekkbi.com\/index.php?rest_route=\/wp\/v2\/users\/1"}],"replies":[{"embeddable":true,"href":"https:\/\/dekkbi.com\/index.php?rest_route=%2Fwp%2Fv2%2Fcomments&post=29519"}],"version-history":[{"count":2,"href":"https:\/\/dekkbi.com\/index.php?rest_route=\/wp\/v2\/posts\/29519\/revisions"}],"predecessor-version":[{"id":29567,"href":"https:\/\/dekkbi.com\/index.php?rest_route=\/wp\/v2\/posts\/29519\/revisions\/29567"}],"wp:featuredmedia":[{"embeddable":true,"href":"https:\/\/dekkbi.com\/index.php?rest_route=\/wp\/v2\/media\/29520"}],"wp:attachment":[{"href":"https:\/\/dekkbi.com\/index.php?rest_route=%2Fwp%2Fv2%2Fmedia&parent=29519"}],"wp:term":[{"taxonomy":"category","embeddable":true,"href":"https:\/\/dekkbi.com\/index.php?rest_route=%2Fwp%2Fv2%2Fcategories&post=29519"},{"taxonomy":"post_tag","embeddable":true,"href":"https:\/\/dekkbi.com\/index.php?rest_route=%2Fwp%2Fv2%2Ftags&post=29519"}],"curies":[{"name":"wp","href":"https:\/\/api.w.org\/{rel}","templated":true}]}}