{"id":2948,"date":"2022-11-09T10:17:36","date_gmt":"2022-11-09T10:17:36","guid":{"rendered":"https:\/\/dekkbi.com\/?p=2948"},"modified":"2022-11-09T10:17:38","modified_gmt":"2022-11-09T10:17:38","slug":"leglise-et-le-mariage-des-pretres-lineluctable-bouleversement","status":"publish","type":"post","link":"https:\/\/dekkbi.com\/?p=2948","title":{"rendered":"L\u2019\u00c9glise et le mariage des pr\u00eatres : l&rsquo;in\u00e9luctable bouleversement ?"},"content":{"rendered":"\n<p>\u00a0par Terriennes Liliane Charrier<\/p>\n\n\n\n<h2 class=\"wp-block-heading\">Une question, r\u00e9guli\u00e8rement, revient \u00e0 l&rsquo;ordre du jour de l&rsquo;Eglise catholique romaine : les pr\u00eatres pourront-ils un jour se marier ? Cette interrogation prend une nouvelle dimension \u00e0 l&rsquo;aune des r\u00e9v\u00e9lations de la Conf\u00e9rence des \u00e9v\u00eaques de France sur les violences sexuelles dans l&rsquo;Eglise.&nbsp;Entretien avec Christine Pedotti, r\u00e9dactrice en chef de la revue&nbsp;<em>T\u00e9moignage chr\u00e9tien.<\/em><\/h2>\n\n\n\n<p><a href=\"https:\/\/www.addthis.com\/bookmark.php?v=300\"><\/a><a href=\"https:\/\/www.addthis.com\/bookmark.php?v=300\"><\/a><a href=\"https:\/\/www.addthis.com\/bookmark.php?v=300\" rel=\"noreferrer noopener\" target=\"_blank\"><\/a><a href=\"https:\/\/www.addthis.com\/bookmark.php?v=300\" rel=\"noreferrer noopener\" target=\"_blank\"><\/a><\/p>\n\n\n\n<p>La Conf\u00e9rence des \u00e9v\u00eaques de France r\u00e9v\u00e8le ce 7 novembre 2022 que\u00a0onze \u00e9v\u00eaques, qui l&rsquo;ont \u00e9t\u00e9 ou le sont encore aujourd&rsquo;hui, sont mis en cause pour des faits de violences sexuelles\u00a0commis, pour certains, il y a plus de trente ans. En 2021, d\u00e9j\u00e0, le\u00a0rapport Sauv\u00e9,\u00a0r\u00e9veillait\u00a0le d\u00e9bat sur le c\u00e9libat des pr\u00eatres\u00a0: s\u2019il n\u2019est pas responsable des violences sexuelles, cet engagement peut avoir contribu\u00e9 au fil des si\u00e8cles \u00e0 donner au pr\u00eatre l\u2019image d\u2019un homme \u00e0 part, favorisant ainsi les abus de pouvoir.<\/p>\n\n\n\n<p>Au-del\u00e0 de ces consid\u00e9rations, certains pr\u00eatres souffrent de\u00a0solitude. Pendant le confinement, vou\u00e9s au c\u00e9libat, avouaient\u00a0un sentiment d&rsquo;abandon exacerb\u00e9 par la solitude lorsqu&rsquo;ils se sont retrouv\u00e9s priv\u00e9s des contacts, r\u00e9unions et visites qui font leur quotidien et sont l&rsquo;essence de\u00a0leur vie :<em>\u00a0\u00ab\u00a0Nous autres pr\u00eatres, nous avons appris \u00e0 piloter les paroisses. Nous avons une certaine ma\u00eetrise des choses\u2026 Et l\u00e0, plus rien. Nous vivons au jour le jour,\u00a0\u00bb\u00a0<\/em>expliquait au quotidien\u00a0<em>La Vie<\/em>\u00a0le p\u00e8re Patrice Gaudin, cur\u00e9 \u00e0 Bondy, en r\u00e9gion parisienne.<br><br>A Douai, le p\u00e8re Jacques, \u00e0 54 ans, victime d&rsquo;un AVC dont il n&rsquo;a r\u00e9cup\u00e9r\u00e9 qu&rsquo;\u00e0 50 %, se confiait \u00e0\u00a0nos\u00a0confr\u00e8res d&rsquo;actu.fr\u00a0pendant le confinement :\u00a0\u00ab\u00a0<em>J\u2019attends patiemment, il n\u2019y a rien d\u2019autre \u00e0 faire ; en lien avec l\u2019Ehpad, dont je regrette la fermeture de la chapelle et l\u2019isolement des confr\u00e8res, en quarantaine, sans visite possible de l\u2019ext\u00e9rieur ni entre eux ! C\u2019est chacun chez soi, z\u00e9ro contact, seuls le t\u00e9l\u00e9phone et la visio sont accept\u00e9s, on t\u2019apporte le repas \u00e0 distance !<\/em>\u00a0\u00bb Seul, il\u00a0parlait\u00a0\u00e0 distance \u00e0 ses parents, recevait\u00a0aussi la visite de son infirmier et\u00a0de son kin\u00e9sith\u00e9rapeute, mais le quotidien\u00a0n&rsquo;\u00e9tait\u00a0pas facile pour lui, qui\u00a0a encore besoin d&rsquo;aide.<\/p>\n\n\n\n<p><img loading=\"lazy\" decoding=\"async\" src=\"https:\/\/information.tv5monde.com\/sites\/info.tv5monde.com\/files\/styles\/large\/public\/assets\/images\/AP_19275551604470.jpg?itok=ZmN6ThNj\" width=\"770\" height=\"513\" alt=\"&amp;lt;p&amp;gt;Antelmo Pereira dit la pri\u00e8re \u00e0&nbsp;Tikuna, un village indig\u00e8ne isol\u00e9 au Br\u00e9sil, le 22 septembre&nbsp;2019. A 61 ans, il se pr\u00e9pare \u00e0 devenir diacre.&nbsp; S&amp;#039;il peut faire le cat\u00e9chisme et conduire les pri\u00e8res, il ne peut pas dire la messe catholique&nbsp;ni entendre la confession puisqu&amp;#039;il est mari\u00e9&nbsp;et p\u00e8re de neuf enfants.&amp;lt;\/p&amp;gt;\n\"><\/p>\n\n\n\n<p>Antelmo Pereira dit la pri\u00e8re \u00e0&nbsp;Tikuna, un village indig\u00e8ne isol\u00e9 au Br\u00e9sil, le 22 septembre&nbsp;2019. A 61 ans, il se pr\u00e9pare \u00e0 devenir diacre.&nbsp; S&rsquo;il peut faire le cat\u00e9chisme et conduire les pri\u00e8res, il ne peut pas dire la messe catholique&nbsp;ni entendre la confession puisqu&rsquo;il est mari\u00e9&nbsp;et p\u00e8re de neuf enfants.<\/p>\n\n\n\n<p>@AP Photo\/Fernando Vergara<\/p>\n\n\n\n<p><br>Premier pas vers la lev\u00e9e de l&rsquo;obligation de c\u00e9libat pour les pr\u00eatres, c&rsquo;est une proposition audacieuse que les \u00e9v\u00eaques du\u00a0synode sur l\u2019Amazonie\u00a0faisaient au pape en 2019 :\u00a0<em>\u00ab\u00a0Ordonner pr\u00eatres\u00a0des hommes mari\u00e9s idoines et reconnus par la communaut\u00e9, qui ont un diaconat permanent f\u00e9cond et re\u00e7oivent une formation ad\u00e9quate au\u00a0presbyt\u00e9rat, pouvant avoir une famille l\u00e9galement constitu\u00e9e et stable\u00a0\u00bb.\u00a0<\/em><br><br>Quelques semaines plus tard,\u00a0le pape Fran\u00e7ois tranchait\u00a0: dans son\u00a0plaidoyer,\u00a0il ne reprenait\u00a0aucune des propositions formul\u00e9es par l&rsquo;assembl\u00e9e des \u00e9v\u00eaques des neuf pays d&rsquo;Amazonie. Ni\u00a0 le d\u00e9bat sur les\u00a0femmes diacres, ni l&rsquo;autorisation de devenir pr\u00eatres pour\u00a0des hommes pieux ayant une vie maritale stable. Le pape de 85 ans n&rsquo;a toujours\u00a0pas modifi\u00e9 sa conviction profonde selon laquelle la pr\u00eatrise doit \u00eatre un appel de Dieu, un \u00ab\u00a0don\u00a0\u00bb exclusif.<br><br>Et pourtant, les fid\u00e8les,\u00a0nombreux \u00e0 d\u00e9fendre le mariage des pr\u00eatres catholiques, ne manquent pas d&rsquo;arguements concrets, comme l&rsquo;explique Christine Pedotti,\u00a0directrice de la r\u00e9daction de la revue\u00a0<em>T\u00e9moignage chr\u00e9tien<\/em><\/p>\n\n\n\n<h2 class=\"wp-block-heading\">Entretien avec Christine Pedotti<\/h2>\n\n\n\n<p><img loading=\"lazy\" decoding=\"async\" src=\"https:\/\/information.tv5monde.com\/sites\/info.tv5monde.com\/files\/styles\/medium_article\/public\/assets\/images\/Christine_Pedotti_1.jpg?itok=0SOXO1Np\" width=\"300\" height=\"407\" alt=\"Christine Pedotti\"><\/p>\n\n\n\n<p>Christine Pedotti<\/p>\n\n\n\n<p><strong>Terriennes : J\u00e9sus \u00e9tait entour\u00e9 de femmes, certains ap\u00f4tres \u00e9taient mari\u00e9s, les premiers pr\u00eatres l&rsquo;\u00e9taient aussi&#8230; Que s\u2019est-il pass\u00e9 ?<\/strong><br><br>Christine Pedotti : S&rsquo;il y a beaucoup de femmes autour de J\u00e9sus, c\u2019est une anomalie au regard des m\u0153urs de l\u2019\u00e9poque. Puis peu \u00e0 peu, l\u2019Eglise s\u2019est h\u00e9las rendue aux normes de l\u2019\u00e9poque. Le Christ, lui, n\u2019a jamais pr\u00f4n\u00e9 la chastet\u00e9. Mais \u00e0&nbsp;travers les textes qui ont pr\u00e9c\u00e9d\u00e9&nbsp;l\u2019interdiction du mariage des pr\u00eatres (qui remonte \u00e0 mille ans \u00ab\u00a0seulement \u00ab\u00a0, ndlr), on d\u00e9c\u00e8le d\u00e9j\u00e0 une vision p\u00e9jorative des femmes. Reste que la premi\u00e8re raison du c\u00e9libat des pr\u00eatres, c\u2019est que les hommes mari\u00e9s ont des enfants et qu\u2019il ne faut pas que les biens de l\u2019Eglise deviennent h\u00e9r\u00e9ditaires et se dispersent.<br><br><strong>Dans d&rsquo;autres religions chr\u00e9tiennes, pourtant, les repr\u00e9sentants du culte peuvent se marier ?<\/strong><br><br>Depuis Luther, les pasteurs ont toujours eu le droit de se marier. Luther lui-m\u00eame fut le premier. Les protestants n\u2019ont pas la m\u00eame vision de leur&nbsp;pasteur. C\u2019est un chef de communaut\u00e9 qui n\u2019a pas la dimension sacr\u00e9e du pr\u00eatre catholique.&nbsp;<br><br>Mais dans toutes les religions, m\u00eame si ce n\u2019est jamais dit explicitement, la conviction archa\u00efque pr\u00e9vaut qu&rsquo;il ne faut pas se compromettre avec le corps des femmes, qui souille. Les pr\u00eatres orthodoxes, qui sont mari\u00e9s, doivent quitter la maison familiale le samedi soir et aller dormir dans un ermitage ou \u00e0 la sacrisitie au vu et au su de tous pour prouver qu\u2019ils ne consommeront&nbsp;pas les \u0153uvres de chair. Et quand, dans le catholicisme, on a peu \u00e0 peu d\u00e9cid\u00e9 qu\u2019il y aurait une messe chaque jour, il devenait de toute fa\u00e7on difficile d\u2019avoir une \u00e9pouse.&nbsp;<\/p>\n\n\n\n<h3 class=\"wp-block-heading\"><strong>Le mariage des repr\u00e9sentants religieux dans les diff\u00e9rents cultes.<\/strong><\/h3>\n\n\n\n<p><strong>L\u2019islam et le juda\u00efsme autorise&nbsp;le mariage<\/strong>.<\/p>\n\n\n\n<p>Imams et&nbsp; rabbins peuvent non seulement se marier, mais ils en ont le devoir. Il en va de m\u00eame pour les pr\u00eatres&nbsp; hindous qui doivent \u00eatre mari\u00e9s pour pratiquer toutes les c\u00e9r\u00e9monies. Le mariage&nbsp;des brahmanes (caste sacerdotale) est \u00e9galement autoris\u00e9, mais la grande majorit\u00e9 reste c\u00e9libataire et enti\u00e8rement vou\u00e9e au culte.<\/p>\n\n\n\n<p><strong>Les moines bouddhistes font v\u0153u de c\u00e9libat et de chastet\u00e9<\/strong>.<br><br><strong>Dans l\u2019\u00c9glise anglicane,<\/strong>&nbsp;<strong>les pasteurs ont le droit de se marier<\/strong>&nbsp;et ce, depuis le d\u00e9but du protestantisme. D\u2019apr\u00e8s \u00ab\u00a0le sacerdoce universe\u00a0\u00bb, principe important de la R\u00e9forme protestante de Luther, tous les baptis\u00e9s sont \u00e9gaux.&nbsp;Les&nbsp;pasteurs sont des hommes comme les autres ;&nbsp;contrairement aux pr\u00eatres, leur fonction ne rel\u00e8ve pas du sacr\u00e9<strong>.<\/strong><br><br><strong>Dans la religion orthodoxe<\/strong>, un homme d\u00e9j\u00e0 mari\u00e9 peut \u00eatre ordonn\u00e9 pr\u00eatre. Les popes peuvent \u00e9galement \u00eatre mari\u00e9s. Ils ne peuvent ni divorcer, ni se remarier.&nbsp;En revanche, seuls les popes&nbsp;c\u00e9libataires peuvent devenir \u00e9v\u00eaques<strong>.<\/strong><\/p>\n\n\n\n<p><strong>Pourquoi les choses ont-elles tant de mal \u00e0 bouger pas dans l&rsquo;Eglise catholique ?<\/strong><br><br>Le masculinisme du clerg\u00e9 catholique reste tr\u00e8s fort. A cela s&rsquo;ajoute une puissante dimension sacr\u00e9e du pr\u00eatre, sous pr\u00e9texte qu'\u00a0\u00bbil serait plus difficile de se confesser \u00e0 un homme mari\u00e9, qui n&rsquo;a pas la dimension sacr\u00e9e.\u00a0\u00bb C&rsquo;est&nbsp;cela qui permet au pape \u00e9m\u00e9rite&nbsp;Beno\u00eet XVI&nbsp;de d\u00e9clarer que le rapport au sacr\u00e9 suppose qu\u2019on ne touche pas les femmes.&nbsp;<br><br><strong>Le pape Fran\u00e7ois peut-il lever l&rsquo;interdiction du c\u00e9libat des pr\u00eatres ?<\/strong><br><br>Il aurait pu actionner un levier qui lui ressemble : changer les choses dans un endroit qui nous semble tr\u00e8s tr\u00e8s exotique, en l&rsquo;occurence l\u2019Amazonie, o\u00f9 les conditions sont, de fait, tr\u00e8s particuli\u00e8res, en affirmant qu&rsquo;elles n\u00e9cessitent des mesures particuli\u00e8res. Or ce monde, aussi \u00e9loign\u00e9 semble-t-il, ressemble \u00e9trangement au n\u00f4tre : un monde dans lequel le c\u00e9libat des pr\u00eatres est de moins en moins compr\u00e9hensible, un monde o\u00f9 la place des femmes est tr\u00e8s importante.<\/p>\n\n\n\n<p>J\u2019en veux pour preuve que les \u00e9v\u00eaques allemands, r\u00e9cemment r\u00e9unis en synode, ont inscrit l\u2019hypoth\u00e8se du mariage des pr\u00eatres dans leur programme. Je crois que les choses peuvent aller tr\u00e8s vite. C\u2019est pour cela, d\u2019ailleurs, que les conservateurs ont r\u00e9agi de fa\u00e7on si&nbsp;v\u00e9h\u00e9mente. Ils ne se seraient pas affol\u00e9s&nbsp;ainsi pour une poign\u00e9e d\u2019Amazoniens fin 2019 s&rsquo;ils n&rsquo;avaient&nbsp;pas senti&nbsp;la menace d\u2019un effet cliquet.<\/p>\n\n\n\n<p><img loading=\"lazy\" decoding=\"async\" src=\"https:\/\/information.tv5monde.com\/sites\/info.tv5monde.com\/files\/styles\/large\/public\/assets\/images\/Capture_31.JPG?itok=CRKW0X_A\" width=\"734\" height=\"498\" alt=\"&amp;lt;em&amp;gt;Le pr\u00eatre mari\u00e9&amp;lt;\/em&amp;gt;, par Ren\u00e9 Magritte (1958)\"><\/p>\n\n\n\n<p><em>Le pr\u00eatre mari\u00e9<\/em>, par Ren\u00e9 Magritte (1958)<\/p>\n\n\n\n<p><strong>Pourquoi les \u00e9v\u00eaques am\u00e9ricains sont-ils les plus v\u00e9h\u00e9ments sur cette question ?<\/strong><br><br>Les \u00e9v\u00eaques am\u00e9ricains sont particuli\u00e8rement conservateurs, suite aux nominations de Jean-Paul II, puis de Joseph Ratzinger, qui faisaient suite \u00e0 une vague d\u2019\u00e9v\u00eaques pas du tout conservateurs dans les ann\u00e9es 1970 et 1980. Les catholiques am\u00e9ricains, eux, ne sont pas conservateurs, comme on l\u2019a vu lors des mouvements de soutien aux religieuses condamn\u00e9es par le Vatican pour leur progressisme. Les nominations d\u2019\u00e9v\u00eaques comptent parmi les moyens les plus importants du Vatican pour changer la donne. Celles du pape&nbsp;Fran\u00e7ois sont, \u00e0 cet \u00e9gard, tr\u00e8s \u00e9loquentes.<\/p>\n\n\n\n<p><strong>Qu\u2019est-ce que le mariage des pr\u00eatres changera ?<\/strong><br><br>Les pr\u00eatres mari\u00e9s auront des femmes, des filles de 15 ans rebelles, des belles-filles, leurs enfants auront des ma\u00eetresses d&rsquo;\u00e9cole\u2026. Ils \u00e9volueront dans un syst\u00e8me paritaire. Le changement, tout le monde le sait, sera consid\u00e9rable.&nbsp;Tout est diff\u00e9rent quand on a une femme, des enfants, une vie au travail, des difficult\u00e9s avec les coll\u00e8gues ou sa hi\u00e9rarchie, le co\u00fbt de la vie\u2026 Les pr\u00eatres c\u00e9libataires sont \u00ab\u00a0hors sol\u00a0\u00bb, \u00e0 moins qu\u2019ils ne s\u2019entourent de couples et de leur famille, mais avec le temps qui passe, ils finissent toujours par rester seuls.<\/p>\n\n\n\n<p><em>Recruter un pr\u00eatre sur le seul crit\u00e8re qu\u2019il reste c\u00e9libataire, c\u2019est recruter un dr\u00f4le de psychisme !<\/em><br><strong>Christine Pedotti<\/strong><\/p>\n\n\n\n<p><strong>Si les pr\u00eatres se marient, leur compr\u00e9hension du monde en sera-t-elle chang\u00e9e ?<\/strong><br><br>Beaucoup de pr\u00eatres de mes amis ont une existence de c\u00e9libataire tr\u00e8s difficile. La vraie solitude, sans enfants, n\u2019avoir le souci que de soi-m\u00eame dans des vies qui, aujourd\u2019hui, sont tr\u00e8s longues&#8230;. Ils perdent leur parents, la vie les \u00e9loignent de leurs fr\u00e8res et soeurs, puis de leurs neveux, ni\u00e8ces, au gr\u00e9 des nominations. La solitude est le principal fardeau du pr\u00eatre condamn\u00e9 au c\u00e9libat. Il y a s\u00fbrement quelques saints qui savent sublimer cette solitude en une disponibilit\u00e9 plus grande. Mais rentrer \u00e0 la maison et y trouver quelqu\u2019un, une \u00e9paule sur laquelle s\u2019appuyer, un secours si l&rsquo;on tombe malade, c\u2019est pr\u00e9cieux.&nbsp;<\/p>\n\n\n\n<p>Laissons-leur le choix ! Si certains ont la vocation du c\u00e9libat, qu\u2019ils restent c\u00e9libataires. Mais recruter un pr\u00eatre sur le seul crit\u00e8re qu\u2019il reste c\u00e9libataire, c\u2019est recruter un dr\u00f4le de psychisme&#8230;<br><br>Avec le mariage, on aura une population plus ordinaire, moins de super h\u00e9ros. Beaucoup de gar\u00e7ons entrent au s\u00e9minaire avec une vision sublime et sacrificielle d\u2019eux-m\u00eames et de leur sacerdoce. Ils pensent \u00e9chapper aux contingences de la vie ordinaire en \u00ab\u00a0donnant tout au seigneur\u00a0\u00bb, devenir des sortes d\u2019anges. Mais dans la vraie vie, ils se retrouvent tout seul \u00e0 manger des raviolis en bo\u00eete dans leur presbyt\u00e8re.<\/p>\n\n\n\n<h3 class=\"wp-block-heading\"><strong>La solitude du pr\u00eatre au fil du temps<\/strong><\/h3>\n\n\n\n<h3 class=\"wp-block-heading\"><em>Le t\u00e9moignage de Bernard Chalmel, ancien pr\u00eatre<\/em><\/h3>\n\n\n\n<p><em>Quand j&rsquo;\u00e9tais jeune s\u00e9minariste, dans ma demande d\u2019ordination, j\u2019ai&nbsp;expliqu\u00e9,&nbsp;port\u00e9 par l&rsquo;enthousiasme, que je savais pouvoir aimer et \u00eatre aim\u00e9, et que cela me&nbsp;suffisait \u00e0&nbsp;choisir ma vocation&nbsp;et \u00e0 renoncer au mariage en toute conscience, et pas par d\u00e9pit. Puis je me suis&nbsp;retrouv\u00e9&nbsp;projet\u00e9 dans une vie r\u00e9elle \u00e0 laquelle je n\u2019\u00e9tais pas pr\u00e9par\u00e9.<br><br>Progressivement, la &nbsp;solitude s\u2019installe, m\u00eame si l\u2019on est entour\u00e9&nbsp;de ses fr\u00e8res et s\u0153urs que l&rsquo;on voit, tour \u00e0 tour, fonder une famille. \u00ab\u00a0Tu n\u2019y connais rien aux enfants\u00a0\u00bb, s\u2019entend-on dire. Quand je rentrais au presbyt\u00e8re, je souffrais de plus en plus de la solitude. Je souffrais de ne pas \u00eatre en couple, mais surtout de ne pas \u00eatre p\u00e8re. Beaucoup de pr\u00eatres le vivent mal, ils \u00a0\u00bb tournent \u00e0 vide\u00a0\u00bb, manquent d\u2019affection, de partage, de soutien, de chaleur humaine.<br><br>Ils sont malheureux de ne pas pouvoir vivre au quotidien l\u2019amour universel qu\u2019ils pr\u00eachent. Ils se dess\u00e8chent, se rigidifient, deviennent insensibles, et certains finissent par compenser dans l\u2019alcool ou par basculer dans des abus d\u2019autorit\u00e9. Moi j\u2019ai commenc\u00e9 par des passades amoureuses, par manque cruel de chaleur humaine. Puis j\u2019ai rencontr\u00e9 Marie-Laurence, qui est devenue ma femme.<\/em><br><br><strong>A lire aussi&nbsp;<a href=\"https:\/\/information.tv5monde.com\/terriennes\/quand-le-mariage-des-pretres-entre-mensonges-et-secrets-temoignages-de-femmes-et-filles\">\u25ba&nbsp;A quand le mariage des pr\u00eatres ? &nbsp;Entre mensonges et secrets, t\u00e9moignages de femmes et filles de&#8230;&nbsp;<\/a><\/strong><\/p>\n\n\n\n<p><br><strong>Y aurait-il moins de p\u00e9docriminalit\u00e9 dans l&rsquo;Eglise si les pr\u00eatres pouvaient se marier&nbsp; ?<\/strong><br><br>La p\u00e9docriminalit\u00e9 n\u2019est pas une sexualit\u00e9 de substitution, mais une sexualit\u00e9 li\u00e9e \u00e0 l\u2019abus de confiance. La vraie question est : pourquoi semble-t-il y avoir davantage de pervers criminels parmi les pr\u00eatres catholiques que dans le reste de la population ? C\u2019est un point critique que personne ne veut aborder.&nbsp;<br><br><strong>Les pr\u00eatres homosexuels pourront-ils un jour se marier ?<\/strong><br><br>Pas maintenant en tout cas ! Mais le mariage h\u00e9t\u00e9rosexuel des pr\u00eatres changera le recrutement et comme me disait d\u00e9j\u00e0 un patron de s\u00e9minaire il y a une dizaine d\u2019ann\u00e9es : \u00ab\u00a0Autoriser l\u2019ordination des hommes mari\u00e9s est une bonne fa\u00e7on de lutter contre la tendance homosexuel du clerg\u00e9.\u00a0\u00bb<\/p>\n\n\n\n<p><strong>Qu\u2019en pensent les principaux int\u00e9ress\u00e9s ?<\/strong><br><br>Ceux qui ont fait le choix du c\u00e9libat n&rsquo;ont pas envie de le d\u00e9nigrer. Quand on fait un choix aussi co\u00fbteux, on a envie de dire qu&rsquo;il est bon et l\u00e9gitime. Mais je connais beaucoup de gar\u00e7ons qui ont quitt\u00e9 le s\u00e9minaire en cours de route pour se marier. Et aussi de jeunes pr\u00eatres d\u00e9froqu\u00e9s pour cette raison.<\/p>\n","protected":false},"excerpt":{"rendered":"<p>\u00a0par Terriennes Liliane Charrier Une question, r\u00e9guli\u00e8rement, revient \u00e0 l&rsquo;ordre du jour de l&rsquo;Eglise catholique romaine : les pr\u00eatres pourront-ils<\/p>\n","protected":false},"author":1,"featured_media":2949,"comment_status":"open","ping_status":"open","sticky":false,"template":"","format":"standard","meta":{"footnotes":""},"categories":[21],"tags":[],"class_list":["post-2948","post","type-post","status-publish","format-standard","has-post-thumbnail","hentry","category-societe"],"_links":{"self":[{"href":"https:\/\/dekkbi.com\/index.php?rest_route=\/wp\/v2\/posts\/2948","targetHints":{"allow":["GET"]}}],"collection":[{"href":"https:\/\/dekkbi.com\/index.php?rest_route=\/wp\/v2\/posts"}],"about":[{"href":"https:\/\/dekkbi.com\/index.php?rest_route=\/wp\/v2\/types\/post"}],"author":[{"embeddable":true,"href":"https:\/\/dekkbi.com\/index.php?rest_route=\/wp\/v2\/users\/1"}],"replies":[{"embeddable":true,"href":"https:\/\/dekkbi.com\/index.php?rest_route=%2Fwp%2Fv2%2Fcomments&post=2948"}],"version-history":[{"count":1,"href":"https:\/\/dekkbi.com\/index.php?rest_route=\/wp\/v2\/posts\/2948\/revisions"}],"predecessor-version":[{"id":2950,"href":"https:\/\/dekkbi.com\/index.php?rest_route=\/wp\/v2\/posts\/2948\/revisions\/2950"}],"wp:featuredmedia":[{"embeddable":true,"href":"https:\/\/dekkbi.com\/index.php?rest_route=\/wp\/v2\/media\/2949"}],"wp:attachment":[{"href":"https:\/\/dekkbi.com\/index.php?rest_route=%2Fwp%2Fv2%2Fmedia&parent=2948"}],"wp:term":[{"taxonomy":"category","embeddable":true,"href":"https:\/\/dekkbi.com\/index.php?rest_route=%2Fwp%2Fv2%2Fcategories&post=2948"},{"taxonomy":"post_tag","embeddable":true,"href":"https:\/\/dekkbi.com\/index.php?rest_route=%2Fwp%2Fv2%2Ftags&post=2948"}],"curies":[{"name":"wp","href":"https:\/\/api.w.org\/{rel}","templated":true}]}}