{"id":29441,"date":"2024-01-15T10:30:31","date_gmt":"2024-01-15T10:30:31","guid":{"rendered":"https:\/\/dekkbi.com\/?p=29441"},"modified":"2024-01-15T10:51:46","modified_gmt":"2024-01-15T10:51:46","slug":"restitution-des-conclusions-des-six-commissions-des-assises-des-medias-un-travail-inclusif-pour-redefinir-le-role-et-les-enjeux-du-futur-des-medias","status":"publish","type":"post","link":"https:\/\/dekkbi.com\/?p=29441","title":{"rendered":"Restitution des conclusions des six commissions des assises des m\u00e9dias"},"content":{"rendered":"\n<p><strong>Le Comit\u00e9 scientifique des Assises des m\u00e9dias du S\u00e9n\u00e9gal a re\u00e7u les conclusions des six (6) commissions qui ont pris en compte, dans leurs travaux, l\u2019ensemble des probl\u00e9matiques qui affectent le secteur des m\u00e9dias au S\u00e9n\u00e9gal. Ces conclusions restitu\u00e9es, le samedi 13 janvier 2024, \u00e0 la Maison de la Presse Babacar Tour\u00e9, ont \u00e9t\u00e9, selon Mactar Sylla, co-pr\u00e9sident du Comit\u00e9 scientifique, le fruit d\u2019un travail inclusif, avec une contribution tr\u00e8s significative de beaucoup d\u2019organisations, des individualit\u00e9s, des experts, soucieux de la place des m\u00e9dias et du r\u00f4le des m\u00e9dias dans notre soci\u00e9t\u00e9.<\/strong><\/p>\n\n\n\n<p><em>\u00abL\u2019une des choses essentielles qu\u2019il faut retenir, c\u2019est que pendant des mois, depuis le lancement au mois d\u2019ao\u00fbt dernier, un travail en profondeur extr\u00eamement s\u00e9rieux (a \u00e9t\u00e9 fait), mais \u00e9galement un travail inclusif. Ce ne sont pas seulement des professionnels des m\u00e9dias qui se sont r\u00e9unis entre eux pour red\u00e9finir le r\u00f4le des m\u00e9dias, la place des m\u00e9dias et les enjeux du futur des m\u00e9dias, mais ce sont beaucoup d\u2019autres organisations, des individualit\u00e9s, des experts, des S\u00e9n\u00e9galais soucieux effectivement de la place des m\u00e9dias, du r\u00f4le des m\u00e9dias dans notre soci\u00e9t\u00e9, qui ont donn\u00e9 leur participation et leur contribution tr\u00e8s significatives \u00e0 ce travail\u00bb,<\/em>&nbsp;a soulign\u00e9, Mactar Sylla, co-pr\u00e9sident du Comit\u00e9 scientifique des Assises des m\u00e9dias du S\u00e9n\u00e9gal, lors de la restitution des travaux des six (6) commissions mises en place dans le cadre de ces assises, le samedi 13 janvier 2024, \u00e0 la Maison de la Presse Babacar Tour\u00e9.<\/p>\n\n\n\n<p>Remerciant ces six commissions pour avoir pris en compte les probl\u00e9matiques qui gangr\u00e8nent le secteur aujourd\u2019hui et les pertinentes recommandations formul\u00e9es en ce sens, M. Sylla estime qu\u2019<em>\u00abIl nous faudra, \u00e0 ce stade, en tant que Comit\u00e9 scientifique, les synth\u00e9tiser, les rationaliser, pour en faire un v\u00e9ritable corpus qui puisse servir \u00e0 ce pays, \u00e0 ses m\u00e9dias et de projeter dans les prochaines g\u00e9n\u00e9rations, dans les 20, 25 prochaines ann\u00e9es\u00bb.<\/em><\/p>\n\n\n\n<p><strong>CREER UN VERITABLE ECOSYSTEME MEDIATIQUE<\/strong><\/p>\n\n\n\n<p>Il s\u2019agira, en ce sens, de savoir, selon-lui,&nbsp;<em>\u00abQue voulons-nous que les m\u00e9dias soient dans un pays comme le S\u00e9n\u00e9gal ? Quel r\u00f4le et quelle place les m\u00e9dias doivent jouer du point de vue de l\u2019information, du point de vue du statut des personnels, du point de vue de la valorisation de la profession, du point de vue effectivement de la place \u00e9conomique, au-del\u00e0 du r\u00f4le transversal que jouent les m\u00e9dias&nbsp;? Que doivent \u00eatre les m\u00e9dias en termes de plus-value sociale, politique, \u00e9conomique et culturelle&nbsp;?\u00bb&nbsp;<\/em>Autant d\u2019interrogations que le pr\u00e9sident le co-pr\u00e9sident du Comit\u00e9 scientifique des Assises des m\u00e9dias du S\u00e9n\u00e9gal, par ailleurs, PDG du Groupe Label M\u00e9dias Plus, a soulev\u00e9es.<\/p>\n\n\n\n<p>Optimiste quant aux conclusions qui seront issues de ces Assises, le PDG du Groupe Label M\u00e9dias Plus d\u2019assurer :&nbsp;<em>\u00abJe pense que nous aurons v\u00e9ritablement des r\u00e9ponses. Nous aurons des recommandations qui seront valid\u00e9es dans une autre \u00e9tape, apr\u00e8s le rapport que Cheikh Thiam, nous produira\u00bb.<\/em><\/p>\n\n\n\n<p><em>\u00abEt, au terme de cet exercice, nous allons le soumettre \u00e0 un ensemble de candidats \u00e0 la pr\u00e9sidentielle, mais \u00e9galement \u00e0 tous les secteurs de la vie nationale, pour que nous ayons une compr\u00e9hension commune de ce que nous voulons faire de ce domaine qui est un domaine capital dans la vie de toute nation qui est aujourd\u2019hui affect\u00e9 par des difficult\u00e9s\u00bb,<\/em>&nbsp;a-t-il rassur\u00e9.<\/p>\n\n\n\n<p>Non sans toutefois r\u00e9it\u00e9rer sa confiance.&nbsp;<em>\u00abNous restons positif, nous restons optimistes, en sachant qu\u2019aujourd\u2019hui, aucune nation ne peut prosp\u00e9rer sans avoir des m\u00e9dias dynamiques, des m\u00e9dias viables, des m\u00e9dias o\u00f9 il y a des comp\u00e9tences, des m\u00e9dias o\u00f9 la formation, o\u00f9 del\u00e0 du dipl\u00f4me qu\u2019on peut avoir en temps T, doivent \u00eatre renforc\u00e9es\u00bb<\/em>.<\/p>\n\n\n\n<p><strong>LE RAPPORT GENERAL DES ASSISES NATIONALES DES MEDIAS PUBLIE, LE 25 JANVIER 2024<\/strong><\/p>\n\n\n\n<p>En d\u00e9finitive, estime M. Sylla,&nbsp;<em>\u00abil faut cr\u00e9er un v\u00e9ritable \u00e9cosyst\u00e8me m\u00e9diatique. Un \u00e9cosyst\u00e8me m\u00e9diatique, cela veut dire la mani\u00e8re dont nous tous faisons des contenus. Est-ce que c\u2019est comme \u00e7a qu\u2019il faut continuer ? Est-ce qu\u2019il ne faut pas changer ? Est-ce que vous ne soyez, vous tous, des structures qui vous emplois ? Est-ce que vous ne pouvez pas \u00eatre votre propre employeur, avoir votre propre mat\u00e9riel, votre propre structure, faire des concepts, des contenus que vous proposez au chef qui les ach\u00e8te, comme cela se fait un peu partout&nbsp;?\u00bb<\/em><\/p>\n\n\n\n<p>Il faut noter que le rapport g\u00e9n\u00e9ral des Assises nationales des m\u00e9dias sera publi\u00e9 le 25 janvier 2024, \u00e0 l\u2019amphith\u00e9\u00e2tre de la Maison de la presse.<\/p>\n\n\n\n<p><strong>Ousmane GOUDIABY<\/strong><\/p>\n","protected":false},"excerpt":{"rendered":"<p>Le Comit\u00e9 scientifique des Assises des m\u00e9dias du S\u00e9n\u00e9gal a re\u00e7u les conclusions des six (6) commissions qui ont pris<\/p>\n","protected":false},"author":1,"featured_media":29442,"comment_status":"open","ping_status":"open","sticky":false,"template":"","format":"standard","meta":{"footnotes":""},"categories":[21],"tags":[],"class_list":["post-29441","post","type-post","status-publish","format-standard","has-post-thumbnail","hentry","category-societe"],"_links":{"self":[{"href":"https:\/\/dekkbi.com\/index.php?rest_route=\/wp\/v2\/posts\/29441","targetHints":{"allow":["GET"]}}],"collection":[{"href":"https:\/\/dekkbi.com\/index.php?rest_route=\/wp\/v2\/posts"}],"about":[{"href":"https:\/\/dekkbi.com\/index.php?rest_route=\/wp\/v2\/types\/post"}],"author":[{"embeddable":true,"href":"https:\/\/dekkbi.com\/index.php?rest_route=\/wp\/v2\/users\/1"}],"replies":[{"embeddable":true,"href":"https:\/\/dekkbi.com\/index.php?rest_route=%2Fwp%2Fv2%2Fcomments&post=29441"}],"version-history":[{"count":2,"href":"https:\/\/dekkbi.com\/index.php?rest_route=\/wp\/v2\/posts\/29441\/revisions"}],"predecessor-version":[{"id":29460,"href":"https:\/\/dekkbi.com\/index.php?rest_route=\/wp\/v2\/posts\/29441\/revisions\/29460"}],"wp:featuredmedia":[{"embeddable":true,"href":"https:\/\/dekkbi.com\/index.php?rest_route=\/wp\/v2\/media\/29442"}],"wp:attachment":[{"href":"https:\/\/dekkbi.com\/index.php?rest_route=%2Fwp%2Fv2%2Fmedia&parent=29441"}],"wp:term":[{"taxonomy":"category","embeddable":true,"href":"https:\/\/dekkbi.com\/index.php?rest_route=%2Fwp%2Fv2%2Fcategories&post=29441"},{"taxonomy":"post_tag","embeddable":true,"href":"https:\/\/dekkbi.com\/index.php?rest_route=%2Fwp%2Fv2%2Ftags&post=29441"}],"curies":[{"name":"wp","href":"https:\/\/api.w.org\/{rel}","templated":true}]}}