{"id":29432,"date":"2024-01-15T10:21:12","date_gmt":"2024-01-15T10:21:12","guid":{"rendered":"https:\/\/dekkbi.com\/?p=29432"},"modified":"2024-01-15T13:05:44","modified_gmt":"2024-01-15T13:05:44","slug":"tensions-entre-la-turquie-et-israel-apres-larrestation-dun-footballeur-israelien-pour-incitation-a-la-haine","status":"publish","type":"post","link":"https:\/\/dekkbi.com\/?p=29432","title":{"rendered":"Tensions entre la Turquie et Isra\u00ebl apr\u00e8s l&rsquo;arrestation d&rsquo;un footballeur isra\u00e9lien pour \u00abincitation \u00e0 la haine\u00bb entre les deux pays"},"content":{"rendered":"\n<p>La guerre entre Isra\u00ebl et le mouvement islamiste palestinien Hamas a franchi le cap des 100 jours dimanche 14 janvier. \u00c0 Gaza, la guerre fait toujours rage et en Isra\u00ebl les proches d&rsquo;otages vivent toujours dans l&rsquo;angoisse sur leur sort.&nbsp;<\/p>\n\n\n\n<p><strong>Ce qu&rsquo;il faut retenir<\/strong>&nbsp;<strong>:<\/strong><\/p>\n\n\n\n<p>\u25a0&nbsp;<strong>Un avion de combat am\u00e9ricain a abattu un missile de croisi\u00e8re antinavire tir\u00e9 sur un destroyer&nbsp;<\/strong>de la marine&nbsp;en mer Rouge depuis une zone du Y\u00e9men contr\u00f4l\u00e9e par les Houthis. Aucun bless\u00e9 ni d\u00e9g\u00e2t n&rsquo;a \u00e9t\u00e9 signal\u00e9.<\/p>\n\n\n\n<p>\u25a0&nbsp;<strong>Le chef du&nbsp;Hezbollah, Hassan Nasrallah<\/strong>, s&rsquo;est exprim\u00e9 ce dimanche 14 janvier, une semaine apr\u00e8s l&rsquo;assassinat commandant du Hezbollah, Wissam al-Tawil.&nbsp;Il a d\u00e9clar\u00e9 que \u00ab<em>&nbsp;l&rsquo;agression am\u00e9ricaine en mer Rouge porterait atteinte \u00e0 la libert\u00e9 de navigation dans cette mer<\/em>&nbsp;\u00bb. Il a \u00e9galement affirm\u00e9 que le Hezbollah \u00e9tait pr\u00eat \u00e0 une guerre totale.<\/p>\n\n\n\n<p>\u25a0<strong>&nbsp;Les Isra\u00e9liens ont exprim\u00e9 dimanche leur solidarit\u00e9 avec les otages retenus dans le territoire palestinien pour marquer les 100 jours de leur d\u00e9tention<\/strong>&nbsp;et soutenir la mobilisation de leurs familles.&nbsp;Mais le porte-parole de la branche militaire du Hamas, Abou Obeida, a affirm\u00e9 que beaucoup d&rsquo;otages ont \u00ab<em>&nbsp;probablement \u00e9t\u00e9 tu\u00e9s r\u00e9cemment&nbsp;<\/em>\u00bb, les autres \u00e9tant \u00ab<em>&nbsp;en grand danger&nbsp;<\/em>\u00bb, ce dont il a rejet\u00e9 la \u00ab<em>&nbsp;pleine responsabilit\u00e9<\/em>&nbsp;\u00bb sur Isra\u00ebl.<\/p>\n\n\n\n<p>\u25a0 Selon un bilan annonc\u00e9 ce dimanche 14 janvier\u00a0par le minist\u00e8re de la Sant\u00e9 du Hamas,\u00a0<strong>23<\/strong>\u00a0<strong>968\u00a0personnes ont \u00e9t\u00e9 tu\u00e9es<\/strong>\u00a0\u00e0\u00a0<strong>Gaza<\/strong>\u00a0depuis le d\u00e9but de la guerre, le 7 octobre. Les morts sont en majorit\u00e9 des femmes, des adolescents et des enfants. On d\u00e9nombre\u00a0<strong>plus de 60<\/strong>\u00a0<strong>000<\/strong>\u00a0<strong>bless\u00e9s<\/strong>.<strong>\u00a0<\/strong>Plus de 10\u00a0000 enfants\u00a0\u2013 soit\u00a0<strong>1% de la population infantile<\/strong>\u00a0totale de la bande de Gaza\u00a0\u2013 ont \u00e9t\u00e9 tu\u00e9s, selon un nouveau rapport de Save The Children.<\/p>\n\n\n\n<hr class=\"wp-block-separator has-alpha-channel-opacity\"\/>\n\n\n\n<p><strong>09h53 : Les \u00e9quipes de MSF \u00ab<em>&nbsp;confin\u00e9s dans un p\u00e9rim\u00e8tre de plus en plus restreint&nbsp;<\/em>\u00bb<\/strong><\/p>\n\n\n\n<p>Dans un message sur X, M\u00e9decins sans fronti\u00e8res (MSF) revient sur sa d\u00e9cision de quitter l&rsquo;h\u00f4pital d&rsquo;Al-Aqsa, dans le centre de Gaza le 6 janvier. \u00ab&nbsp;<em>Quitter l&rsquo;h\u00f4pital Al-Aqsa et nos patients a \u00e9t\u00e9 une d\u00e9cision d\u00e9vastatrice et notre dernier recours. Les frappes de drones, les tirs de snipers et les bombardements \u00e0 proximit\u00e9 de l&rsquo;h\u00f4pital ont rendu les lieux trop dangereux pour y travailler<\/em>&nbsp;\u00bb, explique Enrico Vallaperta, r\u00e9f\u00e9rent m\u00e9dical MSF \u00e0 Gaza.<\/p>\n\n\n\n<p>Apr\u00e8s plus de cent jours de guerre, moins de la moiti\u00e9 des h\u00f4pitaux de la bande de Gaza continuent de fonctionner partiellement.<\/p>\n\n\n\n<p>\u00ab<em>&nbsp;Nous sommes progressivement confin\u00e9s dans un p\u00e9rim\u00e8tre tr\u00e8s restreints dans le sud de Gaza, \u00e0 Rafah, avec des options de plus en plus r\u00e9duites pour offrir une assistance m\u00e9dicale alors que les besoins augmentent d\u00e9sesp\u00e9r\u00e9ment&nbsp;<\/em>\u00bb, souligne-t-il.<\/p>\n\n\n\n<p><\/p>\n\n\n\n<p><strong>09h32 : Le footballeur isra\u00e9lien arr\u00eat\u00e9 en Turquie pour incitation \u00e0 la haine remis en libert\u00e9<\/strong><\/p>\n\n\n\n<p>Le joueur isra\u00e9lien du club de football d&rsquo;Antalya, dans le sud de la Turquie, arr\u00eat\u00e9 dimanche pour incitation \u00e0 la haine, a \u00e9t\u00e9 remis en libert\u00e9 lundi dans l&rsquo;attente de son proc\u00e8s, rapporte l&rsquo;agence de presse DHA-Sports. Lors d&rsquo;un match du championnat de premi\u00e8re division turque, Sagiv Jehezkel, 28 ans, avait arbor\u00e9 un bandage au poignet sur lequel \u00e9tait \u00e9crit \u00ab 100 jours. 07\/10 \u00bb. \u00ab&nbsp;<em>Je n&rsquo;ai rien fait pour provoquer qui que ce soit. Je ne suis pas pro-guerre. Il y a des Isra\u00e9liens retenus en otages \u00e0 Gaza<\/em>&nbsp;\u00bb, s&rsquo;est-il d\u00e9fendu lors de son interrogatoire, selon la cha\u00eene de t\u00e9l\u00e9vision priv\u00e9e NTV.<\/p>\n\n\n\n<p>Un second joueur isra\u00e9lien, Eden Karzev, se retrouve dans l&rsquo;oeil du cyclone lundi en Turquie pour avoir brandi sur Instagram un panneau disant en anglais : \u00ab 100 &#8211; Ramenez les \u00e0 la maison MAINTENANT \u00bb, en r\u00e9f\u00e9rence aux otages. Le club stambouliote de Basaksehir, connu pour sa proximit\u00e9 avec la pr\u00e9sidence turque, a annonc\u00e9 une enqu\u00eate disciplinaire contre son joueur Eden Karzev apr\u00e8s cette publication. NTV affirme qu&rsquo;Isra\u00ebl a envoy\u00e9 un avion sp\u00e9cial pour r\u00e9cup\u00e9rer Sagiv Jehezkel et le ramener.<\/p>\n\n\n\n<p><strong>09h11 : La d\u00e9tention du joueur de football Sagiv Jehezkel en Turquie suscite l&rsquo;indignation en Isra\u00ebl<\/strong><\/p>\n\n\n\n<p>\u00ab&nbsp;<em>Honte \u00e0 vous, gouvernement turc&nbsp;<\/em>\u00bb, a \u00e9crit l&rsquo;ancien Premier ministre isra\u00e9lien Naftali Bennett sur X. Sagiv Jehezkel a&nbsp;\u00e9t\u00e9 arr\u00eat\u00e9 dimanche pour \u00ab incitation \u00e0 la haine \u00bb apr\u00e8s avoir diffus\u00e9 un message faisant r\u00e9f\u00e9rence aux otages isra\u00e9liens \u00e0 la fin d&rsquo;un match en Turquie.<\/p>\n\n\n\n<p>L&rsquo;ex-Premier ministre Yair Lapid a fustig\u00e9 sur le r\u00e9seau social \u00ab&nbsp;<em>une autre mesure de soutien au terrorisme de la part du gouvernement turc<\/em>&nbsp;\u00bb, \u00e9voquant \u00ab<em>&nbsp;une arrestation criminelle<\/em>&nbsp;\u00bb.&nbsp;<\/p>\n","protected":false},"excerpt":{"rendered":"<p>La guerre entre Isra\u00ebl et le mouvement islamiste palestinien Hamas a franchi le cap des 100 jours dimanche 14 janvier.<\/p>\n","protected":false},"author":1,"featured_media":29433,"comment_status":"open","ping_status":"open","sticky":false,"template":"","format":"standard","meta":{"footnotes":""},"categories":[51],"tags":[],"class_list":["post-29432","post","type-post","status-publish","format-standard","has-post-thumbnail","hentry","category-general"],"_links":{"self":[{"href":"https:\/\/dekkbi.com\/index.php?rest_route=\/wp\/v2\/posts\/29432","targetHints":{"allow":["GET"]}}],"collection":[{"href":"https:\/\/dekkbi.com\/index.php?rest_route=\/wp\/v2\/posts"}],"about":[{"href":"https:\/\/dekkbi.com\/index.php?rest_route=\/wp\/v2\/types\/post"}],"author":[{"embeddable":true,"href":"https:\/\/dekkbi.com\/index.php?rest_route=\/wp\/v2\/users\/1"}],"replies":[{"embeddable":true,"href":"https:\/\/dekkbi.com\/index.php?rest_route=%2Fwp%2Fv2%2Fcomments&post=29432"}],"version-history":[{"count":3,"href":"https:\/\/dekkbi.com\/index.php?rest_route=\/wp\/v2\/posts\/29432\/revisions"}],"predecessor-version":[{"id":29491,"href":"https:\/\/dekkbi.com\/index.php?rest_route=\/wp\/v2\/posts\/29432\/revisions\/29491"}],"wp:featuredmedia":[{"embeddable":true,"href":"https:\/\/dekkbi.com\/index.php?rest_route=\/wp\/v2\/media\/29433"}],"wp:attachment":[{"href":"https:\/\/dekkbi.com\/index.php?rest_route=%2Fwp%2Fv2%2Fmedia&parent=29432"}],"wp:term":[{"taxonomy":"category","embeddable":true,"href":"https:\/\/dekkbi.com\/index.php?rest_route=%2Fwp%2Fv2%2Fcategories&post=29432"},{"taxonomy":"post_tag","embeddable":true,"href":"https:\/\/dekkbi.com\/index.php?rest_route=%2Fwp%2Fv2%2Ftags&post=29432"}],"curies":[{"name":"wp","href":"https:\/\/api.w.org\/{rel}","templated":true}]}}