{"id":29429,"date":"2024-01-15T10:16:39","date_gmt":"2024-01-15T10:16:39","guid":{"rendered":"https:\/\/dekkbi.com\/?p=29429"},"modified":"2024-01-15T10:16:40","modified_gmt":"2024-01-15T10:16:40","slug":"le-forum-de-davos-assombri-par-le-chaos-du-monde","status":"publish","type":"post","link":"https:\/\/dekkbi.com\/?p=29429","title":{"rendered":"Le Forum de Davos assombri par le chaos du monde"},"content":{"rendered":"\n<p>Ce lundi 15 janvier, s\u2019ouvre le Forum \u00e9conomique mondial \u00e0 Davos en Suisse, avec des pr\u00e9visions moroses pour l&rsquo;ann\u00e9e \u00e0 venir. Non pas \u00e0 cause de probl\u00e8mes \u00e9conomiques, mais en raison des multiples d\u00e9sordres du monde.<\/p>\n\n\n\n<p>Les patrons broient du noir cette ann\u00e9e. Ni les bonnes nouvelles, le reflux de l\u2019inflation, ni les espoirs qui vont avec, la perspective d&rsquo;une baisse des taux d\u2019int\u00e9r\u00eats, ne suffisent \u00e0 regonfler leur moral. D\u2019apr\u00e8s le sondage effectu\u00e9 en amont du Forum sur les risques majeurs, une majorit\u00e9 d\u2019entre eux est pessimiste pour 2024 mais aussi pour les dix ans \u00e0 venir. \u00c0 noter qu&rsquo;<strong>en 2023<\/strong>, ils restaient optimistes pour le moyen terme. Apr\u00e8s la pand\u00e9mie puis la guerre en Ukraine qui ont plomb\u00e9 l\u2019atmosph\u00e8re des \u00e9ditions pr\u00e9c\u00e9dentes, ils estiment que de nouveaux sujets tout aussi inqui\u00e9tants assombrissent l&rsquo;avenir.<\/p>\n\n\n\n<p>La d\u00e9sinformation en politique est le premier risque cit\u00e9 pour 2024.\u00a0Les fake news susceptibles de manipuler\u00a0<strong>les multiples \u00e9lections pr\u00e9vues<\/strong>\u00a0\u00e0 travers le monde. Pourquoi pas avec les nouveaux outils de l\u2019intelligence artificielle (IA). Le d\u00e9voiement de l\u2019IA fait partie des craintes exprim\u00e9es dans le sondage. En fait, les d\u00e9cideurs redoutent tout ce qui pourrait semer le chaos. La question de la d\u00e9sinformation est tr\u00e8s sensible en cette ann\u00e9e o\u00f9 sont programm\u00e9es plus de 70 \u00e9lections. Avec un r\u00e9sultat tr\u00e8s incertain pour le pouvoir en place dans de nombreux pays, du Royaume-Uni \u00e0 l&rsquo;Afrique du Sud en passant par le S\u00e9n\u00e9gal. Et c\u2019est bien s\u00fbr\u00a0<strong>la pr\u00e9sidentielle am\u00e9ricaine<\/strong>\u00a0et le risque d&rsquo;une nouvelle ing\u00e9rence russe dans la campagne qui concentre les plus grandes peurs.<\/p>\n\n\n\n<h2 class=\"wp-block-heading\">Catastrophes climatiques<\/h2>\n\n\n\n<p>Deuxi\u00e8me pr\u00e9occupation majeure pour 2024 : les \u00e9v\u00e9nements m\u00e9t\u00e9o extr\u00eames.&nbsp;Les inondations, les s\u00e9cheresses, les feux ou les temp\u00eates qui surviennent de plus en plus fr\u00e9quemment sont des \u00e9v\u00e9nements de plus en plus perturbants dans la vie des entreprises. Le changement climatique est d\u2019ailleurs le risque le plus fr\u00e9quemment cit\u00e9 par le panel \u00e0 moyen terme. Que les d\u00e9sordres soient politiques, g\u00e9opolitiques ou climatiques, ils sont per\u00e7us comme des menaces pour la coh\u00e9sion sociale. L\u2019aggravation de la fracture sociale est un th\u00e8me r\u00e9current, figurant en troisi\u00e8me position parmi les sujets de 2024.<\/p>\n\n\n\n<p>Toutes ces questions seront abord\u00e9es \u00e0 Davos avec des patrons vedettes et des chefs de gouvernement.\u00a0La parole de ces VIP est sans doute ce qui attire le plus les participants. Ils pourront \u00e9couter ou \u00e9changer entre autres avec\u00a0<strong>Sam Altman, le fondateur d\u2019OpenAI<\/strong>\u00a0et son parrain, le patron de Microsoft Satya Nadella. Ou encore le dirigeant de TikTok, le grand patron d&rsquo;Aramco, la compagnie p\u00e9troli\u00e8re saoudienne. Mais avec deux guerres en toile de fond, des tensions en mer Rouge, le Forum sera domin\u00e9 par la g\u00e9opolitique avec les projecteurs braqu\u00e9s sur la soixantaine de chefs d&rsquo;\u00c9tat ou de gouvernement attendus. Parmi les pr\u00e9sents confirm\u00e9s, il y a le pr\u00e9sident Macron le 17 janvier,\u00a0<strong>Volodymyr Zelensky ce lundi<\/strong>, l\u2019Am\u00e9ricain Antony Blinken, le Premier ministre chinois, le pr\u00e9sident isra\u00e9lien, ou encore les dirigeants du Golfe, saoudiens, qataris et \u00e9miriens.<\/p>\n\n\n\n<p>SOURCE RFI<\/p>\n","protected":false},"excerpt":{"rendered":"<p>Ce lundi 15 janvier, s\u2019ouvre le Forum \u00e9conomique mondial \u00e0 Davos en Suisse, avec des pr\u00e9visions moroses pour l&rsquo;ann\u00e9e \u00e0<\/p>\n","protected":false},"author":1,"featured_media":29430,"comment_status":"open","ping_status":"open","sticky":false,"template":"","format":"standard","meta":{"footnotes":""},"categories":[3],"tags":[],"class_list":["post-29429","post","type-post","status-publish","format-standard","has-post-thumbnail","hentry","category-event-more-news"],"_links":{"self":[{"href":"https:\/\/dekkbi.com\/index.php?rest_route=\/wp\/v2\/posts\/29429","targetHints":{"allow":["GET"]}}],"collection":[{"href":"https:\/\/dekkbi.com\/index.php?rest_route=\/wp\/v2\/posts"}],"about":[{"href":"https:\/\/dekkbi.com\/index.php?rest_route=\/wp\/v2\/types\/post"}],"author":[{"embeddable":true,"href":"https:\/\/dekkbi.com\/index.php?rest_route=\/wp\/v2\/users\/1"}],"replies":[{"embeddable":true,"href":"https:\/\/dekkbi.com\/index.php?rest_route=%2Fwp%2Fv2%2Fcomments&post=29429"}],"version-history":[{"count":1,"href":"https:\/\/dekkbi.com\/index.php?rest_route=\/wp\/v2\/posts\/29429\/revisions"}],"predecessor-version":[{"id":29431,"href":"https:\/\/dekkbi.com\/index.php?rest_route=\/wp\/v2\/posts\/29429\/revisions\/29431"}],"wp:featuredmedia":[{"embeddable":true,"href":"https:\/\/dekkbi.com\/index.php?rest_route=\/wp\/v2\/media\/29430"}],"wp:attachment":[{"href":"https:\/\/dekkbi.com\/index.php?rest_route=%2Fwp%2Fv2%2Fmedia&parent=29429"}],"wp:term":[{"taxonomy":"category","embeddable":true,"href":"https:\/\/dekkbi.com\/index.php?rest_route=%2Fwp%2Fv2%2Fcategories&post=29429"},{"taxonomy":"post_tag","embeddable":true,"href":"https:\/\/dekkbi.com\/index.php?rest_route=%2Fwp%2Fv2%2Ftags&post=29429"}],"curies":[{"name":"wp","href":"https:\/\/api.w.org\/{rel}","templated":true}]}}