{"id":29423,"date":"2024-01-15T10:12:51","date_gmt":"2024-01-15T10:12:51","guid":{"rendered":"https:\/\/dekkbi.com\/?p=29423"},"modified":"2024-01-15T10:12:51","modified_gmt":"2024-01-15T10:12:51","slug":"nauru-micro-etat-du-pacifique-rompt-ses-liens-diplomatiques-avec-taiwan","status":"publish","type":"post","link":"https:\/\/dekkbi.com\/?p=29423","title":{"rendered":"Nauru, micro-\u00c9tat du Pacifique, rompt ses liens diplomatiques avec Ta\u00efwan"},"content":{"rendered":"\n<p>Ce lundi 15 janvier, Nauru, petite nation du Pacifique, a annonc\u00e9 la rupture de ses relations diplomatiques avec Ta\u00efwan et son intention de reconna\u00eetre la Chine, une d\u00e9cision aussit\u00f4t confirm\u00e9e par Taipei.\u00a0<\/p>\n\n\n\n<p>Le pr\u00e9sident de ce micro-\u00c9tat insulaire, David Adeang, a fait part de ce choix dans un discours publi\u00e9 sur Facebook, affichant \u00ab&nbsp;<em>la d\u00e9cision du gouvernement de Nauru de reconna\u00eetre la R\u00e9publique populaire de Chine<\/em>&nbsp;\u00bb. \u00ab&nbsp;<em>La R\u00e9publique de Chine&nbsp;<\/em>(nom officiel de Ta\u00efwan, NDLR)&nbsp;<em>va rompre imm\u00e9diatement ses relations diplomatiques avec Nauru, afin de pr\u00e9server notre dignit\u00e9 nationale&nbsp;<\/em>\u00bb, a d\u00e9clar\u00e9 de son c\u00f4t\u00e9 le ministre adjoint ta\u00efwanais des Affaires \u00e9trang\u00e8res Tien Chung-kwang, lundi, lors d&rsquo;une conf\u00e9rence de presse, apr\u00e8s l&rsquo;annonce du pr\u00e9sident de Nauru.<\/p>\n\n\n\n<h2 class=\"wp-block-heading\">\u00ab&nbsp;<em>Plus de relations officielles&nbsp;<\/em>\u00bb<\/h2>\n\n\n\n<p>Dans un communiqu\u00e9 de presse, le gouvernement de cette nation insulaire a d\u00e9clar\u00e9 qu&rsquo;il ne reconna\u00eetrait plus Ta\u00efwan \u00ab&nbsp;<em>comme un pays distinct<\/em>&nbsp;\u00bb, mais \u00ab&nbsp;<em>plut\u00f4t comme une partie inali\u00e9nable du territoire chinois<\/em>&nbsp;\u00bb. Nauru \u00ab&nbsp;<em>rompra imm\u00e9diatement ses relations diplomatiques<\/em>&nbsp;\u00bb avec Ta\u00efwan et \u00ab&nbsp;<em>ne d\u00e9veloppera plus de relations officielles ou d&rsquo;\u00e9changes officiels avec Ta\u00efwan&nbsp;<\/em>\u00bb, a-t-il pr\u00e9cis\u00e9.<\/p>\n\n\n\n<p>Les autorit\u00e9s ta\u00efwanaises ont r\u00e9agi en accusant la Chine d&rsquo;avoir offert \u00ab<em>&nbsp;des aides \u00e9conomiques&nbsp;<\/em>\u00bb \u00e0 l&rsquo;\u00eele de Nauru pour l&rsquo;inciter \u00e0 basculer ses liens diplomatiques de Taipei vers P\u00e9kin. \u00ab&nbsp;<em>La Chine a contact\u00e9 activement des personnalit\u00e9s politiques \u00e0 Nauru et a utilis\u00e9 des aides \u00e9conomiques pour inciter le pays \u00e0 changer de reconnaissance diplomatique<\/em>&nbsp;\u00bb, a affirm\u00e9 le ministre adjoint des Affaires \u00e9trang\u00e8res Tien Chung-kwang lors d&rsquo;une conf\u00e9rence de presse.<\/p>\n\n\n\n<h2 class=\"wp-block-heading\">P\u00e9kin salue<\/h2>\n\n\n\n<p>P\u00e9kin a salu\u00e9 la d\u00e9cision de Nauru, qui \u00e9tait l&rsquo;une des rares nations \u00e0 reconna\u00eetre officiellement Ta\u00efwan sur un plan diplomatique. Avec ce revirement, il ne reste que douze pays \u00e0 reconna\u00eetre officiellement Ta\u00efwan au d\u00e9triment de la Chine, qui revendique l&rsquo;\u00eele d\u00e9mocratique autonome comme faisant partie de son territoire et a jur\u00e9 de la reprendre un jour, par la force si n\u00e9cessaire.<\/p>\n\n\n\n<p>Nauru, qui compte environ 12&nbsp;500 habitants, est le dernier pays du Pacifique \u00e0 tourner le dos \u00e0 une relation de longue date avec Ta\u00efwan. En 2019, les Iles Salomon avaient \u00e9galement annonc\u00e9 qu&rsquo;elles abandonnaient la reconnaissance diplomatique de Ta\u00efwan au profit de la Chine.<\/p>\n\n\n\n<p>(<em>Avec AFP<\/em>)<\/p>\n","protected":false},"excerpt":{"rendered":"<p>Ce lundi 15 janvier, Nauru, petite nation du Pacifique, a annonc\u00e9 la rupture de ses relations diplomatiques avec Ta\u00efwan et<\/p>\n","protected":false},"author":1,"featured_media":29424,"comment_status":"open","ping_status":"open","sticky":false,"template":"","format":"standard","meta":{"footnotes":""},"categories":[51],"tags":[],"class_list":["post-29423","post","type-post","status-publish","format-standard","has-post-thumbnail","hentry","category-general"],"_links":{"self":[{"href":"https:\/\/dekkbi.com\/index.php?rest_route=\/wp\/v2\/posts\/29423","targetHints":{"allow":["GET"]}}],"collection":[{"href":"https:\/\/dekkbi.com\/index.php?rest_route=\/wp\/v2\/posts"}],"about":[{"href":"https:\/\/dekkbi.com\/index.php?rest_route=\/wp\/v2\/types\/post"}],"author":[{"embeddable":true,"href":"https:\/\/dekkbi.com\/index.php?rest_route=\/wp\/v2\/users\/1"}],"replies":[{"embeddable":true,"href":"https:\/\/dekkbi.com\/index.php?rest_route=%2Fwp%2Fv2%2Fcomments&post=29423"}],"version-history":[{"count":1,"href":"https:\/\/dekkbi.com\/index.php?rest_route=\/wp\/v2\/posts\/29423\/revisions"}],"predecessor-version":[{"id":29425,"href":"https:\/\/dekkbi.com\/index.php?rest_route=\/wp\/v2\/posts\/29423\/revisions\/29425"}],"wp:featuredmedia":[{"embeddable":true,"href":"https:\/\/dekkbi.com\/index.php?rest_route=\/wp\/v2\/media\/29424"}],"wp:attachment":[{"href":"https:\/\/dekkbi.com\/index.php?rest_route=%2Fwp%2Fv2%2Fmedia&parent=29423"}],"wp:term":[{"taxonomy":"category","embeddable":true,"href":"https:\/\/dekkbi.com\/index.php?rest_route=%2Fwp%2Fv2%2Fcategories&post=29423"},{"taxonomy":"post_tag","embeddable":true,"href":"https:\/\/dekkbi.com\/index.php?rest_route=%2Fwp%2Fv2%2Ftags&post=29423"}],"curies":[{"name":"wp","href":"https:\/\/api.w.org\/{rel}","templated":true}]}}