{"id":2939,"date":"2022-11-09T09:39:43","date_gmt":"2022-11-09T09:39:43","guid":{"rendered":"https:\/\/dekkbi.com\/?p=2939"},"modified":"2022-11-09T16:23:42","modified_gmt":"2022-11-09T16:23:42","slug":"le-groupe-orange-cote-divoire-a-conclu-avec-vanu-inc-un-partenariat-visant-a-fournir-une-connectivite-aux-zones-rurales-de-cote-divoire-ainsi-quaux-filiales-du-groupe-ora","status":"publish","type":"post","link":"https:\/\/dekkbi.com\/?p=2939","title":{"rendered":"Le groupe Orange C\u00f4te d\u2019Ivoire a conclu avec Vanu, Inc. un partenariat visant \u00e0 fournir une connectivit\u00e9 aux zones rurales de C\u00f4te d\u2019Ivoire, ainsi qu\u2019aux filiales du groupe au Burkina et au Liberia"},"content":{"rendered":"\n<p><\/p>\n\n\n\n<figure class=\"wp-block-table\"><table><tbody><tr><td><strong>Le groupe Orange C\u00f4te d&rsquo;Ivoire a conclu avec Vanu, Inc. un partenariat visant \u00e0 fournir une connectivit\u00e9 aux zones rurales de C\u00f4te d&rsquo;Ivoire, ainsi qu&rsquo;aux filiales du groupe Orange C\u00f4te d&rsquo;Ivoire au Burkina Faso et au Liberia<\/strong><\/td><\/tr><tr><td><strong><em>Le partenariat entre Orange et Vanu inclura la fourniture de mises \u00e0 niveau technologiques et sera bas\u00e9 sur le mod\u00e8le innovant \u00ab Network-as-a-Service \u00bb (NaaS)<\/em><\/strong><\/td><\/tr><tr><td><\/td><\/tr><tr><td>LE CAP, Afrique du Sud, 9 novembre 2022\/ &#8212; Orange (<a rel=\"noreferrer noopener\" href=\"https:\/\/r.news.africa-wire.com\/mk\/cl\/f\/G1Ior9w3iqq74QUHf5WLtVzw7gP_Txuvs-jpm5nI4Z3iWJKl2a7Yqr_NwfQFab9rYp65xZZDDYZUCxdSTVQVaNCqoatES5_VKjGcXMEqW591RDao0bJVdRIhWW3KNUbxjd9RcrjDO7LTxvZDAYpC2vWpjxPpb7Y5-dxGG4u7GnA0Jr2Yv34TyCYt77ThJQ\" target=\"_blank\">http:\/\/www.Orange.com<\/a>) et Vanu vont d\u00e9ployer un mod\u00e8le innovant qui permettra un partenariat \u00ab&nbsp;gagnant-gagnant&nbsp;\u00bb entre les deux entreprises qui partageront des opportunit\u00e9s mutuelles. Elles mettront \u00e0 profit les derni\u00e8res technologies mobiles pour acc\u00e9l\u00e9rer le d\u00e9veloppement des projets num\u00e9riques dans les domaines de la sant\u00e9, l&rsquo;agriculture, l&rsquo;\u00e9ducation et les services financiers et bien d&rsquo;autres encore. Cela contribuera \u00e0 am\u00e9liorer l&rsquo;exp\u00e9rience globale des clients d&rsquo;Orange, et gr\u00e2ce \u00e0 son expertise, Vanu facilitera le d\u00e9ploiement de sites dans les zones encore non couvertes de C\u00f4te d&rsquo;Ivoire, du Burkina Faso et du Liberia.Le projet d\u00e9butera avec la mise en place de 1&nbsp;070&nbsp;sites, dont 700 en C\u00f4te d&rsquo;Ivoire, 170 au Burkina Faso et 200 au Liberia.&nbsp;Le partenariat entre Orange et Vanu inclura la fourniture de mises \u00e0 niveau technologiques et sera bas\u00e9 sur le mod\u00e8le innovant \u00ab&nbsp;Network-as-a-Service&nbsp;\u00bb (NaaS).Le groupe Orange C\u00f4te d&rsquo;Ivoire, op\u00e9rateur de r\u00e9seau mobile qui s&rsquo;engage \u00e0 long terme et durablement dans les diff\u00e9rents pays o\u00f9 il op\u00e8re, a ressenti le besoin de rendre plus efficace son mod\u00e8le d&rsquo;investissement en mati\u00e8re de d\u00e9ploiement de la connectivit\u00e9 r\u00e9seau aux r\u00e9gions isol\u00e9es. Avec les filiales du Groupe en C\u00f4te d&rsquo;Ivoire, au Liberia et au Burkina Faso qui rendront les services num\u00e9riques (communications vocales, Internet, \u00e9nergie, etc.) accessibles \u00e0 tous, la qualit\u00e9 de vie des populations rurales sera am\u00e9lior\u00e9e et les in\u00e9galit\u00e9s r\u00e9duites.<strong>Nafy Coulibaly, Directrice g\u00e9n\u00e9rale adjointe charg\u00e9 des op\u00e9rations en C\u00f4te d&rsquo;Ivoire, au Burkina Faso et au Liberia,<\/strong>&nbsp;d\u00e9clare&nbsp;: \u00ab&nbsp;Afin de rendre les services num\u00e9riques accessibles \u00e0 tous, Orange va d\u00e9ployer ses services en am\u00e9liorant\/augmentant strat\u00e9giquement sa couverture r\u00e9seau afin que personne ne soit laiss\u00e9 pour compte. Notre objectif est en effet de fournir un acc\u00e8s libre et gratuit aux services num\u00e9riques, en tout lieu et au plus grand nombre. Orange se f\u00e9licite donc de ce partenariat avec Vanu, car il va permettre de rendre les services num\u00e9riques accessibles aux millions d&rsquo;habitants des zones rurales de C\u00f4te d&rsquo;Ivoire, du Burkina Faso et du Liberia qui n&rsquo;\u00e9taient pas couvertes jusqu&rsquo;alors.&nbsp;\u00bb<strong>Andrew Beard, PDG de Vanu<\/strong>, a de son c\u00f4t\u00e9 indiqu\u00e9&nbsp;: \u00ab&nbsp;C&rsquo;est une fiert\u00e9 pour Vanu de fournir sa technologie et son expertise dans le but de soutenir les objectifs de couverture r\u00e9seau d&rsquo;Orange et notre \u00e9quipe est impatiente de d\u00e9ployer les sites du r\u00e9seau dans les r\u00e9gions jusqu&rsquo;alors non desservies, tant la connectivit\u00e9 \u00e9tendue aura un impact positif significatif et imm\u00e9diat pour les populations de ces r\u00e9gions.&nbsp;\u00bb&nbsp;&nbsp;L&rsquo;ex\u00e9cution de ce projet se fera dans le respect des normes environnementales, ch\u00e8res au groupe Orange. Ce partenariat s&rsquo;inscrit dans le cadre du programme IDEAL d&rsquo;Orange, lequel vise \u00e0 \u00e9tendre la couverture r\u00e9seau dans les zones rurales \u00e0 20&nbsp;millions de personnes gr\u00e2ce \u00e0 la construction de 5000&nbsp;sites en 4&nbsp;ans.<br><br><em>Distribu\u00e9 par APO Group pour Orange.<\/em><\/td><\/tr><\/tbody><\/table><\/figure>\n","protected":false},"excerpt":{"rendered":"<p>Le groupe Orange C\u00f4te d&rsquo;Ivoire a conclu avec Vanu, Inc. un partenariat visant \u00e0 fournir une connectivit\u00e9 aux zones rurales<\/p>\n","protected":false},"author":1,"featured_media":2940,"comment_status":"open","ping_status":"open","sticky":false,"template":"","format":"standard","meta":{"footnotes":""},"categories":[3],"tags":[],"class_list":["post-2939","post","type-post","status-publish","format-standard","has-post-thumbnail","hentry","category-event-more-news"],"_links":{"self":[{"href":"https:\/\/dekkbi.com\/index.php?rest_route=\/wp\/v2\/posts\/2939","targetHints":{"allow":["GET"]}}],"collection":[{"href":"https:\/\/dekkbi.com\/index.php?rest_route=\/wp\/v2\/posts"}],"about":[{"href":"https:\/\/dekkbi.com\/index.php?rest_route=\/wp\/v2\/types\/post"}],"author":[{"embeddable":true,"href":"https:\/\/dekkbi.com\/index.php?rest_route=\/wp\/v2\/users\/1"}],"replies":[{"embeddable":true,"href":"https:\/\/dekkbi.com\/index.php?rest_route=%2Fwp%2Fv2%2Fcomments&post=2939"}],"version-history":[{"count":2,"href":"https:\/\/dekkbi.com\/index.php?rest_route=\/wp\/v2\/posts\/2939\/revisions"}],"predecessor-version":[{"id":3017,"href":"https:\/\/dekkbi.com\/index.php?rest_route=\/wp\/v2\/posts\/2939\/revisions\/3017"}],"wp:featuredmedia":[{"embeddable":true,"href":"https:\/\/dekkbi.com\/index.php?rest_route=\/wp\/v2\/media\/2940"}],"wp:attachment":[{"href":"https:\/\/dekkbi.com\/index.php?rest_route=%2Fwp%2Fv2%2Fmedia&parent=2939"}],"wp:term":[{"taxonomy":"category","embeddable":true,"href":"https:\/\/dekkbi.com\/index.php?rest_route=%2Fwp%2Fv2%2Fcategories&post=2939"},{"taxonomy":"post_tag","embeddable":true,"href":"https:\/\/dekkbi.com\/index.php?rest_route=%2Fwp%2Fv2%2Ftags&post=2939"}],"curies":[{"name":"wp","href":"https:\/\/api.w.org\/{rel}","templated":true}]}}