{"id":29388,"date":"2024-01-14T11:44:52","date_gmt":"2024-01-14T11:44:52","guid":{"rendered":"https:\/\/dekkbi.com\/?p=29388"},"modified":"2024-01-14T11:44:53","modified_gmt":"2024-01-14T11:44:53","slug":"apres-cent-jours-de-guerre-pas-de-repit-pour-gaza-israel-reste-determine","status":"publish","type":"post","link":"https:\/\/dekkbi.com\/?p=29388","title":{"rendered":"Apr\u00e8s cent jours de guerre, pas de r\u00e9pit pour Gaza, Isra\u00ebl reste d\u00e9termin\u00e9"},"content":{"rendered":"\n<p>La guerre entre Isra\u00ebl et le Hamas est entr\u00e9e dimanche 14 janvier dans son centi\u00e8me jour en d\u00e9pit des appels internationaux \u00e0 une tr\u00eave dans le conflit qui a plong\u00e9 la bande de Gaza dans une crise humanitaire majeure.<\/p>\n\n\n\n<p>Ce qu&rsquo;il faut retenir :<\/p>\n\n\n\n<p>\u25a0 \u00ab Personne ne nous arr\u00eatera, ni La Haye, ni \u00ab\u00a0l&rsquo;Axe du Mal\u00a0\u00bb, ni personne d&rsquo;autre \u00bb, a martel\u00e9 Benjamin Netanyahu lors d&rsquo;une conf\u00e9rence de presse dimanche \u00e0 Tel-Aviv, en r\u00e9f\u00e9rence notamment \u00e0 la requ\u00eate de l&rsquo;Afrique du Sud devant la Cour internationale de justice accusant Isra\u00ebl d&rsquo;acte g\u00e9nocidaire \u00e0 Gaza.<\/p>\n\n\n\n<p>\u25a0 Selon le bureau des m\u00e9dias du gouvernement du Hamas, plus de 100 personnes ont \u00e9t\u00e9 tu\u00e9es dans les bombardements isra\u00e9liens nocturnes \u00e0 travers le territoire, notamment \u00e0 Khan Youn\u00e8s.<\/p>\n\n\n\n<p>\u25a0 Les craintes d&rsquo;un embrasement r\u00e9gional grandissent apr\u00e8s de nouvelles frappes am\u00e9ricaines contre les Houthis, des rebelles y\u00e9m\u00e9nites soutenus par l&rsquo;Iran qui multiplient les attaques en mer Rouge contre des navires marchands qui seraient li\u00e9s \u00e0 Isra\u00ebl, en solidarit\u00e9 avec les Palestiniens.<\/p>\n\n\n\n<p>\u25a0 Selon un bilan annonc\u00e9 ce samedi 13 janvier par le minist\u00e8re de la Sant\u00e9 du Hamas, 23 968 personnes ont \u00e9t\u00e9 tu\u00e9es \u00e0 Gaza depuis le d\u00e9but de la guerre, le 7 octobre. Les morts sont en majorit\u00e9 des femmes, des adolescents et des enfants. On d\u00e9nombre plus de 60 000 bless\u00e9s. Apr\u00e8s 99 jours de guerre \u00e0 Gaza, plus de 10 000 enfants \u2013 soit 1% de la population infantile totale de la bande de Gaza \u2013 ont \u00e9t\u00e9 tu\u00e9s, selon un nouveau rapport de Save The Children.<\/p>\n\n\n\n<p><\/p>\n","protected":false},"excerpt":{"rendered":"<p>La guerre entre Isra\u00ebl et le Hamas est entr\u00e9e dimanche 14 janvier dans son centi\u00e8me jour en d\u00e9pit des appels<\/p>\n","protected":false},"author":1,"featured_media":12008,"comment_status":"open","ping_status":"open","sticky":false,"template":"","format":"standard","meta":{"footnotes":""},"categories":[51],"tags":[],"class_list":["post-29388","post","type-post","status-publish","format-standard","has-post-thumbnail","hentry","category-general"],"_links":{"self":[{"href":"https:\/\/dekkbi.com\/index.php?rest_route=\/wp\/v2\/posts\/29388","targetHints":{"allow":["GET"]}}],"collection":[{"href":"https:\/\/dekkbi.com\/index.php?rest_route=\/wp\/v2\/posts"}],"about":[{"href":"https:\/\/dekkbi.com\/index.php?rest_route=\/wp\/v2\/types\/post"}],"author":[{"embeddable":true,"href":"https:\/\/dekkbi.com\/index.php?rest_route=\/wp\/v2\/users\/1"}],"replies":[{"embeddable":true,"href":"https:\/\/dekkbi.com\/index.php?rest_route=%2Fwp%2Fv2%2Fcomments&post=29388"}],"version-history":[{"count":1,"href":"https:\/\/dekkbi.com\/index.php?rest_route=\/wp\/v2\/posts\/29388\/revisions"}],"predecessor-version":[{"id":29389,"href":"https:\/\/dekkbi.com\/index.php?rest_route=\/wp\/v2\/posts\/29388\/revisions\/29389"}],"wp:featuredmedia":[{"embeddable":true,"href":"https:\/\/dekkbi.com\/index.php?rest_route=\/wp\/v2\/media\/12008"}],"wp:attachment":[{"href":"https:\/\/dekkbi.com\/index.php?rest_route=%2Fwp%2Fv2%2Fmedia&parent=29388"}],"wp:term":[{"taxonomy":"category","embeddable":true,"href":"https:\/\/dekkbi.com\/index.php?rest_route=%2Fwp%2Fv2%2Fcategories&post=29388"},{"taxonomy":"post_tag","embeddable":true,"href":"https:\/\/dekkbi.com\/index.php?rest_route=%2Fwp%2Fv2%2Ftags&post=29388"}],"curies":[{"name":"wp","href":"https:\/\/api.w.org\/{rel}","templated":true}]}}